{"id":7453,"date":"2024-06-04T17:35:33","date_gmt":"2024-06-04T20:35:33","guid":{"rendered":"https:\/\/guialimeira.com.br\/2024\/06\/04\/lista-final-de-inscritos-para-residencial-laranjeiras-e-divulgada-sorteio-sera-dia-12\/"},"modified":"2024-06-04T17:35:33","modified_gmt":"2024-06-04T20:35:33","slug":"lista-final-de-inscritos-para-residencial-laranjeiras-e-divulgada-sorteio-sera-dia-12","status":"publish","type":"post","link":"https:\/\/guialimeira.com.br\/news\/lista-final-de-inscritos-para-residencial-laranjeiras-e-divulgada-sorteio-sera-dia-12\/","title":{"rendered":"Lista final de inscritos para Residencial Laranjeiras \u00e9 divulgada; sorteio ser\u00e1 dia 12"},"content":{"rendered":"<p> <br \/>\n<\/p>\n<div>\n            <main class=\"\">&#13;<br \/>\n                &#13;<br \/>\n&#13;<br \/>\n&#13;<br \/>\n&#13;<br \/>\n    <img data-recalc-dims=\"1\" decoding=\"async\" src=\"https:\/\/i0.wp.com\/ecrie.com.br\/sistema\/conteudos\/imagem\/m_137_0_1_04062024165622.jpeg?w=696&#038;ssl=1\" alt=\"Lista final de inscritos para Residencial Laranjeiras \u00e9 divulgada; sorteio ser\u00e1 dia 12\"\/>&#13;<br \/>\n&#13;<\/p>\n<p style=\"text-align: justify;\" align=\"justify\">A lista final dos limeirenses inscritos no programa Nossa Casa, do Governo do Estado de S\u00e3o Paulo, foi publicada nesta ter\u00e7a-feira (4). A iniciativa \u00e9 para interessados nas unidades habitacionais (apartamentos) do Residencial Laranjeiras, no Jd. Manac\u00e1. O sorteio de 121 unidades \u2013 a pre\u00e7o social \u2013 ser\u00e1 realizado pela Secretaria de Desenvolvimento Urbano e Habita\u00e7\u00e3o no dia 12 (quarta-feira), \u00e0s 11h, com transmiss\u00e3o on-line.<\/p>\n<p>&#13;<\/p>\n<p style=\"text-align: justify;\" align=\"justify\">Dentro do programa, a Prefeitura doou o terreno e o Governo Estadual investir\u00e1 R$ 1,5 milh\u00e3o para subsidiar 121 apartamentos. \u201cO munic\u00edpio trabalha em parceria com o Estado para garantir moradia digna, a pre\u00e7o social, \u00e0 popula\u00e7\u00e3o\u201d, afirma o prefeito Mario Botion. \u201cO compromisso da administra\u00e7\u00e3o \u00e9 oferecer mais qualidade de vida aos limeirenses, e o direito \u00e0 habita\u00e7\u00e3o \u00e9 uma etapa importante desse processo\u201d, completa a vice-prefeita Erika Tank.<\/p>\n<p>&#13;<\/p>\n<p style=\"text-align: justify;\" align=\"justify\">Secret\u00e1ria de Habita\u00e7\u00e3o, Marcela Sisc\u00e3o explica que dos 121 beneficiados para o programa, 12 ser\u00e3o sorteados entre os indicados pela Prefeitura de Limeira, considerando-se aspectos de vulnerabilidade social. \u201cEssas fam\u00edlias fazem parte do programa Aluguel Social e foram indicadas pelo Centro de Promo\u00e7\u00e3o Social Municipal (Ceprosom)\u201d, observa.<\/p>\n<p>&#13;<\/p>\n<p style=\"text-align: justify;\" align=\"justify\"><span style=\"font-size: 13.33px;\">Para acompanhar o sorteio, basta acessar os canais do YouTube da Prefeitura (<\/span><a style=\"font-size: 13.33px;\" href=\"https:\/\/www.youtube.com\/preflimeira\" rel=\"noopener\">youtube.com\/preflimeira<\/a><span style=\"font-size: 13.33px;\">) ou da Secretaria de Desenvolvimento Urbano e Habita\u00e7\u00e3o (<\/span><a style=\"font-size: 13.33px;\" href=\"http:\/\/limeira.sp.gov.br\/cdn-cgi\/l\/email-protection#f1889e8485849394df929e9cdeb199909398859092909eae8281\" rel=\"noopener\">youtube.com\/@habitacao_sp<\/a><span style=\"font-size: 13.33px;\">). Um comunicado com o resultado dos recursos e a lista final de inscritos foi publicado na edi\u00e7\u00e3o desta ter\u00e7a-feira no Jornal Oficial do Munic\u00edpio (acess\u00edvel pelo <\/span><a style=\"font-size: 13.33px;\" href=\"http:\/\/www.limeira.sp.gov.br\/jornaloficial\" rel=\"noopener\">www.limeira.sp.gov.br\/jornaloficial<\/a><span style=\"font-size: 13.33px;\">).<\/span><\/p>\n<p>&#13;<br \/>\n&#13;<br \/>\n&#13;<br \/>\n&#13;<\/p>\n<aside class=\"list-related no-print\">&#13;<br \/>\n        &#13;<br \/>\n&#13;<\/p>\n<article class=\"list-item noticias \">&#13;<br \/>\n                    <a class=\"list-item__img\" href=\"https:\/\/limeira.sp.gov.br\/imprensa\/noticias\/habitacao\/apos-obras-secretaria-de-habitacao-suspende-atendimento-presencial-na-quinta-e-na-sexta-para-adequacao\" tabindex=\"-1\" aria-hidden=\"true\" rel=\"noopener\">&#13;<br \/>\n                        <img data-recalc-dims=\"1\" decoding=\"async\" src=\"https:\/\/i0.wp.com\/ecrie.com.br\/sistema\/conteudos\/imagem\/m_137_0_1_08052024174722.jpg?w=696&#038;ssl=1\" alt=\"Ap\u00f3s obras, Secretaria de Habita\u00e7\u00e3o suspende atendimento presencial na quinta e na sexta para adequa\u00e7\u00e3o\"\/>&#13;<br \/>\n                    <\/a>&#13;<br \/>\n&#13;<br \/>\n                &#13;<br \/>\n            <\/article>\n<p>&#13;<\/p>\n<article class=\"list-item noticias \">&#13;<br \/>\n                    <a class=\"list-item__img\" href=\"https:\/\/limeira.sp.gov.br\/imprensa\/noticias\/habitacao\/botion-fala-em-nome-de-prefeitos-em-anuncio-de-tarcisio-sobre-moradias\" tabindex=\"-1\" aria-hidden=\"true\" rel=\"noopener\">&#13;<br \/>\n                        <img data-recalc-dims=\"1\" decoding=\"async\" src=\"https:\/\/i0.wp.com\/ecrie.com.br\/sistema\/conteudos\/imagem\/m_137_0_6_26042024170352.jpg?w=696&#038;ssl=1\" alt=\"Botion fala em nome de prefeitos em an\u00fancio de Tarc\u00edsio sobre moradias\"\/>&#13;<br \/>\n                    <\/a>&#13;<br \/>\n&#13;<br \/>\n                &#13;<br \/>\n            <\/article>\n<p>&#13;<\/p>\n<article class=\"list-item noticias \">&#13;<br \/>\n                    <a class=\"list-item__img\" href=\"https:\/\/limeira.sp.gov.br\/imprensa\/noticias\/habitacao\/prazo-para-inscricao-em-programa-de-moradia-e-prorrogado-ate-8-de-maio\" tabindex=\"-1\" aria-hidden=\"true\" rel=\"noopener\">&#13;<br \/>\n                        <img data-recalc-dims=\"1\" decoding=\"async\" src=\"https:\/\/i0.wp.com\/ecrie.com.br\/sistema\/conteudos\/imagem\/m_137_0_1_19042024180145.jpg?w=696&#038;ssl=1\" alt=\"Prazo para inscri\u00e7\u00e3o em programa de moradia \u00e9 prorrogado at\u00e9 8 de maio\"\/>&#13;<br \/>\n                    <\/a>&#13;<br \/>\n&#13;<br \/>\n                &#13;<br \/>\n            <\/article>\n<p>&#13;<br \/>\n    <\/aside>\n<p>&#13;<br \/>\n&#13;<br \/>\n            <\/main><\/p><\/div>\n<p><br \/>\n<br \/><a href=\"https:\/\/limeira.sp.gov.br\/lista-final-de-inscritos-para-residencial-laranjeiras-e-divulgada-sorteio-sera-dia-12\" rel=\"noopener\">Informa\u00e7\u00f5es da PML <\/a><\/p>\n","protected":false},"excerpt":{"rendered":"<p>&#13; &#13; &#13; &#13; &#13; &#13; &#13; A lista final dos limeirenses inscritos no programa Nossa Casa, do Governo do Estado de S\u00e3o Paulo, foi publicada nesta ter\u00e7a-feira (4). A iniciativa \u00e9 para interessados nas unidades habitacionais (apartamentos) do Residencial Laranjeiras, no Jd. Manac\u00e1. O sorteio de 121 unidades \u2013 a pre\u00e7o social \u2013 ser\u00e1 [&hellip;]<\/p>\n","protected":false},"author":1,"featured_media":7454,"comment_status":"open","ping_status":"open","sticky":false,"template":"","format":"standard","meta":{"_jetpack_newsletter_access":"","_jetpack_dont_email_post_to_subs":false,"_jetpack_newsletter_tier_id":0,"_jetpack_memberships_contains_paywalled_content":false,"_mbp_banners":[],"_jetpack_feature_clip_id":0,"_jetpack_memberships_contains_paid_content":false,"footnotes":"","jetpack_publicize_message":"","jetpack_publicize_feature_enabled":true,"jetpack_social_post_already_shared":true,"jetpack_social_options":{"image_generator_settings":{"template":"highway","default_image_id":0,"font":"","enabled":false},"version":2},"jetpack_post_was_ever_published":false},"categories":[16],"tags":[],"class_list":["post-7453","post","type-post","status-publish","format-standard","has-post-thumbnail","category-local"],"jetpack_publicize_connections":[],"jetpack-related-posts":[],"jetpack_shortlink":"https:\/\/wp.me\/p7Eq1F-1Wd","jetpack_sharing_enabled":true,"jetpack_featured_media_url":"https:\/\/i0.wp.com\/guialimeira.com.br\/news\/wp-content\/uploads\/2024\/06\/m_137_0_1_04062024165622.jpeg?fit=1600%2C900&ssl=1","_links":{"self":[{"href":"https:\/\/guialimeira.com.br\/news\/wp-json\/wp\/v2\/posts\/7453","targetHints":{"allow":["GET"]}}],"collection":[{"href":"https:\/\/guialimeira.com.br\/news\/wp-json\/wp\/v2\/posts"}],"about":[{"href":"https:\/\/guialimeira.com.br\/news\/wp-json\/wp\/v2\/types\/post"}],"author":[{"embeddable":true,"href":"https:\/\/guialimeira.com.br\/news\/wp-json\/wp\/v2\/users\/1"}],"replies":[{"embeddable":true,"href":"https:\/\/guialimeira.com.br\/news\/wp-json\/wp\/v2\/comments?post=7453"}],"version-history":[{"count":0,"href":"https:\/\/guialimeira.com.br\/news\/wp-json\/wp\/v2\/posts\/7453\/revisions"}],"wp:featuredmedia":[{"embeddable":true,"href":"https:\/\/guialimeira.com.br\/news\/wp-json\/wp\/v2\/media\/7454"}],"wp:attachment":[{"href":"https:\/\/guialimeira.com.br\/news\/wp-json\/wp\/v2\/media?parent=7453"}],"wp:term":[{"taxonomy":"category","embeddable":true,"href":"https:\/\/guialimeira.com.br\/news\/wp-json\/wp\/v2\/categories?post=7453"},{"taxonomy":"post_tag","embeddable":true,"href":"https:\/\/guialimeira.com.br\/news\/wp-json\/wp\/v2\/tags?post=7453"}],"curies":[{"name":"wp","href":"https:\/\/api.w.org\/{rel}","templated":true}]}}