{"id":74528,"date":"2026-08-14T14:36:53","date_gmt":"2026-08-14T17:36:53","guid":{"rendered":"https:\/\/guialimeira.com.br\/luisa-perisse-revela-casamento-intimista-com-rafael-coimbra-e-escolhe-cerimonia-ligada-a-umbanda\/"},"modified":"2026-08-14T14:36:53","modified_gmt":"2026-08-14T17:36:53","slug":"luisa-perisse-revela-casamento-intimista-com-rafael-coimbra-e-escolhe-cerimonia-ligada-a-umbanda","status":"publish","type":"post","link":"https:\/\/guialimeira.com.br\/news\/luisa-perisse-revela-casamento-intimista-com-rafael-coimbra-e-escolhe-cerimonia-ligada-a-umbanda\/","title":{"rendered":"Luisa P\u00e9riss\u00e9 revela casamento intimista com Rafael Coimbra e escolhe cerim\u00f4nia ligada \u00e0 umbanda"},"content":{"rendered":"<p>Luisa P\u00e9riss\u00e9 contou novidades sobre os planos de casamento com o ator Rafael Coimbra, com quem est\u00e1 em um relacionamento h\u00e1 cerca de tr\u00eas anos. A humorista revelou que a celebra\u00e7\u00e3o dever\u00e1 fugir dos formatos tradicionais e acontecer em casa, com uma cerim\u00f4nia que tamb\u00e9m ter\u00e1 liga\u00e7\u00e3o com a umbanda.<\/p>\n<p>A escolha reflete a inten\u00e7\u00e3o do casal de transformar o casamento em um momento mais pessoal e reservado. Em vez de uma grande festa, Luisa pretende reunir pessoas pr\u00f3ximas em um ambiente familiar e incluir na celebra\u00e7\u00e3o elementos que tenham significado para os dois.<\/p>\n<p>Ao comentar o assunto, a humorista resumiu a proposta dizendo que ser\u00e1 \u201ctudo em casa\u201d. A ideia \u00e9 aproveitar o pr\u00f3prio espa\u00e7o para realizar a cerim\u00f4nia e criar uma atmosfera mais \u00edntima.<\/p>\n<p>A umbanda tamb\u00e9m ter\u00e1 participa\u00e7\u00e3o nesse momento. Luisa revelou que deseja uma cerim\u00f4nia dentro dessa tradi\u00e7\u00e3o espiritual, mostrando que a celebra\u00e7\u00e3o ser\u00e1 constru\u00edda de acordo com valores e cren\u00e7as importantes em sua vida.<\/p>\n<p>O relacionamento com Rafael Coimbra j\u00e1 dura aproximadamente tr\u00eas anos. Desde o in\u00edcio da uni\u00e3o, os dois mant\u00eam uma rela\u00e7\u00e3o que combina vida pessoal e afinidades ligadas ao meio art\u00edstico.<\/p>\n<p>Rafael \u00e9 ator, assim como outros integrantes da fam\u00edlia e do c\u00edrculo profissional de Luisa. A experi\u00eancia semelhante tamb\u00e9m contribui para que os dois compartilhem uma rotina marcada por compromissos ligados \u00e0 carreira.<\/p>\n<p>Agora, a rela\u00e7\u00e3o chega a uma nova etapa com os planos de casamento.<\/p>\n<p>A decis\u00e3o de fazer a cerim\u00f4nia em casa refor\u00e7a o desejo de evitar uma produ\u00e7\u00e3o excessivamente grandiosa. Para Luisa, a import\u00e2ncia do momento est\u00e1 mais na experi\u00eancia e nas pessoas presentes do que no tamanho da festa.<\/p>\n<p>O casamento dever\u00e1 reunir familiares e amigos pr\u00f3ximos, criando um ambiente de conviv\u00eancia e celebra\u00e7\u00e3o.<\/p>\n<p>A escolha da umbanda acrescenta outro elemento \u00e0 cerim\u00f4nia. Em vez de simplesmente seguir um modelo convencional, o casal pretende incluir uma dimens\u00e3o espiritual no momento em que oficializar a uni\u00e3o.<\/p>\n<p>Luisa n\u00e3o revelou todos os detalhes de como a cerim\u00f4nia ser\u00e1 realizada. Ainda assim, deixou claro que a proposta ser\u00e1 diferente de um casamento tradicional.<\/p>\n<p>A ideia de realizar o evento dentro de casa tamb\u00e9m permite que cada detalhe seja pensado de maneira personalizada. Desde a organiza\u00e7\u00e3o do espa\u00e7o at\u00e9 a participa\u00e7\u00e3o dos convidados, tudo poder\u00e1 seguir o estilo escolhido pelo casal.<\/p>\n<p>Depois de tr\u00eas anos juntos, Luisa e Rafael parecem estar preparando um momento que represente a hist\u00f3ria constru\u00edda ao longo do relacionamento.<\/p>\n<p>A humorista tamb\u00e9m demonstrou tranquilidade ao falar sobre o assunto. O casamento n\u00e3o foi apresentado como uma grande produ\u00e7\u00e3o, mas como uma celebra\u00e7\u00e3o pr\u00f3xima e carregada de significado.<\/p>\n<p>A op\u00e7\u00e3o por uma cerim\u00f4nia ligada \u00e0 umbanda refor\u00e7a justamente essa inten\u00e7\u00e3o. A religi\u00e3o far\u00e1 parte de um momento importante para o casal, aproximando a celebra\u00e7\u00e3o de aspectos pessoais da vida de Luisa.<\/p>\n<p>A proposta tamb\u00e9m mostra como os casamentos podem assumir formatos cada vez mais particulares. Para alguns casais, a prefer\u00eancia \u00e9 por grandes festas; para outros, uma cerim\u00f4nia menor e realizada em casa pode representar melhor o momento vivido.<\/p>\n<p>No caso de Luisa e Rafael, a escolha parece seguir esse segundo caminho.<\/p>\n<p>A casa ser\u00e1 o cen\u00e1rio principal, enquanto a espiritualidade dar\u00e1 um significado especial \u00e0 cerim\u00f4nia. A presen\u00e7a de pessoas pr\u00f3ximas deve completar a proposta de uma celebra\u00e7\u00e3o mais acolhedora.<\/p>\n<p>Mesmo sem uma data ou todos os detalhes divulgados, o casamento j\u00e1 come\u00e7a a ganhar forma.<\/p>\n<p>Luisa P\u00e9riss\u00e9 e Rafael Coimbra est\u00e3o juntos h\u00e1 cerca de tr\u00eas anos e agora se preparam para oficializar a rela\u00e7\u00e3o de uma maneira que foge do convencional.<\/p>\n<p>A humorista deixou claro que n\u00e3o busca apenas organizar uma festa. O objetivo \u00e9 construir um momento que tenha identidade e represente a rela\u00e7\u00e3o dos dois.<\/p>\n<p>Com a escolha de realizar \u201ctudo em casa\u201d e incluir uma cerim\u00f4nia na umbanda, Luisa mostra que pretende transformar o casamento em uma celebra\u00e7\u00e3o \u00edntima, espiritual e alinhada \u00e0 pr\u00f3pria hist\u00f3ria.<\/p>\n<p>Assim, o pr\u00f3ximo cap\u00edtulo da rela\u00e7\u00e3o dever\u00e1 ser marcado menos pela grandiosidade e mais pelo significado.<\/p>\n<p><\/p>\n","protected":false},"excerpt":{"rendered":"<p>Luisa P\u00e9riss\u00e9 contou novidades sobre os planos de casamento com o ator Rafael Coimbra, com quem est\u00e1 em um relacionamento h\u00e1 cerca de tr\u00eas anos. A humorista revelou que a celebra\u00e7\u00e3o dever\u00e1 fugir dos formatos tradicionais e acontecer em casa, com uma cerim\u00f4nia que tamb\u00e9m ter\u00e1 liga\u00e7\u00e3o com a umbanda. A escolha reflete a inten\u00e7\u00e3o [\u2026]<\/p>\n","protected":false},"author":5,"featured_media":0,"comment_status":"","ping_status":"open","sticky":false,"template":"","format":"standard","meta":{"_jetpack_newsletter_access":"","_jetpack_dont_email_post_to_subs":false,"_jetpack_newsletter_tier_id":0,"_jetpack_memberships_contains_paywalled_content":false,"_mbp_banners":[],"_jetpack_feature_clip_id":0,"_jetpack_memberships_contains_paid_content":false,"footnotes":"","jetpack_publicize_message":"","jetpack_publicize_feature_enabled":true,"jetpack_social_post_already_shared":true,"jetpack_social_options":{"image_generator_settings":{"template":"highway","default_image_id":0,"font":"","enabled":false},"version":2},"jetpack_post_was_ever_published":false},"categories":[],"tags":[],"class_list":["post-74528","post","type-post","status-publish","format-standard"],"jetpack_publicize_connections":[],"jetpack-related-posts":[],"jetpack_shortlink":"https:\/\/wp.me\/p7Eq1F-jo4","jetpack_sharing_enabled":true,"jetpack_featured_media_url":"","_links":{"self":[{"href":"https:\/\/guialimeira.com.br\/news\/wp-json\/wp\/v2\/posts\/74528","targetHints":{"allow":["GET"]}}],"collection":[{"href":"https:\/\/guialimeira.com.br\/news\/wp-json\/wp\/v2\/posts"}],"about":[{"href":"https:\/\/guialimeira.com.br\/news\/wp-json\/wp\/v2\/types\/post"}],"author":[{"embeddable":true,"href":"https:\/\/guialimeira.com.br\/news\/wp-json\/wp\/v2\/users\/5"}],"replies":[{"embeddable":true,"href":"https:\/\/guialimeira.com.br\/news\/wp-json\/wp\/v2\/comments?post=74528"}],"version-history":[{"count":0,"href":"https:\/\/guialimeira.com.br\/news\/wp-json\/wp\/v2\/posts\/74528\/revisions"}],"wp:attachment":[{"href":"https:\/\/guialimeira.com.br\/news\/wp-json\/wp\/v2\/media?parent=74528"}],"wp:term":[{"taxonomy":"category","embeddable":true,"href":"https:\/\/guialimeira.com.br\/news\/wp-json\/wp\/v2\/categories?post=74528"},{"taxonomy":"post_tag","embeddable":true,"href":"https:\/\/guialimeira.com.br\/news\/wp-json\/wp\/v2\/tags?post=74528"}],"curies":[{"name":"wp","href":"https:\/\/api.w.org\/{rel}","templated":true}]}}