{"id":74519,"date":"2026-08-14T14:15:04","date_gmt":"2026-08-14T17:15:04","guid":{"rendered":"https:\/\/guialimeira.com.br\/barbara-heck-relembra-descoberta-da-gravidez-e-fala-sobre-perda-gestacional\/"},"modified":"2026-08-14T14:15:04","modified_gmt":"2026-08-14T17:15:04","slug":"barbara-heck-relembra-descoberta-da-gravidez-e-fala-sobre-perda-gestacional","status":"publish","type":"post","link":"https:\/\/guialimeira.com.br\/news\/barbara-heck-relembra-descoberta-da-gravidez-e-fala-sobre-perda-gestacional\/","title":{"rendered":"B\u00e1rbara Heck relembra descoberta da gravidez e fala sobre perda gestacional"},"content":{"rendered":"<p>B\u00e1rbara Heck compartilhou um relato delicado com os seguidores ao falar sobre a perda gestacional que enfrentou. A ex-BBB publicou registros do momento em que descobriu a gravidez e aproveitou a lembran\u00e7a para refletir sobre a experi\u00eancia e a maneira como vem tentando lidar com o luto.<\/p>\n<p>As imagens mostram uma fase que come\u00e7ou cercada de expectativa e felicidade. Ao revisitar aqueles registros, B\u00e1rbara decidiu dividir com o p\u00fablico uma parte bastante \u00edntima de sua hist\u00f3ria.<\/p>\n<p>A gravidez n\u00e3o seguiu o caminho que ela imaginava. Diante da perda, a ex-BBB passou a enfrentar uma nova realidade e encontrou na f\u00e9 uma forma de buscar conforto.<\/p>\n<p>Em sua mensagem, B\u00e1rbara falou sobre continuar acreditando nos planos de Deus. A declara\u00e7\u00e3o revelou uma tentativa de olhar para o futuro mesmo diante de uma situa\u00e7\u00e3o que provocou tristeza e mudou os planos que havia feito.<\/p>\n<p>A publica\u00e7\u00e3o tamb\u00e9m mostrou como uma mesma lembran\u00e7a pode ganhar novos significados com o passar do tempo. As imagens da descoberta, que inicialmente representavam o come\u00e7o de uma nova etapa, agora fazem parte da mem\u00f3ria de uma experi\u00eancia que terminou de maneira dolorosa.<\/p>\n<p>B\u00e1rbara optou por n\u00e3o transformar o desabafo em uma exposi\u00e7\u00e3o detalhada dos acontecimentos. Ela preferiu falar sobre os sentimentos e compartilhar registros que representam aquele per\u00edodo.<\/p>\n<p>A rea\u00e7\u00e3o dos seguidores foi marcada por mensagens de apoio. Muitos demonstraram carinho pela ex-BBB e enviaram palavras de conforto depois que ela decidiu falar publicamente sobre a perda.<\/p>\n<p>O momento tamb\u00e9m chamou aten\u00e7\u00e3o pela sinceridade do relato. B\u00e1rbara, que costuma dividir diferentes aspectos da vida nas redes sociais, mostrou uma vers\u00e3o mais vulner\u00e1vel ao abordar uma experi\u00eancia t\u00e3o pessoal.<\/p>\n<p>O luto provocado por uma perda gestacional pode ser vivido de maneiras diferentes. Para algumas pessoas, falar sobre o assunto ajuda a preservar a mem\u00f3ria e a encontrar acolhimento; para outras, o sil\u00eancio \u00e9 parte do processo.<\/p>\n<p>No caso de B\u00e1rbara, a escolha foi compartilhar. Ao publicar os registros, ela mostrou que aquela gravidez teve import\u00e2ncia em sua vida e que as lembran\u00e7as continuam fazendo parte de sua hist\u00f3ria.<\/p>\n<p>A f\u00e9 aparece como um dos pilares dessa nova fase. Ao afirmar que segue acreditando nos planos de Deus, a ex-BBB demonstrou esperan\u00e7a apesar da frustra\u00e7\u00e3o provocada pela perda.<\/p>\n<p>A mensagem n\u00e3o esconde a tristeza, mas aponta para uma tentativa de seguir adiante. B\u00e1rbara parece estar procurando equil\u00edbrio entre respeitar o pr\u00f3prio tempo de luto e manter a confian\u00e7a de que novos cap\u00edtulos vir\u00e3o.<\/p>\n<p>A publica\u00e7\u00e3o tamb\u00e9m gerou identifica\u00e7\u00e3o entre seguidores que passaram por situa\u00e7\u00f5es semelhantes. O espa\u00e7o de coment\u00e1rios se tornou uma demonstra\u00e7\u00e3o de solidariedade \u00e0 ex-BBB.<\/p>\n<p>Para B\u00e1rbara, dividir a experi\u00eancia pode representar uma forma de transformar uma lembran\u00e7a dolorosa em parte de uma trajet\u00f3ria de supera\u00e7\u00e3o. Ao mesmo tempo, ela preservou a import\u00e2ncia daquele momento ao mostrar as imagens da descoberta da gesta\u00e7\u00e3o.<\/p>\n<p>A ex-BBB ainda est\u00e1 atravessando esse per\u00edodo e n\u00e3o precisa ter todas as respostas imediatamente. O processo de lidar com uma perda \u00e9 individual e pode levar tempo.<\/p>\n<p>Por enquanto, ela segue buscando apoio na f\u00e9 e nas pessoas pr\u00f3ximas. A mensagem publicada nas redes sociais mostrou que, mesmo diante da dor, existe o desejo de continuar olhando para frente.<\/p>\n<p>As imagens da gravidez permanecer\u00e3o como registro de uma fase que trouxe esperan\u00e7a e expectativa. Agora, elas tamb\u00e9m representam uma lembran\u00e7a que B\u00e1rbara decidiu guardar e compartilhar.<\/p>\n<p>Ao falar sobre o assunto, a ex-BBB mostrou que sua hist\u00f3ria n\u00e3o \u00e9 feita apenas de momentos felizes. Tamb\u00e9m existem fases dif\u00edceis que precisam ser vividas com tempo, acolhimento e respeito.<\/p>\n<p>B\u00e1rbara Heck encerrou o desabafo refor\u00e7ando sua confian\u00e7a no futuro. A perda mudou os planos, mas n\u00e3o apagou a esperan\u00e7a de que novos caminhos possam surgir.<\/p>\n<p><\/p>\n","protected":false},"excerpt":{"rendered":"<p>B\u00e1rbara Heck compartilhou um relato delicado com os seguidores ao falar sobre a perda gestacional que enfrentou. A ex-BBB publicou registros do momento em que descobriu a gravidez e aproveitou a lembran\u00e7a para refletir sobre a experi\u00eancia e a maneira como vem tentando lidar com o luto. As imagens mostram uma fase que come\u00e7ou cercada [\u2026]<\/p>\n","protected":false},"author":5,"featured_media":0,"comment_status":"","ping_status":"open","sticky":false,"template":"","format":"standard","meta":{"_jetpack_newsletter_access":"","_jetpack_dont_email_post_to_subs":false,"_jetpack_newsletter_tier_id":0,"_jetpack_memberships_contains_paywalled_content":false,"_mbp_banners":[],"_jetpack_feature_clip_id":0,"_jetpack_memberships_contains_paid_content":false,"footnotes":"","jetpack_publicize_message":"","jetpack_publicize_feature_enabled":true,"jetpack_social_post_already_shared":true,"jetpack_social_options":{"image_generator_settings":{"template":"highway","default_image_id":0,"font":"","enabled":false},"version":2},"jetpack_post_was_ever_published":false},"categories":[],"tags":[],"class_list":["post-74519","post","type-post","status-publish","format-standard"],"jetpack_publicize_connections":[],"jetpack-related-posts":[],"jetpack_shortlink":"https:\/\/wp.me\/p7Eq1F-jnV","jetpack_sharing_enabled":true,"jetpack_featured_media_url":"","_links":{"self":[{"href":"https:\/\/guialimeira.com.br\/news\/wp-json\/wp\/v2\/posts\/74519","targetHints":{"allow":["GET"]}}],"collection":[{"href":"https:\/\/guialimeira.com.br\/news\/wp-json\/wp\/v2\/posts"}],"about":[{"href":"https:\/\/guialimeira.com.br\/news\/wp-json\/wp\/v2\/types\/post"}],"author":[{"embeddable":true,"href":"https:\/\/guialimeira.com.br\/news\/wp-json\/wp\/v2\/users\/5"}],"replies":[{"embeddable":true,"href":"https:\/\/guialimeira.com.br\/news\/wp-json\/wp\/v2\/comments?post=74519"}],"version-history":[{"count":0,"href":"https:\/\/guialimeira.com.br\/news\/wp-json\/wp\/v2\/posts\/74519\/revisions"}],"wp:attachment":[{"href":"https:\/\/guialimeira.com.br\/news\/wp-json\/wp\/v2\/media?parent=74519"}],"wp:term":[{"taxonomy":"category","embeddable":true,"href":"https:\/\/guialimeira.com.br\/news\/wp-json\/wp\/v2\/categories?post=74519"},{"taxonomy":"post_tag","embeddable":true,"href":"https:\/\/guialimeira.com.br\/news\/wp-json\/wp\/v2\/tags?post=74519"}],"curies":[{"name":"wp","href":"https:\/\/api.w.org\/{rel}","templated":true}]}}