{"id":7447,"date":"2024-06-04T17:22:52","date_gmt":"2024-06-04T20:22:52","guid":{"rendered":"https:\/\/guialimeira.com.br\/2024\/06\/04\/brasil-atropela-alemanha-em-abertura-da-2a-semana-da-ligas-das-nacoes\/"},"modified":"2024-06-04T17:22:52","modified_gmt":"2024-06-04T20:22:52","slug":"brasil-atropela-alemanha-em-abertura-da-2a-semana-da-ligas-das-nacoes","status":"publish","type":"post","link":"https:\/\/guialimeira.com.br\/news\/brasil-atropela-alemanha-em-abertura-da-2a-semana-da-ligas-das-nacoes\/","title":{"rendered":"Brasil atropela Alemanha em abertura da 2\u00aa semana da Ligas das Na\u00e7\u00f5es"},"content":{"rendered":"<p> <br \/>\n<\/p>\n<div>\n<p>A sele\u00e7\u00e3o brasileira masculina passeou em quadra contra a Alemanha na abertura da segunda semana da Liga das Na\u00e7\u00f5es de V\u00f4lei (LNV), em Fukuoka (Jap\u00e3o). Na madrugada desta ter\u00e7a-feira (4), a equipe comandada pelo t\u00e9cnico Bernardinho aplicou 3 sets a 0 (25\/15, 25\/16, 25\/15) nos advers\u00e1rios, em apenas 1h e 17 minutos de partida. O pr\u00f3ximo duelo ser\u00e1 contra o Ir\u00e3, \u00e0 meia-noite (hor\u00e1rio de Bras\u00edlia) de quarta-feira (5).<img data-recalc-dims=\"1\" decoding=\"async\" src=\"https:\/\/i0.wp.com\/agenciabrasil.ebc.com.br\/ebc.png?w=696&#038;ssl=1\" style=\"width:1px; height:1px; display:inline;\"\/><img data-recalc-dims=\"1\" decoding=\"async\" src=\"https:\/\/i0.wp.com\/agenciabrasil.ebc.com.br\/ebc.gif?w=696&#038;ssl=1\" style=\"width:1px; height:1px; display:inline;\"\/><\/p>\n<p>Lucarelli foi o maior pontuador da partida, com 16 pontos, seguido do tamb\u00e9m ponteiro Lukas Bergmann, que atuou pela primeira vez como titular na LNV e anotou 11 pontos, mesmo total de Darlan.<\/p>\n<blockquote class=\"twitter-tweet\">\n<p dir=\"ltr\" lang=\"pt\" xml:lang=\"pt\">O ponteiro Lukas Bergmann fez sua estreia na <a href=\"https:\/\/twitter.com\/hashtag\/LigadasNa%C3%A7%C3%B5es?src=hash&amp;ref_src=twsrc%5Etfw\" rel=\"noopener\">#LigadasNa\u00e7\u00f5es<\/a> <a href=\"https:\/\/twitter.com\/hashtag\/VNL?src=hash&amp;ref_src=twsrc%5Etfw\" rel=\"noopener\">#VNL<\/a> e marcou 11 pontos na vit\u00f3ria sobre a Alemanha por 3 a 0. Voa, garoto! \ud83d\ude80\ud83e\udd29\ud83d\udc4f <a href=\"https:\/\/t.co\/W9Qgp5hY4v\">pic.twitter.com\/W9Qgp5hY4v<\/a><\/p>\n<p>\u2014 V\u00f4lei Brasil (@volei) <a href=\"https:\/\/twitter.com\/volei\/status\/1797869503638106342?ref_src=twsrc%5Etfw\" rel=\"noopener\">June 4, 2024<\/a><\/p><\/blockquote>\n<p>Outra atua\u00e7\u00e3o de destaque foi do levantador Fernando Cachopa. Ele entrou no lugar de Bruninho, poupado por conta de uma les\u00e3o na panturrilha. Al\u00e9m de Cachopa, a sele\u00e7\u00e3o conta com novo refor\u00e7o nesta segunda semana da LNV: \u00a0o levantador Matheus Bras\u00edlia foi convocado na segunda (3) para substituir Bruninho. \u00a0<\/p>\n<p>Com o triunfo de hoje (4), o Brasil ocupa a s\u00e9tima posi\u00e7\u00e3o na tabela, com nove pontos (vit\u00f3rias em cinco jogos). J\u00e1 a Alemanha \u00e9 a 11\u00aa colocada (3 pontos).<\/p>\n<p>A LNV re\u00fane as 16 sele\u00e7\u00f5es mais bem ranqueadas do mundo.\u00a0 Apenas os sete primeiros colocados mais a Pol\u00f4nia (pa\u00eds sede da etapa final) avan\u00e7ar\u00e3o \u00e0 fase final da competi\u00e7\u00e3o. J\u00e1 classificado para a Olimp\u00edada de Paris, o Brasil busca o bicampeonato &#8211; o primeiro foi em 2021. A equipe vencedora e a vice garantem ser\u00e3o cabe\u00e7as de chave na divis\u00e3o de grupos nos Jogos de Paris.<\/p>\n<h2>Jogos do Brasil &#8211; 2\u00aa semana<\/h2>\n<p>Quarta-feira (5) &#8211; 24h (meia-noite) \u2013 Brasil x Ir\u00e3<\/p>\n<p>Sexta (7) &#8211; 3h30 &#8211; Brasil x Eslov\u00eania<\/p>\n<p>S\u00e1bado (8) &#8211; 3h30 \u2013 Brasil x Pol\u00f4nia<\/p>\n<\/p><\/div>\n<p><script async src=\"\/\/platform.twitter.com\/widgets.js\" charset=\"utf-8\"><\/script><br \/>\n<br \/><br \/>\n<br \/><a href=\"https:\/\/agenciabrasil.ebc.com.br\/esportes\/noticia\/2024-06\/brasil-atropela-alemanha-em-abertura-da-2a-semana-da-ligas-das-nacoes\" rel=\"noopener\">Ag\u00eancia Brasil<\/a><\/p>\n","protected":false},"excerpt":{"rendered":"<p>A sele\u00e7\u00e3o brasileira masculina passeou em quadra contra a Alemanha na abertura da segunda semana da Liga das Na\u00e7\u00f5es de V\u00f4lei (LNV), em Fukuoka (Jap\u00e3o). Na madrugada desta ter\u00e7a-feira (4), a equipe comandada pelo t\u00e9cnico Bernardinho aplicou 3 sets a 0 (25\/15, 25\/16, 25\/15) nos advers\u00e1rios, em apenas 1h e 17 minutos de partida. O [&hellip;]<\/p>\n","protected":false},"author":1,"featured_media":7448,"comment_status":"open","ping_status":"open","sticky":false,"template":"","format":"standard","meta":{"_jetpack_newsletter_access":"","_jetpack_dont_email_post_to_subs":false,"_jetpack_newsletter_tier_id":0,"_jetpack_memberships_contains_paywalled_content":false,"_mbp_banners":[],"_jetpack_feature_clip_id":0,"_jetpack_memberships_contains_paid_content":false,"footnotes":"","jetpack_publicize_message":"","jetpack_publicize_feature_enabled":true,"jetpack_social_post_already_shared":true,"jetpack_social_options":{"image_generator_settings":{"template":"highway","default_image_id":0,"font":"","enabled":false},"version":2},"jetpack_post_was_ever_published":false},"categories":[23],"tags":[],"class_list":["post-7447","post","type-post","status-publish","format-standard","has-post-thumbnail","category-esportes"],"jetpack_publicize_connections":[],"jetpack-related-posts":[],"jetpack_shortlink":"https:\/\/wp.me\/p7Eq1F-1W7","jetpack_sharing_enabled":true,"jetpack_featured_media_url":"https:\/\/i0.wp.com\/guialimeira.com.br\/news\/wp-content\/uploads\/2024\/06\/brasil_3_x_0_alemanha_lnv_masc_2024.jpg?fit=1600%2C800&ssl=1","_links":{"self":[{"href":"https:\/\/guialimeira.com.br\/news\/wp-json\/wp\/v2\/posts\/7447","targetHints":{"allow":["GET"]}}],"collection":[{"href":"https:\/\/guialimeira.com.br\/news\/wp-json\/wp\/v2\/posts"}],"about":[{"href":"https:\/\/guialimeira.com.br\/news\/wp-json\/wp\/v2\/types\/post"}],"author":[{"embeddable":true,"href":"https:\/\/guialimeira.com.br\/news\/wp-json\/wp\/v2\/users\/1"}],"replies":[{"embeddable":true,"href":"https:\/\/guialimeira.com.br\/news\/wp-json\/wp\/v2\/comments?post=7447"}],"version-history":[{"count":0,"href":"https:\/\/guialimeira.com.br\/news\/wp-json\/wp\/v2\/posts\/7447\/revisions"}],"wp:featuredmedia":[{"embeddable":true,"href":"https:\/\/guialimeira.com.br\/news\/wp-json\/wp\/v2\/media\/7448"}],"wp:attachment":[{"href":"https:\/\/guialimeira.com.br\/news\/wp-json\/wp\/v2\/media?parent=7447"}],"wp:term":[{"taxonomy":"category","embeddable":true,"href":"https:\/\/guialimeira.com.br\/news\/wp-json\/wp\/v2\/categories?post=7447"},{"taxonomy":"post_tag","embeddable":true,"href":"https:\/\/guialimeira.com.br\/news\/wp-json\/wp\/v2\/tags?post=7447"}],"curies":[{"name":"wp","href":"https:\/\/api.w.org\/{rel}","templated":true}]}}