{"id":74462,"date":"2026-08-13T18:10:16","date_gmt":"2026-08-13T21:10:16","guid":{"rendered":"https:\/\/guialimeira.com.br\/apos-38-anos-de-luta-passarela-dos-lopes-comeca-a-ser-construida\/"},"modified":"2026-08-13T18:10:16","modified_gmt":"2026-08-13T21:10:16","slug":"apos-38-anos-de-luta-passarela-dos-lopes-comeca-a-ser-construida","status":"publish","type":"post","link":"https:\/\/guialimeira.com.br\/news\/apos-38-anos-de-luta-passarela-dos-lopes-comeca-a-ser-construida\/","title":{"rendered":"Ap\u00f3s 38 anos de luta, passarela dos Lopes come\u00e7a a ser constru\u00edda"},"content":{"rendered":"<p>Ap\u00f3s 38 anos de luta, passarela dos Lopes come\u00e7a a ser constru\u00edda<\/p>\n<p>Quase 15 anos ap\u00f3s a C\u00e2mara Municipal de Limeira encampar a bandeira de luta pela constru\u00e7\u00e3o da passarela no Bairro dos Lopes, as obras finalmente tiveram in\u00edcio. Foi o que constataram os membros da Comiss\u00e3o de Obras em uma fiscaliza\u00e7\u00e3o realizada na tarde desta quinta-feira, 13 de agosto. O colegiado esteve na altura do km 134+500 metros da rodovia Anhanguera (SP-330), acompanhado por um grupo de moradoras, dentre elas Marlene Regina Crepaldi.<\/p>\n<p>Conforme os membros da Comiss\u00e3o, a demanda pela passarela \u00e9 uma pauta hist\u00f3rica do Legislativo limeirense, que desde 2017 intensificou a articula\u00e7\u00e3o com a Prefeitura e com o Governo do Estado em defesa da constru\u00e7\u00e3o da travessia no Bairro dos Lopes, com base em um relat\u00f3rio da Consultoria T\u00e9cnica Especializada da Casa.<\/p>\n<p>Mas a luta pela travessia \u00e9 mais antiga. Segundo o colegiado, a reivindica\u00e7\u00e3o dos moradores come\u00e7ou h\u00e1 38 anos. \u201cAo longo desse tempo, aconteceram 35 acidentes, dos quais 22 foram fatais. Um deles tirou a vida de Jos\u00e9 Luiz Novaes, um dos que mais lutou pela passarela\u201d, afirmou o presidente, vereador Helder do T\u00e1xi (PSD).<\/p>\n<p>Durante a dilig\u00eancia os vereadores conversaram com os trabalhadores do canteiro. De acordo com um deles, a previs\u00e3o de conclus\u00e3o da constru\u00e7\u00e3o \u00e9 janeiro. A Comiss\u00e3o comemorou o in\u00edcio das obras e agradeceu o empenho de todos aqueles que estiveram envolvidos no processo. \u201cGra\u00e7as ao trabalho de todos finalmente os moradores poder\u00e3o fazer a travessia de forma segura\u201d, afirmaram.<\/p>\n<p>\u201cS\u00f3 temos que agradecer e comemorar o in\u00edcio dessa constru\u00e7\u00e3o. Agradecer \u00e0 Comiss\u00e3o de Obras, aos vereadores e a todos que nos apoiaram nessa luta\u201d, celebrou Marlene.<\/p>\n<p>Hist\u00f3rico<\/p>\n<p>O hist\u00f3rico de solicita\u00e7\u00f5es da C\u00e2mara inclui indica\u00e7\u00f5es, mo\u00e7\u00f5es e audi\u00eancias p\u00fablicas realizadas por vereadores desde 2011. Em 2017 um relat\u00f3rio foi elaborado pela Consultoria T\u00e9cnica Especializada da Casa. O parecer demonstrou que \u201cas caracter\u00edsticas locais configuram uma situa\u00e7\u00e3o de risco permanente e di\u00e1rio aos moradores do bairro, inclusive para o acesso a servi\u00e7os p\u00fablicos essenciais, especificamente de sa\u00fade e de educa\u00e7\u00e3o, pois necessitam realizar diariamente a travessia da rodovia\u201d.<\/p>\n<p>Entre os encaminhamentos feitos pelos vereadores, a partir do relat\u00f3rio da Consultoria, foi enviado of\u00edcio \u00e0 Artesp para que promovesse a \u201crevis\u00e3o e atualiza\u00e7\u00e3o dos crit\u00e9rios para implanta\u00e7\u00e3o de melhorias e a devida reconsidera\u00e7\u00e3o das decis\u00f5es anteriores, permitindo enquadrar a situa\u00e7\u00e3o como circunst\u00e2ncia especial que apresenta potencial de graves riscos aos usu\u00e1rios e aos pedestres, conforme disposto na cl\u00e1usula contratual com a concession\u00e1ria, permitindo, de fato, posterior implanta\u00e7\u00e3o de passarela elevada.\u201d<\/p>\n<p>A necessidade de implanta\u00e7\u00e3o da travessia elevada tamb\u00e9m foi alvo de indica\u00e7\u00f5es, mo\u00e7\u00f5es e audi\u00eancias p\u00fablicas por parte dos vereadores desde 2011, em face dos riscos de acidentes. Tamb\u00e9m foram realizadas reuni\u00f5es entre a Comiss\u00e3o de Obras e o deputado Rafa Zimbaldi em mar\u00e7o e maio de 2022, e em abril de 2025 para alinhamento das demandas do Munic\u00edpio e articula\u00e7\u00e3o com o Governo do Estado para a constru\u00e7\u00e3o da passarela.<\/p>\n<p>Em outubro de 2025, a Comiss\u00e3o se reuniu com representantes da Artesp. Na ocasi\u00e3o os vereadores foram informados que at\u00e9 o final do ano as obras teriam in\u00edcio e que o prazo para conclus\u00e3o seria de quatro meses, sem\u00a0 custo para o Munic\u00edpio, uma vez que a implanta\u00e7\u00e3o da travessia integrava o escopo de obriga\u00e7\u00f5es previstas no Contrato de Concess\u00e3o do Sistema Anhanguera-Bandeirantes.<\/p>\n<p>Na not\u00edcia publicada no in\u00edcio de abril de 2026, a Prefeitura afirmou que as obras teriam in\u00edcio nas semanas seguintes, \u201csob responsabilidade da concession\u00e1ria CCR Autoban, com prazo estimado de dez meses para a conclus\u00e3o\u201d. No entanto isso n\u00e3o aconteceu.<\/p>\n<p>Em maio a Comiss\u00e3o retornou \u00e0 Artesp para questionar novos prazos e saiu com a confirma\u00e7\u00e3o de que as obras iniciaram em 15 de junho. No dia 16 os vereadores estiveram na regi\u00e3o para conferir o in\u00edcio das obras, por\u00e9m s\u00f3 haviam sido colocadas estacas de marca\u00e7\u00e3o no solo.<\/p>\n<p>A Comiss\u00e3o<\/p>\n<p>A Comiss\u00e3o de Obras e Planejamento Urbano \u00e9 respons\u00e1vel por temas como servi\u00e7os p\u00fablicos, uso, ocupa\u00e7\u00e3o e parcelamento do solo, e \u00e9 formada pelos vereadores Helder do T\u00e1xi (PSD), presidente; M\u00e1rcio do Estacionamento (DC), vice-presidente; e Jo\u00e3o Antunes Bano (Solidariedade), secret\u00e1rio. Eles se re\u00fanem ordinariamente \u00e0s quintas-feiras, a partir das 13h30.<\/p>\n<hr>\n<p><em>Fonte: <a href=\"https:\/\/www.limeira.sp.leg.br\/noticias\/view\/2026-08-13_apos-38-anos-de-luta-passarela-dos-lopes-comeca-a-ser-construida\" target=\"_blank\" rel=\"noopener\">C\u00e2mara Municipal de Limeira<\/a><\/em><\/p>\n","protected":false},"excerpt":{"rendered":"<p>Ap\u00f3s 38 anos de luta, passarela dos Lopes come\u00e7a a ser constru\u00edda<\/p>\n<p>Quase 15 anos ap\u00f3s a C\u00e2mara Municipal de Limeira encampar a bandeira de luta pela constru\u00e7\u00e3o da passarela no Bairro dos Lopes, as obras finalmente tiveram in\u00edcio. Foi o que constataram os membros da Comiss\u00e3o de Obras em uma fiscaliza<\/p>\n","protected":false},"author":4,"featured_media":74461,"comment_status":"","ping_status":"open","sticky":false,"template":"","format":"standard","meta":{"_jetpack_newsletter_access":"","_jetpack_dont_email_post_to_subs":false,"_jetpack_newsletter_tier_id":0,"_jetpack_memberships_contains_paywalled_content":false,"_mbp_banners":[],"_jetpack_feature_clip_id":0,"_jetpack_memberships_contains_paid_content":false,"footnotes":"","jetpack_publicize_message":"","jetpack_publicize_feature_enabled":true,"jetpack_social_post_already_shared":true,"jetpack_social_options":{"image_generator_settings":{"template":"highway","default_image_id":0,"font":"","enabled":false},"version":2},"jetpack_post_was_ever_published":false},"categories":[19],"tags":[],"class_list":["post-74462","post","type-post","status-publish","format-standard","has-post-thumbnail","category-politica"],"jetpack_publicize_connections":[],"jetpack-related-posts":[],"jetpack_shortlink":"https:\/\/wp.me\/p7Eq1F-jn0","jetpack_sharing_enabled":true,"jetpack_featured_media_url":"https:\/\/i0.wp.com\/guialimeira.com.br\/news\/wp-content\/uploads\/2026\/08\/noticia-camara-28.jpg?fit=1280%2C640&ssl=1","_links":{"self":[{"href":"https:\/\/guialimeira.com.br\/news\/wp-json\/wp\/v2\/posts\/74462","targetHints":{"allow":["GET"]}}],"collection":[{"href":"https:\/\/guialimeira.com.br\/news\/wp-json\/wp\/v2\/posts"}],"about":[{"href":"https:\/\/guialimeira.com.br\/news\/wp-json\/wp\/v2\/types\/post"}],"author":[{"embeddable":true,"href":"https:\/\/guialimeira.com.br\/news\/wp-json\/wp\/v2\/users\/4"}],"replies":[{"embeddable":true,"href":"https:\/\/guialimeira.com.br\/news\/wp-json\/wp\/v2\/comments?post=74462"}],"version-history":[{"count":0,"href":"https:\/\/guialimeira.com.br\/news\/wp-json\/wp\/v2\/posts\/74462\/revisions"}],"wp:featuredmedia":[{"embeddable":true,"href":"https:\/\/guialimeira.com.br\/news\/wp-json\/wp\/v2\/media\/74461"}],"wp:attachment":[{"href":"https:\/\/guialimeira.com.br\/news\/wp-json\/wp\/v2\/media?parent=74462"}],"wp:term":[{"taxonomy":"category","embeddable":true,"href":"https:\/\/guialimeira.com.br\/news\/wp-json\/wp\/v2\/categories?post=74462"},{"taxonomy":"post_tag","embeddable":true,"href":"https:\/\/guialimeira.com.br\/news\/wp-json\/wp\/v2\/tags?post=74462"}],"curies":[{"name":"wp","href":"https:\/\/api.w.org\/{rel}","templated":true}]}}