{"id":7446,"date":"2024-06-04T17:21:42","date_gmt":"2024-06-04T20:21:42","guid":{"rendered":"https:\/\/guialimeira.com.br\/2024\/06\/04\/projeto-cria-comite-para-gerir-imposto-estadual-da-reforma-tributaria\/"},"modified":"2024-06-04T17:21:42","modified_gmt":"2024-06-04T20:21:42","slug":"projeto-cria-comite-para-gerir-imposto-estadual-da-reforma-tributaria","status":"publish","type":"post","link":"https:\/\/guialimeira.com.br\/news\/projeto-cria-comite-para-gerir-imposto-estadual-da-reforma-tributaria\/","title":{"rendered":"Projeto cria comit\u00ea para gerir imposto estadual da reforma tribut\u00e1ria"},"content":{"rendered":"<p> <br \/>\n<\/p>\n<div>\n<p>\u00d3rg\u00e3o encarregado de administrar o Imposto sobre Bens e Servi\u00e7os (IBS), tributo estadual a ser criado pela reforma tribut\u00e1ria, o Comit\u00ea Gestor do IBS (CG-IBS) receber\u00e1 R$ 3,8 bilh\u00f5es da Uni\u00e3o entre 2025 e 2028 para ser instalado. O aporte ocorrer\u00e1 por meio de opera\u00e7\u00e3o de cr\u00e9dito, com os estados e os munic\u00edpios ressarcindo o governo federal em 20 parcelas a partir de junho de 2029.<img data-recalc-dims=\"1\" decoding=\"async\" src=\"https:\/\/i0.wp.com\/agenciabrasil.ebc.com.br\/ebc.png?w=696&#038;ssl=1\" style=\"width:1px; height:1px; display:inline;\"\/><img data-recalc-dims=\"1\" decoding=\"async\" src=\"https:\/\/i0.wp.com\/agenciabrasil.ebc.com.br\/ebc.gif?w=696&#038;ssl=1\" style=\"width:1px; height:1px; display:inline;\"\/><\/p>\n<p>A novidade consta do segundo projeto de lei complementar que regulamenta a reforma tribut\u00e1ria, enviado nesta ter\u00e7a-feira (4) ao Congresso Nacional. O texto \u00e9 mais simples que o primeiro projeto, <a href=\"https:\/\/agenciabrasil.ebc.com.br\/economia\/noticia\/2024-04\/cesta-basica-nacional-tera-15-alimentos-com-imposto-zerado\" target=\"_blank\" rel=\"noopener\">enviado em abril<\/a>, que regulamentou os produtos da cesta b\u00e1sica que ter\u00e3o isen\u00e7\u00e3o de impostos, o Imposto Seletivo e o <em>cashback<\/em> (mecanismo de devolu\u00e7\u00e3o de impostos) para a popula\u00e7\u00e3o mais pobre.<\/p>\n<p>Al\u00e9m de definir as diretrizes sobre o IBS, o Comit\u00ea Gestor, que ter\u00e1 representantes dos estados e dos munic\u00edpios, coordenar\u00e1, de forma integrada, as administra\u00e7\u00f5es tribut\u00e1rias e das procuradorias dos estados, do Distrito Federal e dos munic\u00edpios. A cobran\u00e7a da d\u00edvida ativa dos governos locais passar\u00e1 a ser centralizada.<\/p>\n<p>O Comit\u00ea Gestor ser\u00e1 dividido em sete inst\u00e2ncias. A principal delas, o Conselho Superior, ter\u00e1 27 representantes de cada unidade federativa\u00a0e mais 27 para os munic\u00edpios. Os representantes municipais ser\u00e3o eleitos da seguinte forma: 14 com votos de cada cidade (com peso igual para todas) e 13 com base no peso das respectivas popula\u00e7\u00f5es.<\/p>\n<p>Caber\u00e1 ao Conselho Superior editar um regulamento \u00fanico e uniformizar a aplica\u00e7\u00e3o e a interpreta\u00e7\u00e3o e da legisla\u00e7\u00e3o do IBS; arrecadar o imposto; efetuar as compensa\u00e7\u00f5es (devolu\u00e7\u00f5es ao longo da cadeia produtiva); fazer as reten\u00e7\u00f5es previstas na legisla\u00e7\u00e3o; distribuir a arrecada\u00e7\u00e3o aos estados, Distrito Federal e munic\u00edpios; e decidir sobre eventuais disputas administrativas.<\/p>\n<p>As sete inst\u00e2ncias do Comit\u00ea Gestor s\u00e3o as seguintes:<br \/>\u2022 \u00a0 \u00a0Conselho Superior;<br \/>\u2022 \u00a0 \u00a0Diretoria Executiva;<br \/>\u2022 \u00a0 \u00a0Diretorias t\u00e9cnicas;<br \/>\u2022 \u00a0 \u00a0Secretaria-Geral;<br \/>\u2022 \u00a0 \u00a0Assessoria de Rela\u00e7\u00f5es Institucionais e Interfederativas;<br \/>\u2022 \u00a0 \u00a0Corregedoria;<br \/>\u2022 \u00a0 \u00a0Auditoria Interna.<\/p>\n<h2>Transi\u00e7\u00e3o<\/h2>\n<p>A proposta tamb\u00e9m definiu como ser\u00e1 feita a transi\u00e7\u00e3o para o IBS, que come\u00e7ar\u00e1 em 2026 e ir\u00e1 at\u00e9 2032, com a implementa\u00e7\u00e3o definitiva do novo IVA em 2033. Outra transi\u00e7\u00e3o, da cobran\u00e7a na origem (local de produ\u00e7\u00e3o ou importa\u00e7\u00e3o da mercadoria) para o destino (local de consumo) ser\u00e1 mais lenta e durar\u00e1 cerca de 50 anos, come\u00e7ando em 2029 e terminando em 2077, sendo definitivamente implementada em 2078.<\/p>\n<p>Do montante recolhido ao Comit\u00ea Gestor do IBS, ser\u00e1 retido o valor correspondente aos cr\u00e9ditos apropriados e n\u00e3o aproveitados para a compensa\u00e7\u00e3o de d\u00e9bitos, como ocorre com os exportadores, que ter\u00e3o o imposto ao longo da cadeia produtiva ressarcidos.<\/p>\n<p>Da receita inicial, ser\u00e3o descontados o <em>cashback<\/em> de 20% do IBS para a popula\u00e7\u00e3o mais pobre e os cr\u00e9ditos presumidos de IBS, impostos pagos a mais ao longo da cadeia devolvidos a empresas de m\u00e9dio porte. A etapa seguinte do processo de distribui\u00e7\u00e3o da receita aos estados e munic\u00edpios considera esses ajustes, bem como a transi\u00e7\u00e3o para a cobran\u00e7a no destino e a reten\u00e7\u00e3o do seguro-receita, que ocorrer\u00e1 de 2029 a 2096.<\/p>\n<p>Por meio do seguro-receita, os estados e munic\u00edpios dividir\u00e3o os custos da transi\u00e7\u00e3o do regime da origem para o destino. At\u00e9 2077, 5% da arrecada\u00e7\u00e3o do IBS ser\u00e3o\u00a0retidos para compensar os governos locais que mais sofrer\u00e3o com a mudan\u00e7a. De 2078 a 2096, esse porcentual ser\u00e1 reduzido, at\u00e9 sumir.<\/p>\n<p>As perdas considerar\u00e3o a arrecada\u00e7\u00e3o m\u00e9dia dos estados e dos munic\u00edpios de 2019 a 2026. A pedido de governadores e prefeitos, o per\u00edodo foi alongado para diluir o impacto da pandemia de covid-19 sobre as contas dos governos locais.<\/p>\n<p>Para cada esfera da Federa\u00e7\u00e3o, a receita m\u00e9dia de refer\u00eancia ser\u00e1 calculada com base em dois componentes. Primeiramente, o Comit\u00ea Gestor considerar\u00e1 a apura\u00e7\u00e3o da receita m\u00e9dia entre 2019 a 2026. Em seguida, a receita retida por conta do seguro-receita \u00e9 distribu\u00edda para os entes federativos com maior perda relativa de participa\u00e7\u00e3o no total da arrecada\u00e7\u00e3o.<\/p>\n<h2>Julgamentos<\/h2>\n<p>Em rela\u00e7\u00e3o \u00e0s disputas tribut\u00e1rias, o Comit\u00ea Gestor ter\u00e1 tr\u00eas inst\u00e2ncias que far\u00e3o o julgamento na esfera administrativa. Haver\u00e1 uma primeira inst\u00e2ncia de julgamentos; uma inst\u00e2ncia recursal, onde os contribuintes insatisfeitos poder\u00e3o contestar as decis\u00f5es desfavor\u00e1veis a eles; e uma inst\u00e2ncia superior, que uniformizar\u00e1 decis\u00f5es e criar\u00e1 jurisprud\u00eancias.<\/p>\n<p>Em todas as inst\u00e2ncias, os estados e os munic\u00edpios ter\u00e3o peso igual nas decis\u00f5es. Segundo o governo, o modelo de tr\u00eas inst\u00e2ncias assegura o direito \u00e0 revis\u00e3o dos julgamentos e evita que todas as contesta\u00e7\u00f5es parem na Justi\u00e7a. Atualmente, o contribuinte que quer questionar um tributo local tem de recorrer ao munic\u00edpio ou ao estado que fez a cobran\u00e7a, enfrentando procedimentos e legisla\u00e7\u00f5es distintas em cada ente p\u00fablico.<\/p>\n<\/p><\/div>\n<p><br \/>\n<br \/><a href=\"https:\/\/agenciabrasil.ebc.com.br\/economia\/noticia\/2024-06\/projeto-cria-comite-para-gerir-imposto-estadual-da-reforma-tributaria\" rel=\"noopener\">Ag\u00eancia Brasil<\/a><\/p>\n","protected":false},"excerpt":{"rendered":"<p>\u00d3rg\u00e3o encarregado de administrar o Imposto sobre Bens e Servi\u00e7os (IBS), tributo estadual a ser criado pela reforma tribut\u00e1ria, o Comit\u00ea Gestor do IBS (CG-IBS) receber\u00e1 R$ 3,8 bilh\u00f5es da Uni\u00e3o entre 2025 e 2028 para ser instalado. O aporte ocorrer\u00e1 por meio de opera\u00e7\u00e3o de cr\u00e9dito, com os estados e os munic\u00edpios ressarcindo o [&hellip;]<\/p>\n","protected":false},"author":1,"featured_media":269,"comment_status":"open","ping_status":"open","sticky":false,"template":"","format":"standard","meta":{"_jetpack_newsletter_access":"","_jetpack_dont_email_post_to_subs":false,"_jetpack_newsletter_tier_id":0,"_jetpack_memberships_contains_paywalled_content":false,"_mbp_banners":[],"_jetpack_feature_clip_id":0,"_jetpack_memberships_contains_paid_content":false,"footnotes":"","jetpack_publicize_message":"","jetpack_publicize_feature_enabled":true,"jetpack_social_post_already_shared":true,"jetpack_social_options":{"image_generator_settings":{"template":"highway","default_image_id":0,"font":"","enabled":false},"version":2},"jetpack_post_was_ever_published":false},"categories":[24],"tags":[],"class_list":["post-7446","post","type-post","status-publish","format-standard","has-post-thumbnail","category-economia"],"jetpack_publicize_connections":[],"jetpack-related-posts":[],"jetpack_shortlink":"https:\/\/wp.me\/p7Eq1F-1W6","jetpack_sharing_enabled":true,"jetpack_featured_media_url":"https:\/\/i0.wp.com\/guialimeira.com.br\/news\/wp-content\/uploads\/2024\/03\/thumb_1200x600_agbrasil.png?fit=1200%2C600&ssl=1","_links":{"self":[{"href":"https:\/\/guialimeira.com.br\/news\/wp-json\/wp\/v2\/posts\/7446","targetHints":{"allow":["GET"]}}],"collection":[{"href":"https:\/\/guialimeira.com.br\/news\/wp-json\/wp\/v2\/posts"}],"about":[{"href":"https:\/\/guialimeira.com.br\/news\/wp-json\/wp\/v2\/types\/post"}],"author":[{"embeddable":true,"href":"https:\/\/guialimeira.com.br\/news\/wp-json\/wp\/v2\/users\/1"}],"replies":[{"embeddable":true,"href":"https:\/\/guialimeira.com.br\/news\/wp-json\/wp\/v2\/comments?post=7446"}],"version-history":[{"count":0,"href":"https:\/\/guialimeira.com.br\/news\/wp-json\/wp\/v2\/posts\/7446\/revisions"}],"wp:featuredmedia":[{"embeddable":true,"href":"https:\/\/guialimeira.com.br\/news\/wp-json\/wp\/v2\/media\/269"}],"wp:attachment":[{"href":"https:\/\/guialimeira.com.br\/news\/wp-json\/wp\/v2\/media?parent=7446"}],"wp:term":[{"taxonomy":"category","embeddable":true,"href":"https:\/\/guialimeira.com.br\/news\/wp-json\/wp\/v2\/categories?post=7446"},{"taxonomy":"post_tag","embeddable":true,"href":"https:\/\/guialimeira.com.br\/news\/wp-json\/wp\/v2\/tags?post=7446"}],"curies":[{"name":"wp","href":"https:\/\/api.w.org\/{rel}","templated":true}]}}