{"id":74439,"date":"2026-08-13T15:38:42","date_gmt":"2026-08-13T18:38:42","guid":{"rendered":"https:\/\/guialimeira.com.br\/juliana-paes-aciona-companhia-aerea-na-justica-apos-transtornos-em-viagem-ao-japao\/"},"modified":"2026-08-13T15:38:42","modified_gmt":"2026-08-13T18:38:42","slug":"juliana-paes-aciona-companhia-aerea-na-justica-apos-transtornos-em-viagem-ao-japao","status":"publish","type":"post","link":"https:\/\/guialimeira.com.br\/news\/juliana-paes-aciona-companhia-aerea-na-justica-apos-transtornos-em-viagem-ao-japao\/","title":{"rendered":"Juliana Paes aciona companhia a\u00e9rea na Justi\u00e7a ap\u00f3s transtornos em viagem ao Jap\u00e3o"},"content":{"rendered":"<p>Juliana Paes decidiu recorrer \u00e0 Justi\u00e7a depois de enfrentar uma s\u00e9rie de problemas durante uma viagem ao Jap\u00e3o. A atriz entrou com uma a\u00e7\u00e3o no Rio de Janeiro contra a companhia a\u00e9rea respons\u00e1vel pelo trajeto e solicita compensa\u00e7\u00e3o por danos morais e materiais.<\/p>\n<p>De acordo com as informa\u00e7\u00f5es apresentadas no processo, a viagem teria sido marcada por sucessivos atrasos. Al\u00e9m da altera\u00e7\u00e3o na programa\u00e7\u00e3o, Juliana tamb\u00e9m relatou dificuldades relacionadas ao assento que ocupou durante o voo.<\/p>\n<p>Um dos principais pontos mencionados pela atriz foi o funcionamento da poltrona. Segundo o relato apresentado \u00e0 Justi\u00e7a, o assento n\u00e3o reclinava, o que teria provocado desconforto durante o longo percurso at\u00e9 o destino internacional.<\/p>\n<p>Para Juliana, a combina\u00e7\u00e3o dos problemas teria transformado a experi\u00eancia de viagem em uma situa\u00e7\u00e3o mais desgastante do que os inconvenientes normalmente enfrentados por passageiros.<\/p>\n<p>A atriz pede que a empresa seja responsabilizada pelos preju\u00edzos alegados. O processo re\u00fane solicita\u00e7\u00f5es de indeniza\u00e7\u00e3o por danos materiais, relacionados a poss\u00edveis perdas financeiras, e danos morais, referentes aos transtornos que afirma ter enfrentado.<\/p>\n<p>A a\u00e7\u00e3o foi apresentada no Tribunal de Justi\u00e7a do Rio de Janeiro. Como acontece em processos desse tipo, a companhia a\u00e9rea ter\u00e1 a oportunidade de apresentar sua defesa e contestar os argumentos apresentados pela passageira.<\/p>\n<p>Ainda n\u00e3o h\u00e1 uma decis\u00e3o definitiva sobre os pedidos feitos pela atriz. O Judici\u00e1rio dever\u00e1 analisar as provas e as circunst\u00e2ncias da viagem antes de determinar se houve falha na presta\u00e7\u00e3o do servi\u00e7o e se existe direito a indeniza\u00e7\u00e3o.<\/p>\n<p>Viagens internacionais de longa dura\u00e7\u00e3o podem tornar problemas relacionados ao conforto do passageiro ainda mais relevantes. No caso relatado por Juliana, a quest\u00e3o envolvendo a poltrona teria ocorrido durante um deslocamento que exigia muitas horas dentro da aeronave.<\/p>\n<p>Os atrasos tamb\u00e9m s\u00e3o apontados como parte dos transtornos. Dependendo da extens\u00e3o e das consequ\u00eancias, altera\u00e7\u00f5es no hor\u00e1rio de voos podem gerar despesas adicionais e comprometer compromissos previamente planejados.<\/p>\n<p>\u00c9 justamente por isso que a atriz incluiu o pedido de danos materiais na a\u00e7\u00e3o. Eventuais gastos decorrentes dos problemas dever\u00e3o ser analisados pela Justi\u00e7a a partir da documenta\u00e7\u00e3o apresentada.<\/p>\n<p>J\u00e1 o pedido por danos morais est\u00e1 relacionado \u00e0 experi\u00eancia vivida durante a viagem. Nesse tipo de processo, cabe ao Judici\u00e1rio avaliar se os acontecimentos ultrapassaram os contratempos considerados comuns em deslocamentos a\u00e9reos.<\/p>\n<p>Juliana Paes, que possui uma carreira consolidada na televis\u00e3o e no cinema, decidiu formalizar a reclama\u00e7\u00e3o depois da experi\u00eancia. Em vez de limitar a quest\u00e3o a uma queixa, a atriz optou por buscar uma solu\u00e7\u00e3o pela via judicial.<\/p>\n<p>O processo agora seguir\u00e1 os tr\u00e2mites legais. A empresa poder\u00e1 apresentar sua vers\u00e3o dos acontecimentos, enquanto a defesa de Juliana dever\u00e1 sustentar os pedidos apresentados na a\u00e7\u00e3o.<\/p>\n<p>A eventual indeniza\u00e7\u00e3o depender\u00e1 da an\u00e1lise do caso. N\u00e3o existe, at\u00e9 o momento, uma condena\u00e7\u00e3o definitiva contra a companhia a\u00e9rea.<\/p>\n<p>O epis\u00f3dio tamb\u00e9m chama aten\u00e7\u00e3o para a import\u00e2ncia das condi\u00e7\u00f5es oferecidas aos passageiros durante voos internacionais. Uma poltrona que n\u00e3o reclina pode representar um inc\u00f4modo maior quando o passageiro precisa permanecer por muitas horas dentro do avi\u00e3o.<\/p>\n<p>No caso de Juliana, esse problema teria se somado aos atrasos relatados, criando uma sequ\u00eancia de situa\u00e7\u00f5es que motivou a a\u00e7\u00e3o judicial.<\/p>\n<p>Agora, caber\u00e1 \u00e0 Justi\u00e7a avaliar os fatos e determinar se a companhia dever\u00e1 reparar os danos alegados pela atriz.<\/p>\n<p>Enquanto o processo segue em andamento, Juliana Paes aguarda a an\u00e1lise dos pedidos apresentados. A decis\u00e3o dever\u00e1 considerar os documentos, os relatos das partes e as circunst\u00e2ncias espec\u00edficas da viagem ao Jap\u00e3o.<\/p>\n<p><\/p>\n","protected":false},"excerpt":{"rendered":"<p>Juliana Paes decidiu recorrer \u00e0 Justi\u00e7a depois de enfrentar uma s\u00e9rie de problemas durante uma viagem ao Jap\u00e3o. A atriz entrou com uma a\u00e7\u00e3o no Rio de Janeiro contra a companhia a\u00e9rea respons\u00e1vel pelo trajeto e solicita compensa\u00e7\u00e3o por danos morais e materiais. De acordo com as informa\u00e7\u00f5es apresentadas no processo, a viagem teria sido [\u2026]<\/p>\n","protected":false},"author":5,"featured_media":0,"comment_status":"","ping_status":"open","sticky":false,"template":"","format":"standard","meta":{"_jetpack_newsletter_access":"","_jetpack_dont_email_post_to_subs":false,"_jetpack_newsletter_tier_id":0,"_jetpack_memberships_contains_paywalled_content":false,"_mbp_banners":[],"_jetpack_feature_clip_id":0,"_jetpack_memberships_contains_paid_content":false,"footnotes":"","jetpack_publicize_message":"","jetpack_publicize_feature_enabled":true,"jetpack_social_post_already_shared":true,"jetpack_social_options":{"image_generator_settings":{"template":"highway","default_image_id":0,"font":"","enabled":false},"version":2},"jetpack_post_was_ever_published":false},"categories":[],"tags":[],"class_list":["post-74439","post","type-post","status-publish","format-standard"],"jetpack_publicize_connections":[],"jetpack-related-posts":[],"jetpack_shortlink":"https:\/\/wp.me\/p7Eq1F-jmD","jetpack_sharing_enabled":true,"jetpack_featured_media_url":"","_links":{"self":[{"href":"https:\/\/guialimeira.com.br\/news\/wp-json\/wp\/v2\/posts\/74439","targetHints":{"allow":["GET"]}}],"collection":[{"href":"https:\/\/guialimeira.com.br\/news\/wp-json\/wp\/v2\/posts"}],"about":[{"href":"https:\/\/guialimeira.com.br\/news\/wp-json\/wp\/v2\/types\/post"}],"author":[{"embeddable":true,"href":"https:\/\/guialimeira.com.br\/news\/wp-json\/wp\/v2\/users\/5"}],"replies":[{"embeddable":true,"href":"https:\/\/guialimeira.com.br\/news\/wp-json\/wp\/v2\/comments?post=74439"}],"version-history":[{"count":0,"href":"https:\/\/guialimeira.com.br\/news\/wp-json\/wp\/v2\/posts\/74439\/revisions"}],"wp:attachment":[{"href":"https:\/\/guialimeira.com.br\/news\/wp-json\/wp\/v2\/media?parent=74439"}],"wp:term":[{"taxonomy":"category","embeddable":true,"href":"https:\/\/guialimeira.com.br\/news\/wp-json\/wp\/v2\/categories?post=74439"},{"taxonomy":"post_tag","embeddable":true,"href":"https:\/\/guialimeira.com.br\/news\/wp-json\/wp\/v2\/tags?post=74439"}],"curies":[{"name":"wp","href":"https:\/\/api.w.org\/{rel}","templated":true}]}}