{"id":7443,"date":"2024-06-04T16:30:49","date_gmt":"2024-06-04T19:30:49","guid":{"rendered":"https:\/\/guialimeira.com.br\/2024\/06\/04\/trilha-das-sementes-e-destaque-na-abertura-do-mes-do-meio-ambiente\/"},"modified":"2024-06-04T16:30:49","modified_gmt":"2024-06-04T19:30:49","slug":"trilha-das-sementes-e-destaque-na-abertura-do-mes-do-meio-ambiente","status":"publish","type":"post","link":"https:\/\/guialimeira.com.br\/news\/trilha-das-sementes-e-destaque-na-abertura-do-mes-do-meio-ambiente\/","title":{"rendered":"Trilha das Sementes \u00e9 destaque na abertura do M\u00eas do Meio Ambiente"},"content":{"rendered":"<p> <br \/>\n<\/p>\n<div>\n            <main class=\"\">&#13;<br \/>\n                &#13;<br \/>\n&#13;<br \/>\n&#13;<br \/>\n&#13;<br \/>\n    <img data-recalc-dims=\"1\" decoding=\"async\" src=\"https:\/\/i0.wp.com\/ecrie.com.br\/sistema\/conteudos\/imagem\/m_137_0_1_04062024161327.jpeg?w=696&#038;ssl=1\" alt=\"Trilha das Sementes \u00e9 destaque na abertura do M\u00eas do Meio Ambiente\"\/>&#13;<br \/>\n&#13;<\/p>\n<p>Para marcar a abertura do M\u00eas de Conscientiza\u00e7\u00e3o e Preserva\u00e7\u00e3o do Meio Ambiente, 50 estudantes da Emeief\u00a0Limeira participaram ontem (3) de atividade organizada pela Secretaria de Meio Ambiente e Agricultura\u00a0de Limeira. No Parque Cidade, eles fizeram uma verdadeira jornada ecol\u00f3gica, com trilha para\u00a0coleta de sementes, ca\u00e7a ao tesouro e\u00a0etapas a serem cumpridas. \u201cO maior pr\u00eamio com uma atividade dessa grandeza \u00e9 o cuidado e o respeito pelo Meio Ambiente\u201d, afirmou o respons\u00e1vel pela secretaria, Reinaldo Buck Belussi.<\/p>\n<p>&#13;<\/p>\n<p>Os estudantes foram divididos em grupos e receberam um Passaporte Ecol\u00f3gico, denominado Guardi\u00f5es da Natureza, para ser utilizado durante o cumprimento das tarefas. Ao finalizarem cada etapa, um selo diferente era\u00a0carimbado no passaporte.<\/p>\n<p>&#13;<\/p>\n<p>As \u201cmiss\u00f5es ambientais\u201d\u00a0inclu\u00edram a\u00a0Trilha das Sementes e\u00a0ca\u00e7a ao tesouro, em que os alunos coletaram materiais das esp\u00e9cies arb\u00f3reas do parque; semeadura de girass\u00f3is\u00a0(representando a import\u00e2ncia das culturas agr\u00edcolas para a alimenta\u00e7\u00e3o humana); visita ao Castram\u00f3vel\u00a0(com orienta\u00e7\u00e3o\u00a0sobre cuidados veterin\u00e1rios e guarda respons\u00e1vel de animais dom\u00e9sticos); e o\u00a0plantio simb\u00f3lico de\u00a0\u00e1rvores frut\u00edferas nativas.<\/p>\n<p>&#13;<\/p>\n<p>O secret\u00e1rio de Meio Ambiente e Agricultura destacou que a atividade, realizada no Dia Nacional da Educa\u00e7\u00e3o Ambiental,\u00a0proporcionou a reflex\u00e3o sobre o papel da sociedade na forma\u00e7\u00e3o de futuros cidad\u00e3os respons\u00e1veis com o Meio Ambiente. \u201cAbordamos, ainda, os caminhos que devem ser seguidos para a sustentabilidade e a mitiga\u00e7\u00e3o dos efeitos das mudan\u00e7as clim\u00e1ticas\u201d, salientou Belussi.<\/p>\n<p>&#13;<\/p>\n<p>\u00a0<\/p>\n<p>&#13;<\/p>\n<p><strong>CONS\u00d3RCIO PCJ<\/strong><\/p>\n<p>&#13;<\/p>\n<p>A trilha das sementes contou com material fornecido pelo Cons\u00f3rcio PCJ (Cons\u00f3rcio Intermunicipal das Bacias dos Rios Piracicaba, Capivari e Jundia\u00ed). Ap\u00f3s a realiza\u00e7\u00e3o das atividades, as sementes foram destinadas ao Viveiro Municipal para semeadura e forma\u00e7\u00e3o de novas mudas que abastecer\u00e3o a arboriza\u00e7\u00e3o do munic\u00edpio e das cidades consorciadas.<\/p>\n<p>&#13;<\/p>\n<p>\u00a0<\/p>\n<p>&#13;<\/p>\n<p><strong>PROGRAMA\u00c7\u00c3O<\/strong><\/p>\n<p>&#13;<\/p>\n<p>Com atividades e servi\u00e7os para todos os p\u00fablicos, o M\u00eas do Meio Ambiente contar\u00e1 com curso de poda de \u00e1rvores urbanas, palestra sobre sustentabilidade, trilhas ecol\u00f3gicas, visitas monitoradas, blitz orientativa e doa\u00e7\u00e3o\u00a0de mudas de \u00e1rvores nativas para popula\u00e7\u00e3o urbana e rural.<\/p>\n<p>&#13;<\/p>\n<p>\u00a0<\/p>\n<p>&#13;<\/p>\n<p><strong>Confira a programa\u00e7\u00e3o completa:<\/strong><\/p>\n<p>&#13;<\/p>\n<p><a href=\"https:\/\/www.limeira.sp.gov.br\/mesdomeioambiente\" rel=\"noopener\"><u>www.limeira.sp.gov.br\/mesdomeioambiente<\/u><\/a><\/p>\n<p>&#13;<br \/>\n&#13;<br \/>\n    &#13;<br \/>\n    &#13;<br \/>\n&#13;<br \/>\n&#13;<\/p>\n<aside class=\"list-related no-print\">&#13;<br \/>\n        &#13;<br \/>\n&#13;<\/p>\n<article class=\"list-item noticias \">&#13;<br \/>\n                    <a class=\"list-item__img\" href=\"https:\/\/limeira.sp.gov.br\/imprensa\/noticias\/meio-ambiente-e-agricultura\/atracao-musical-e-destaque-da-feira-livre-noturnaamanha-e-quinta-6\" tabindex=\"-1\" aria-hidden=\"true\" rel=\"noopener\">&#13;<br \/>\n                        <img data-recalc-dims=\"1\" decoding=\"async\" src=\"https:\/\/i0.wp.com\/ecrie.com.br\/sistema\/conteudos\/imagem\/m_137_0_1_03062024151655.jpg?w=696&#038;ssl=1\" alt=\"Atra\u00e7\u00e3o musical \u00e9 destaque da Feira Livre Noturna\u00a0amanh\u00e3 e quinta (6)\"\/>&#13;<br \/>\n                    <\/a>&#13;<br \/>\n&#13;<br \/>\n                &#13;<br \/>\n            <\/article>\n<p>&#13;<\/p>\n<article class=\"list-item noticias \">&#13;<br \/>\n                    <a class=\"list-item__img\" href=\"https:\/\/limeira.sp.gov.br\/imprensa\/noticias\/meio-ambiente-e-agricultura\/abertas-inscricoes-para-curso-de-poda\" tabindex=\"-1\" aria-hidden=\"true\" rel=\"noopener\">&#13;<br \/>\n                        <img data-recalc-dims=\"1\" decoding=\"async\" src=\"https:\/\/i0.wp.com\/ecrie.com.br\/sistema\/conteudos\/imagem\/m_137_0_1_15052024113213.jpeg?w=696&#038;ssl=1\" alt=\"Abertas inscri\u00e7\u00f5es para curso de poda\"\/>&#13;<br \/>\n                    <\/a>&#13;<br \/>\n&#13;<br \/>\n                &#13;<br \/>\n            <\/article>\n<p>&#13;<\/p>\n<article class=\"list-item noticias \">&#13;<br \/>\n                    <a class=\"list-item__img\" href=\"https:\/\/limeira.sp.gov.br\/imprensa\/noticias\/meio-ambiente-e-agricultura\/mes-do-meio-ambiente-2024-tera-conscientizacao-sobre-sustentabilidade\" tabindex=\"-1\" aria-hidden=\"true\" rel=\"noopener\">&#13;<br \/>\n                        <img data-recalc-dims=\"1\" decoding=\"async\" src=\"https:\/\/i0.wp.com\/ecrie.com.br\/sistema\/conteudos\/imagem\/m_137_0_1_27052024170307.jpeg?w=696&#038;ssl=1\" alt=\"M\u00eas do Meio Ambiente 2024 ter\u00e1 conscientiza\u00e7\u00e3o sobre sustentabilidade\"\/>&#13;<br \/>\n                    <\/a>&#13;<br \/>\n&#13;<br \/>\n                &#13;<br \/>\n            <\/article>\n<p>&#13;<br \/>\n    <\/aside>\n<p>&#13;<br \/>\n&#13;<br \/>\n            <\/main><\/p><\/div>\n<p><br \/>\n<br \/><a href=\"https:\/\/limeira.sp.gov.br\/trilha-das-sementes-e-destaque-na-abertura-do-mes-do-meio-ambiente\" rel=\"noopener\">Informa\u00e7\u00f5es da PML <\/a><\/p>\n","protected":false},"excerpt":{"rendered":"<p>&#13; &#13; &#13; &#13; &#13; &#13; &#13; Para marcar a abertura do M\u00eas de Conscientiza\u00e7\u00e3o e Preserva\u00e7\u00e3o do Meio Ambiente, 50 estudantes da Emeief\u00a0Limeira participaram ontem (3) de atividade organizada pela Secretaria de Meio Ambiente e Agricultura\u00a0de Limeira. No Parque Cidade, eles fizeram uma verdadeira jornada ecol\u00f3gica, com trilha para\u00a0coleta de sementes, ca\u00e7a ao tesouro [&hellip;]<\/p>\n","protected":false},"author":1,"featured_media":7444,"comment_status":"open","ping_status":"open","sticky":false,"template":"","format":"standard","meta":{"_jetpack_newsletter_access":"","_jetpack_dont_email_post_to_subs":false,"_jetpack_newsletter_tier_id":0,"_jetpack_memberships_contains_paywalled_content":false,"_mbp_banners":[],"_jetpack_feature_clip_id":0,"_jetpack_memberships_contains_paid_content":false,"footnotes":"","jetpack_publicize_message":"","jetpack_publicize_feature_enabled":true,"jetpack_social_post_already_shared":true,"jetpack_social_options":{"image_generator_settings":{"template":"highway","default_image_id":0,"font":"","enabled":false},"version":2},"jetpack_post_was_ever_published":false},"categories":[16],"tags":[],"class_list":["post-7443","post","type-post","status-publish","format-standard","has-post-thumbnail","category-local"],"jetpack_publicize_connections":[],"jetpack-related-posts":[],"jetpack_shortlink":"https:\/\/wp.me\/p7Eq1F-1W3","jetpack_sharing_enabled":true,"jetpack_featured_media_url":"https:\/\/i0.wp.com\/guialimeira.com.br\/news\/wp-content\/uploads\/2024\/06\/m_137_0_1_04062024161327.jpeg?fit=1600%2C900&ssl=1","_links":{"self":[{"href":"https:\/\/guialimeira.com.br\/news\/wp-json\/wp\/v2\/posts\/7443","targetHints":{"allow":["GET"]}}],"collection":[{"href":"https:\/\/guialimeira.com.br\/news\/wp-json\/wp\/v2\/posts"}],"about":[{"href":"https:\/\/guialimeira.com.br\/news\/wp-json\/wp\/v2\/types\/post"}],"author":[{"embeddable":true,"href":"https:\/\/guialimeira.com.br\/news\/wp-json\/wp\/v2\/users\/1"}],"replies":[{"embeddable":true,"href":"https:\/\/guialimeira.com.br\/news\/wp-json\/wp\/v2\/comments?post=7443"}],"version-history":[{"count":0,"href":"https:\/\/guialimeira.com.br\/news\/wp-json\/wp\/v2\/posts\/7443\/revisions"}],"wp:featuredmedia":[{"embeddable":true,"href":"https:\/\/guialimeira.com.br\/news\/wp-json\/wp\/v2\/media\/7444"}],"wp:attachment":[{"href":"https:\/\/guialimeira.com.br\/news\/wp-json\/wp\/v2\/media?parent=7443"}],"wp:term":[{"taxonomy":"category","embeddable":true,"href":"https:\/\/guialimeira.com.br\/news\/wp-json\/wp\/v2\/categories?post=7443"},{"taxonomy":"post_tag","embeddable":true,"href":"https:\/\/guialimeira.com.br\/news\/wp-json\/wp\/v2\/tags?post=7443"}],"curies":[{"name":"wp","href":"https:\/\/api.w.org\/{rel}","templated":true}]}}