{"id":74417,"date":"2026-08-13T12:20:12","date_gmt":"2026-08-13T15:20:12","guid":{"rendered":"https:\/\/guialimeira.com.br\/comissao-de-esporte-agenda-visita-a-area-da-ponte-do-esqueleto\/"},"modified":"2026-08-13T12:20:12","modified_gmt":"2026-08-13T15:20:12","slug":"comissao-de-esporte-agenda-visita-a-area-da-ponte-do-esqueleto","status":"publish","type":"post","link":"https:\/\/guialimeira.com.br\/news\/comissao-de-esporte-agenda-visita-a-area-da-ponte-do-esqueleto\/","title":{"rendered":"Comiss\u00e3o de Esporte agenda visita \u00e0 \u00e1rea da Ponte do Esqueleto"},"content":{"rendered":"<p>Comiss\u00e3o de Esporte agenda visita \u00e0 \u00e1rea da Ponte do Esqueleto<\/p>\n<p>A Comiss\u00e3o de Esporte, Cultura e Turismo da C\u00e2mara de Limeira deliberou na reuni\u00e3o desta quinta-feira, 13 de agosto, realizar dilig\u00eancia \u00e0 \u00e1rea de acesso \u00e0 Ponte do Esqueleto. O objetivo \u00e9 avaliar as condi\u00e7\u00f5es do bloqueio do acesso \u00e0 estrutura, al\u00e9m de verificar elementos apresentados pelo movimento \u201cAmigos da Ponte do Esqueleto&#8221;, que busca transformar o espa\u00e7o em ativo regional voltado \u00e0 pr\u00e1tica esportiva e ao potencial tur\u00edstico. A visita do colegiado ser\u00e1 dia 27 de agosto de 2026, \u00e0s 8h.<\/p>\n<p>As delibera\u00e7\u00f5es foram feitas ap\u00f3s os vereadores receberem o representante do movimento, Odail Luiz de Camargo Neto, em reuni\u00e3o do dia 6 de agosto. O mun\u00edcipe defende a articula\u00e7\u00e3o entre poder p\u00fablico, sociedade civil e entidades privadas para elabora\u00e7\u00e3o de um Programa Municipal de Gest\u00e3o, Seguran\u00e7a e Uso Respons\u00e1vel das \u00c1reas Naturais.<\/p>\n<p>O grupo \u00e9 formado por praticantes de mountain bike e outras modalidades de esportes, turismo, lazer, al\u00e9m de atividades culturais. Segundo Odail, a iniciativa tem a finalidade de transformar locais como a Ponte do Esqueleto, considerado como um passivo hist\u00f3rico, em um ativo regional voltado \u00e0 pr\u00e1tica esportiva e ao potencial tur\u00edstico. Odail citou ainda o poss\u00edvel aproveitamento de \u00e1reas como o Morro Azul, fazendas hist\u00f3ricas e o bairro do Tatu.<\/p>\n<p>Ele defendeu, inicialmente, a realiza\u00e7\u00e3o de estudos t\u00e9cnicos para a constru\u00e7\u00e3o de um modelo de gest\u00e3o para o uso dos espa\u00e7os. Em raz\u00e3o do hist\u00f3rico de acidentes registrados na Ponte do Esqueleto, ele prop\u00f4s que sejam definidos protocolos operacionais de seguran\u00e7a, fiscaliza\u00e7\u00e3o, sinaliza\u00e7\u00e3o de risco, conten\u00e7\u00e3o f\u00edsica em um dos lados da ponte, monitoramento remoto e a\u00e7\u00f5es cont\u00ednuas de preven\u00e7\u00e3o e educa\u00e7\u00e3o.<\/p>\n<p>Al\u00e9m disso, ele argumentou que as ocorr\u00eancias registradas no local resultam de falhas de opera\u00e7\u00e3o humana e de protocolo, e n\u00e3o de car\u00e1ter estrutural, o que refor\u00e7a a necessidade de regula\u00e7\u00e3o pelo Munic\u00edpio.<\/p>\n<p>Pedido de informa\u00e7\u00f5es<\/p>\n<p>Acerca da demanda envolvendo a Ponte do Esqueleto, a Comiss\u00e3o ponderou que a gest\u00e3o e a propriedade da \u00e1rea pertencem \u00e0 Uni\u00e3o e a particulares. Al\u00e9m disso, foi ratificado que a Prefeitura de Limeira manifestou n\u00e3o ter inten\u00e7\u00e3o em assumir a gest\u00e3o do local. Diante da posi\u00e7\u00e3o contr\u00e1ria j\u00e1 formalizada pelo Poder Executivo, os vereadores consideraram o direito de participa\u00e7\u00e3o do cidad\u00e3o na formula\u00e7\u00e3o de propostas de interesse p\u00fablico e submeteram a documenta\u00e7\u00e3o recebida \u00e0 autoridade administrativa competente para an\u00e1lise.<\/p>\n<p>A Comiss\u00e3o solicita \u00e0 Prefeitura que informe se o posicionamento contr\u00e1rio permanece inalterado quanto \u00e0 doa\u00e7\u00e3o, cess\u00e3o, incorpora\u00e7\u00e3o, recupera\u00e7\u00e3o ou gest\u00e3o municipal da Ponte do Esqueleto. Os membros perguntam ainda se h\u00e1 interesse em realizar an\u00e1lise preliminar da proposta do movimento, sem compromisso de execu\u00e7\u00e3o ou de assun\u00e7\u00e3o de encargos pelo Munic\u00edpio.<\/p>\n<p>Outro questionamento \u00e9 se permanecem em andamento tratativas ou estudos para demoli\u00e7\u00e3o, retirada das cabeceiras, interdi\u00e7\u00e3o definitiva ou outra destina\u00e7\u00e3o da estrutura. Por fim, questionam se existem alternativas juridicamente admiss\u00edveis para o desenvolvimento tur\u00edstico do entorno da ponte que n\u00e3o envolvam a transfer\u00eancia da estrutura ao patrim\u00f4nio municipal.<\/p>\n<p>As delibera\u00e7\u00f5es na \u00edntegra constam na ata da Comiss\u00e3o. Fazem parte do colegiado os vereadores Guilherme Guido (PL), presidente; Costa Junior (Podemos), vice-presidente; e Marco Xavier (PP), secret\u00e1rio.<\/p>\n<hr>\n<p><em>Fonte: <a href=\"https:\/\/www.limeira.sp.leg.br\/noticias\/view\/2026-08-13_comissao-de-esporte-agenda-visita-a-area-da-ponte-do-esqueleto\" target=\"_blank\" rel=\"noopener\">C\u00e2mara Municipal de Limeira<\/a><\/em><\/p>\n","protected":false},"excerpt":{"rendered":"<p>Comiss\u00e3o de Esporte agenda visita \u00e0 \u00e1rea da Ponte do Esqueleto<\/p>\n<p>A Comiss\u00e3o de Esporte, Cultura e Turismo da C\u00e2mara de Limeira deliberou na reuni\u00e3o desta quinta-feira, 13 de agosto, realizar dilig\u00eancia \u00e0 \u00e1rea de acesso \u00e0 Ponte do Esqueleto. O objetivo \u00e9 avaliar as condi\u00e7\u00f5es do bloqueio do acesso \u00e0 es<\/p>\n","protected":false},"author":4,"featured_media":74416,"comment_status":"","ping_status":"open","sticky":false,"template":"","format":"standard","meta":{"_jetpack_newsletter_access":"","_jetpack_dont_email_post_to_subs":false,"_jetpack_newsletter_tier_id":0,"_jetpack_memberships_contains_paywalled_content":false,"_mbp_banners":[],"_jetpack_feature_clip_id":0,"_jetpack_memberships_contains_paid_content":false,"footnotes":"","jetpack_publicize_message":"","jetpack_publicize_feature_enabled":true,"jetpack_social_post_already_shared":true,"jetpack_social_options":{"image_generator_settings":{"template":"highway","default_image_id":0,"font":"","enabled":false},"version":2},"jetpack_post_was_ever_published":false},"categories":[19],"tags":[],"class_list":["post-74417","post","type-post","status-publish","format-standard","has-post-thumbnail","category-politica"],"jetpack_publicize_connections":[],"jetpack-related-posts":[],"jetpack_shortlink":"https:\/\/wp.me\/p7Eq1F-jmh","jetpack_sharing_enabled":true,"jetpack_featured_media_url":"https:\/\/i0.wp.com\/guialimeira.com.br\/news\/wp-content\/uploads\/2026\/08\/noticia-camara-27.jpg?fit=1280%2C640&ssl=1","_links":{"self":[{"href":"https:\/\/guialimeira.com.br\/news\/wp-json\/wp\/v2\/posts\/74417","targetHints":{"allow":["GET"]}}],"collection":[{"href":"https:\/\/guialimeira.com.br\/news\/wp-json\/wp\/v2\/posts"}],"about":[{"href":"https:\/\/guialimeira.com.br\/news\/wp-json\/wp\/v2\/types\/post"}],"author":[{"embeddable":true,"href":"https:\/\/guialimeira.com.br\/news\/wp-json\/wp\/v2\/users\/4"}],"replies":[{"embeddable":true,"href":"https:\/\/guialimeira.com.br\/news\/wp-json\/wp\/v2\/comments?post=74417"}],"version-history":[{"count":0,"href":"https:\/\/guialimeira.com.br\/news\/wp-json\/wp\/v2\/posts\/74417\/revisions"}],"wp:featuredmedia":[{"embeddable":true,"href":"https:\/\/guialimeira.com.br\/news\/wp-json\/wp\/v2\/media\/74416"}],"wp:attachment":[{"href":"https:\/\/guialimeira.com.br\/news\/wp-json\/wp\/v2\/media?parent=74417"}],"wp:term":[{"taxonomy":"category","embeddable":true,"href":"https:\/\/guialimeira.com.br\/news\/wp-json\/wp\/v2\/categories?post=74417"},{"taxonomy":"post_tag","embeddable":true,"href":"https:\/\/guialimeira.com.br\/news\/wp-json\/wp\/v2\/tags?post=74417"}],"curies":[{"name":"wp","href":"https:\/\/api.w.org\/{rel}","templated":true}]}}