{"id":74355,"date":"2026-08-12T18:08:59","date_gmt":"2026-08-12T21:08:59","guid":{"rendered":"https:\/\/guialimeira.com.br\/?p=74355"},"modified":"2026-08-12T18:08:59","modified_gmt":"2026-08-12T21:08:59","slug":"festival-caipira-joao-pacifico-tera-artistas-de-cordeiropolis-e-clube-da-viola-prefeitura-municipal-de-cordeiropolis","status":"publish","type":"post","link":"https:\/\/guialimeira.com.br\/news\/festival-caipira-joao-pacifico-tera-artistas-de-cordeiropolis-e-clube-da-viola-prefeitura-municipal-de-cordeiropolis\/","title":{"rendered":"Festival Caipira \u201cJo\u00e3o Pac\u00edfico\u201d ter\u00e1 artistas de Cordeir\u00f3polis e Clube da Viola \u2013 Prefeitura Municipal de Cordeir\u00f3polis"},"content":{"rendered":"<p> <br \/>\n<\/p>\n<div>\n<p>A Prefeitura de Cordeir\u00f3polis realiza nos dias 28 e 29 de agosto o Festival Caipira \u201cJo\u00e3o Pac\u00edfico\u201d, na Pra\u00e7a Central \u201cComendador Jamil Abrah\u00e3o Saad\u201d. Realizado pela Secretaria de Cultura, Turismo e Eventos, o evento contar\u00e1 com apresenta\u00e7\u00f5es musicais e pra\u00e7a de alimenta\u00e7\u00e3o com comidas t\u00edpicas. A programa\u00e7\u00e3o \u00e9 gratuita.<\/p>\n<p>Na sexta-feira (28), o evento come\u00e7a \u00e0s 18h. O p\u00fablico acompanha o show de Jo\u00e3o Paulo &amp; Sant\u2019Anna, artistas de Cordeir\u00f3polis. Na sequ\u00eancia, \u00e0s 21h, sobe ao palco o cantor Gabriel Rocha, tamb\u00e9m cordeiropolense. Durante os shows, a pra\u00e7a de alimenta\u00e7\u00e3o estar\u00e1 dispon\u00edvel com diversas op\u00e7\u00f5es para o p\u00fablico.<\/p>\n<p>No s\u00e1bado (29), a programa\u00e7\u00e3o come\u00e7a \u00e0s 10h, com a abertura da pra\u00e7a de alimenta\u00e7\u00e3o. \u00c0s 20h30, a principal atra\u00e7\u00e3o da noite ser\u00e1 o show do Clube da Viola, que comemora 30 anos de trajet\u00f3ria. Idealizado por Matheus Calil, em parceria com a dupla Fred &amp; Pedrito, o Clube da Viola nasceu em Ribeir\u00e3o Preto e se tornou um dos projetos mais importantes da hist\u00f3ria sertaneja.<\/p>\n<p>\u201cTrazer o Clube da Viola nesse festival que homenageia o grande compositor Jo\u00e3o Pac\u00edfico \u00e9 motivo de orgulho. Especialmente porque neste mesmo palco tocar\u00e3o artistas da nossa cidade, valorizando quem \u00e9 de Cordeir\u00f3polis. Esse tem sido um dos principais prop\u00f3sitos da gest\u00e3o Cristina Saad na cultura\u201d, afirma o secret\u00e1rio de Cultura, Turismo e Eventos, Alex Olivato.<\/p>\n<p>Jo\u00e3o Batista da Silva, o Jo\u00e3o Pac\u00edfico, nasceu em Cordeir\u00f3polis em 1909. Respons\u00e1vel por milhares de composi\u00e7\u00f5es, Pac\u00edfico escreveu m\u00fasicas como \u201cChico Mulato\u201d, \u201cCabocla Tereza\u201d e \u201cPingo d\u2019\u00c1gua\u201d. Seu nome est\u00e1 eternizado no Teatro Municipal, localizado no Centro Cultural de Cordeir\u00f3polis. \u201cTodos est\u00e3o convidados a celebrar Jo\u00e3o Pac\u00edfico conosco\u201d, finaliza Olivato.<\/p>\n<\/p><\/div>\n<p><br \/>\n<br \/><a href=\"https:\/\/cordeiropolis.sp.gov.br\/festival-caipira-joao-pacifico-tera-artistas-de-cordeiropolis-e-clube-da-viola\/\" rel=\"noopener\">Informa\u00e7\u00f5es Cordeir\u00f3polis <\/a><\/p>\n","protected":false},"excerpt":{"rendered":"<p>A Prefeitura de Cordeir\u00f3polis realiza nos dias 28 e 29 de agosto o Festival Caipira \u201cJo\u00e3o Pac\u00edfico\u201d, na Pra\u00e7a Central \u201cComendador Jamil Abrah\u00e3o Saad\u201d. Realizado pela Secretaria de Cultura, Turismo e Eventos, o evento contar\u00e1 com apresenta\u00e7\u00f5es musicais e pra\u00e7a de alimenta\u00e7\u00e3o com comidas t\u00edpicas. A programa\u00e7\u00e3o \u00e9 gratuita. Na sexta-feira (28), o evento come\u00e7a [&hellip;]<\/p>\n","protected":false},"author":1,"featured_media":0,"comment_status":"closed","ping_status":"open","sticky":false,"template":"","format":"standard","meta":{"_jetpack_newsletter_access":"","_jetpack_dont_email_post_to_subs":false,"_jetpack_newsletter_tier_id":0,"_jetpack_memberships_contains_paywalled_content":false,"_mbp_banners":[],"_jetpack_feature_clip_id":0,"_jetpack_memberships_contains_paid_content":false,"footnotes":"","jetpack_publicize_message":"","jetpack_publicize_feature_enabled":true,"jetpack_social_post_already_shared":true,"jetpack_social_options":{"image_generator_settings":{"template":"highway","default_image_id":0,"font":"","enabled":false},"version":2},"jetpack_post_was_ever_published":false},"categories":[20],"tags":[],"class_list":["post-74355","post","type-post","status-publish","format-standard","category-regiao"],"jetpack_publicize_connections":[],"jetpack-related-posts":[],"jetpack_shortlink":"https:\/\/wp.me\/p7Eq1F-jlh","jetpack_sharing_enabled":true,"jetpack_featured_media_url":"","_links":{"self":[{"href":"https:\/\/guialimeira.com.br\/news\/wp-json\/wp\/v2\/posts\/74355","targetHints":{"allow":["GET"]}}],"collection":[{"href":"https:\/\/guialimeira.com.br\/news\/wp-json\/wp\/v2\/posts"}],"about":[{"href":"https:\/\/guialimeira.com.br\/news\/wp-json\/wp\/v2\/types\/post"}],"author":[{"embeddable":true,"href":"https:\/\/guialimeira.com.br\/news\/wp-json\/wp\/v2\/users\/1"}],"replies":[{"embeddable":true,"href":"https:\/\/guialimeira.com.br\/news\/wp-json\/wp\/v2\/comments?post=74355"}],"version-history":[{"count":1,"href":"https:\/\/guialimeira.com.br\/news\/wp-json\/wp\/v2\/posts\/74355\/revisions"}],"predecessor-version":[{"id":74356,"href":"https:\/\/guialimeira.com.br\/news\/wp-json\/wp\/v2\/posts\/74355\/revisions\/74356"}],"wp:attachment":[{"href":"https:\/\/guialimeira.com.br\/news\/wp-json\/wp\/v2\/media?parent=74355"}],"wp:term":[{"taxonomy":"category","embeddable":true,"href":"https:\/\/guialimeira.com.br\/news\/wp-json\/wp\/v2\/categories?post=74355"},{"taxonomy":"post_tag","embeddable":true,"href":"https:\/\/guialimeira.com.br\/news\/wp-json\/wp\/v2\/tags?post=74355"}],"curies":[{"name":"wp","href":"https:\/\/api.w.org\/{rel}","templated":true}]}}