{"id":7435,"date":"2024-06-04T16:20:43","date_gmt":"2024-06-04T19:20:43","guid":{"rendered":"https:\/\/guialimeira.com.br\/2024\/06\/04\/lula-comemora-resultado-do-pib-e-diz-que-pais-esta-no-rumo-certo\/"},"modified":"2024-06-04T16:20:43","modified_gmt":"2024-06-04T19:20:43","slug":"lula-comemora-resultado-do-pib-e-diz-que-pais-esta-no-rumo-certo","status":"publish","type":"post","link":"https:\/\/guialimeira.com.br\/news\/lula-comemora-resultado-do-pib-e-diz-que-pais-esta-no-rumo-certo\/","title":{"rendered":"Lula comemora resultado do PIB e diz que pa\u00eds est\u00e1 no rumo certo"},"content":{"rendered":"<p> <br \/>\n<\/p>\n<div>\n<p>O presidente Luiz In\u00e1cio Lula da Silva comemorou nesta ter\u00e7a-feira (4) o avan\u00e7o do Produto Interno Bruto (PIB, soma de todos os bens e servi\u00e7os produzidos no pa\u00eds) do primeiro primeiro trimestre de 2024. O crescimento foi de 0,8% na compara\u00e7\u00e3o com o desempenho da economia no \u00faltimo trimestre do ano passado, ap\u00f3s dois trimestres consecutivos de estabilidade.<img data-recalc-dims=\"1\" decoding=\"async\" src=\"https:\/\/i0.wp.com\/agenciabrasil.ebc.com.br\/ebc.png?w=696&#038;ssl=1\" style=\"width:1px; height:1px; display:inline;\"\/><img data-recalc-dims=\"1\" decoding=\"async\" src=\"https:\/\/i0.wp.com\/agenciabrasil.ebc.com.br\/ebc.gif?w=696&#038;ssl=1\" style=\"width:1px; height:1px; display:inline;\"\/><\/p>\n<p>\u201cO PIB avan\u00e7ou no primeiro trimestre deste ano puxado por maior consumo das fam\u00edlias e servi\u00e7os\u201d, afirmou o presidente, ao citar dados divulgados pelo Instituto Brasileiro de Geografia e Estat\u00edstica (IBGE). No acumulado de 12 meses, o crescimento da economia soma 2,5% e, em valores correntes, o PIB chega a R$ 2,7 trilh\u00f5es.<\/p>\n<p>\u201cOutra boa not\u00edcia \u00e9 que, segundo a previs\u00e3o do FMI [Fundo Monet\u00e1rio Internacional], o Brasil subir\u00e1 mais uma posi\u00e7\u00e3o, chegando a 8\u00ba PIB mundial. Mais uma prova de que estamos no rumo certo\u201d, completou Lula, em seu perfil na rede social X.<\/p>\n<p>Na compara\u00e7\u00e3o com o trimestre imediatamente anterior, ou seja, os tr\u00eas \u00faltimos meses de 2023, a alta de 0,8% do PIB em 2024 representa uma retomada, ap\u00f3s o recuo de 0,1% registrado no fim do ano passado. O resultado de 0,8% \u00e9 o maior desde o segundo trimestre de 2023, quando a economia cresceu 0,9%.<\/p>\n<h2>Investimento e consumo das fam\u00edlias<\/h2>\n<p>Em nota, o Minist\u00e9rio da Fazenda diz que o resultado foi influenciado pelo crescimento acima do esperado do PIB de servi\u00e7os, repercutindo a expans\u00e3o da massa de rendimentos, das concess\u00f5es de cr\u00e9dito e o pagamento de precat\u00f3rios. \u201cO resultado veio acima da mediana das previs\u00f5es de mercado e em linha com a proje\u00e7\u00e3o da Secretaria de Pol\u00edtica Econ\u00f4mica\u201d.<\/p>\n<p>\u201cAvan\u00e7os expressivos foram verificados para atividades de informa\u00e7\u00e3o e comunica\u00e7\u00e3o e imobili\u00e1rias, para o com\u00e9rcio, para os transportes e para outras atividades de servi\u00e7os, relacionadas a servi\u00e7os prestados \u00e0s fam\u00edlias\u201d, acrescenta a pasta.<\/p>\n<p>O comunicado destaca que, dentre os pa\u00edses que comp\u00f5em o G20 e que j\u00e1 divulgaram o resultado do PIB do per\u00edodo, o Brasil ocupa a 5\u00aa coloca\u00e7\u00e3o na margem, a 8\u00aa coloca\u00e7\u00e3o na compara\u00e7\u00e3o interanual e a 7\u00aa melhor posi\u00e7\u00e3o no acumulado em quatro trimestres. Turquia (2,4%), China (1,6%), Ar\u00e1bia Saudita (1,3%) e Coreia do Sul (1,3%) lideram o <em>ranking<\/em> na margem, com ajuste sazonal. O G20 \u00e9 formado pelos ministros de Finan\u00e7as e chefes dos bancos centrais das 19 maiores economias do mundo mais a Uni\u00e3o Africana e a Uni\u00e3o Europeia.<\/p>\n<\/p><\/div>\n<p><br \/>\n<br \/><a href=\"https:\/\/agenciabrasil.ebc.com.br\/economia\/noticia\/2024-06\/lula-comemora-resultado-do-pib-e-diz-que-pais-esta-no-rumo-certo\" rel=\"noopener\">Ag\u00eancia Brasil<\/a><\/p>\n","protected":false},"excerpt":{"rendered":"<p>O presidente Luiz In\u00e1cio Lula da Silva comemorou nesta ter\u00e7a-feira (4) o avan\u00e7o do Produto Interno Bruto (PIB, soma de todos os bens e servi\u00e7os produzidos no pa\u00eds) do primeiro primeiro trimestre de 2024. O crescimento foi de 0,8% na compara\u00e7\u00e3o com o desempenho da economia no \u00faltimo trimestre do ano passado, ap\u00f3s dois trimestres [&hellip;]<\/p>\n","protected":false},"author":1,"featured_media":1687,"comment_status":"open","ping_status":"open","sticky":false,"template":"","format":"standard","meta":{"_jetpack_newsletter_access":"","_jetpack_dont_email_post_to_subs":false,"_jetpack_newsletter_tier_id":0,"_jetpack_memberships_contains_paywalled_content":false,"_mbp_banners":[],"_jetpack_feature_clip_id":0,"_jetpack_memberships_contains_paid_content":false,"footnotes":"","jetpack_publicize_message":"","jetpack_publicize_feature_enabled":true,"jetpack_social_post_already_shared":true,"jetpack_social_options":{"image_generator_settings":{"template":"highway","default_image_id":0,"font":"","enabled":false},"version":2},"jetpack_post_was_ever_published":false},"categories":[24],"tags":[],"class_list":["post-7435","post","type-post","status-publish","format-standard","has-post-thumbnail","category-economia"],"jetpack_publicize_connections":[],"jetpack-related-posts":[],"jetpack_shortlink":"https:\/\/wp.me\/p7Eq1F-1VV","jetpack_sharing_enabled":true,"jetpack_featured_media_url":"https:\/\/i0.wp.com\/guialimeira.com.br\/news\/wp-content\/uploads\/2024\/04\/real_moedadinheiro_jfcrz_abr_1701220046_1.jpg?fit=1600%2C800&ssl=1","_links":{"self":[{"href":"https:\/\/guialimeira.com.br\/news\/wp-json\/wp\/v2\/posts\/7435","targetHints":{"allow":["GET"]}}],"collection":[{"href":"https:\/\/guialimeira.com.br\/news\/wp-json\/wp\/v2\/posts"}],"about":[{"href":"https:\/\/guialimeira.com.br\/news\/wp-json\/wp\/v2\/types\/post"}],"author":[{"embeddable":true,"href":"https:\/\/guialimeira.com.br\/news\/wp-json\/wp\/v2\/users\/1"}],"replies":[{"embeddable":true,"href":"https:\/\/guialimeira.com.br\/news\/wp-json\/wp\/v2\/comments?post=7435"}],"version-history":[{"count":0,"href":"https:\/\/guialimeira.com.br\/news\/wp-json\/wp\/v2\/posts\/7435\/revisions"}],"wp:featuredmedia":[{"embeddable":true,"href":"https:\/\/guialimeira.com.br\/news\/wp-json\/wp\/v2\/media\/1687"}],"wp:attachment":[{"href":"https:\/\/guialimeira.com.br\/news\/wp-json\/wp\/v2\/media?parent=7435"}],"wp:term":[{"taxonomy":"category","embeddable":true,"href":"https:\/\/guialimeira.com.br\/news\/wp-json\/wp\/v2\/categories?post=7435"},{"taxonomy":"post_tag","embeddable":true,"href":"https:\/\/guialimeira.com.br\/news\/wp-json\/wp\/v2\/tags?post=7435"}],"curies":[{"name":"wp","href":"https:\/\/api.w.org\/{rel}","templated":true}]}}