{"id":74327,"date":"2026-08-12T13:19:36","date_gmt":"2026-08-12T16:19:36","guid":{"rendered":"https:\/\/guialimeira.com.br\/maira-cardi-e-thiago-nigro-estreiam-imovel-milionario-durante-o-dia-dos-pais\/"},"modified":"2026-08-12T13:19:36","modified_gmt":"2026-08-12T16:19:36","slug":"maira-cardi-e-thiago-nigro-estreiam-imovel-milionario-durante-o-dia-dos-pais","status":"publish","type":"post","link":"https:\/\/guialimeira.com.br\/news\/maira-cardi-e-thiago-nigro-estreiam-imovel-milionario-durante-o-dia-dos-pais\/","title":{"rendered":"Ma\u00edra Cardi e Thiago Nigro estreiam im\u00f3vel milion\u00e1rio durante o Dia dos Pais"},"content":{"rendered":"<p>Ma\u00edra Cardi e Thiago Nigro est\u00e3o de casa nova, ainda que a mudan\u00e7a tenha um car\u00e1ter diferente do tradicional. O casal comprou uma propriedade de alto padr\u00e3o no interior de S\u00e3o Paulo e escolheu o Dia dos Pais para reunir a fam\u00edlia no novo endere\u00e7o.<\/p>\n<p>O im\u00f3vel fica na Fazenda Boa Vista, um empreendimento conhecido por suas propriedades de luxo e pela estrutura voltada ao lazer e \u00e0 privacidade. A aquisi\u00e7\u00e3o acontece enquanto outro grande projeto da fam\u00edlia continua em andamento: a mans\u00e3o de Alphaville.<\/p>\n<p>A resid\u00eancia em Alphaville ainda passa por obras, o que fez com que a nova propriedade ganhasse espa\u00e7o na rotina do casal. Com o im\u00f3vel j\u00e1 dispon\u00edvel, Ma\u00edra e Thiago puderam aproveitar o per\u00edodo de constru\u00e7\u00e3o da mans\u00e3o sem deixar de ter um endere\u00e7o confort\u00e1vel para momentos em fam\u00edlia.<\/p>\n<p>A primeira celebra\u00e7\u00e3o especial na nova casa aconteceu justamente em uma data simb\u00f3lica. No Dia dos Pais, a fam\u00edlia esteve reunida no interior e aproveitou o espa\u00e7o para passar o dia em um ambiente mais reservado.<\/p>\n<p>A escolha da regi\u00e3o tamb\u00e9m combina com a busca por tranquilidade. Distante do ritmo mais acelerado da Grande S\u00e3o Paulo, a Fazenda Boa Vista oferece uma estrutura que permite aos moradores e visitantes aproveitarem \u00e1reas abertas e op\u00e7\u00f5es de lazer sem abrir m\u00e3o do conforto.<\/p>\n<p>O novo im\u00f3vel tem padr\u00e3o milion\u00e1rio e representa mais um investimento de alto valor feito pelo casal. A propriedade tamb\u00e9m amplia as possibilidades de estadia da fam\u00edlia enquanto a mans\u00e3o de Alphaville n\u00e3o fica pronta.<\/p>\n<p>A obra da resid\u00eancia principal continua sendo acompanhada de perto por Ma\u00edra e Thiago. O projeto j\u00e1 chamou aten\u00e7\u00e3o anteriormente pela dimens\u00e3o e pelos detalhes planejados para o im\u00f3vel, mas a conclus\u00e3o ainda depende do andamento dos trabalhos.<\/p>\n<p>Enquanto isso, a nova casa passa a funcionar como um espa\u00e7o para descanso e conviv\u00eancia. A fam\u00edlia pode aproveitar o im\u00f3vel em per\u00edodos espec\u00edficos, especialmente em ocasi\u00f5es que exigem mais privacidade ou simplesmente quando quiser escapar da rotina.<\/p>\n<p>A aquisi\u00e7\u00e3o tamb\u00e9m movimentou os seguidores de Ma\u00edra Cardi, que costumam acompanhar pelas redes sociais diferentes momentos da vida pessoal da empres\u00e1ria. A chegada do novo im\u00f3vel acabou despertando curiosidade justamente por ocorrer em meio \u00e0s obras da mans\u00e3o.<\/p>\n<p>O Dia dos Pais serviu como uma esp\u00e9cie de primeiro cap\u00edtulo dessa nova etapa. A reuni\u00e3o familiar no local mostrou que a propriedade j\u00e1 come\u00e7ou a ser incorporada \u00e0s experi\u00eancias pessoais do casal.<\/p>\n<p>Apesar da compra, a mans\u00e3o de Alphaville continua nos planos. A nova propriedade n\u00e3o substitui necessariamente o projeto que est\u00e1 em constru\u00e7\u00e3o, mas oferece uma alternativa enquanto a obra n\u00e3o \u00e9 finalizada.<\/p>\n<p>Dessa maneira, Ma\u00edra Cardi e Thiago Nigro passam a contar com mais um espa\u00e7o para viver momentos em fam\u00edlia. O im\u00f3vel no interior de S\u00e3o Paulo surge em uma fase de mudan\u00e7as e investimentos, ao mesmo tempo em que a casa de Alphaville segue sendo preparada.<\/p>\n<p>A nova propriedade j\u00e1 ganhou uma lembran\u00e7a especial logo na primeira ocasi\u00e3o: foi escolhida para a celebra\u00e7\u00e3o do Dia dos Pais. Agora, enquanto as obras da mans\u00e3o continuam, o casal tem \u00e0 disposi\u00e7\u00e3o um novo endere\u00e7o para aproveitar per\u00edodos de descanso e reunir a fam\u00edlia.<\/p>\n<p><\/p>\n","protected":false},"excerpt":{"rendered":"<p>Ma\u00edra Cardi e Thiago Nigro est\u00e3o de casa nova, ainda que a mudan\u00e7a tenha um car\u00e1ter diferente do tradicional. O casal comprou uma propriedade de alto padr\u00e3o no interior de S\u00e3o Paulo e escolheu o Dia dos Pais para reunir a fam\u00edlia no novo endere\u00e7o. O im\u00f3vel fica na Fazenda Boa Vista, um empreendimento conhecido [\u2026]<\/p>\n","protected":false},"author":5,"featured_media":0,"comment_status":"","ping_status":"open","sticky":false,"template":"","format":"standard","meta":{"_jetpack_newsletter_access":"","_jetpack_dont_email_post_to_subs":false,"_jetpack_newsletter_tier_id":0,"_jetpack_memberships_contains_paywalled_content":false,"_mbp_banners":[],"_jetpack_feature_clip_id":0,"_jetpack_memberships_contains_paid_content":false,"footnotes":"","jetpack_publicize_message":"","jetpack_publicize_feature_enabled":true,"jetpack_social_post_already_shared":true,"jetpack_social_options":{"image_generator_settings":{"template":"highway","default_image_id":0,"font":"","enabled":false},"version":2},"jetpack_post_was_ever_published":false},"categories":[],"tags":[],"class_list":["post-74327","post","type-post","status-publish","format-standard"],"jetpack_publicize_connections":[],"jetpack-related-posts":[],"jetpack_shortlink":"https:\/\/wp.me\/p7Eq1F-jkP","jetpack_sharing_enabled":true,"jetpack_featured_media_url":"","_links":{"self":[{"href":"https:\/\/guialimeira.com.br\/news\/wp-json\/wp\/v2\/posts\/74327","targetHints":{"allow":["GET"]}}],"collection":[{"href":"https:\/\/guialimeira.com.br\/news\/wp-json\/wp\/v2\/posts"}],"about":[{"href":"https:\/\/guialimeira.com.br\/news\/wp-json\/wp\/v2\/types\/post"}],"author":[{"embeddable":true,"href":"https:\/\/guialimeira.com.br\/news\/wp-json\/wp\/v2\/users\/5"}],"replies":[{"embeddable":true,"href":"https:\/\/guialimeira.com.br\/news\/wp-json\/wp\/v2\/comments?post=74327"}],"version-history":[{"count":0,"href":"https:\/\/guialimeira.com.br\/news\/wp-json\/wp\/v2\/posts\/74327\/revisions"}],"wp:attachment":[{"href":"https:\/\/guialimeira.com.br\/news\/wp-json\/wp\/v2\/media?parent=74327"}],"wp:term":[{"taxonomy":"category","embeddable":true,"href":"https:\/\/guialimeira.com.br\/news\/wp-json\/wp\/v2\/categories?post=74327"},{"taxonomy":"post_tag","embeddable":true,"href":"https:\/\/guialimeira.com.br\/news\/wp-json\/wp\/v2\/tags?post=74327"}],"curies":[{"name":"wp","href":"https:\/\/api.w.org\/{rel}","templated":true}]}}