{"id":74324,"date":"2026-08-12T13:09:57","date_gmt":"2026-08-12T16:09:57","guid":{"rendered":"https:\/\/guialimeira.com.br\/mariana-fagundes-revela-motivo-de-estar-menos-presente-nas-redes-durante-agosto\/"},"modified":"2026-08-12T13:09:57","modified_gmt":"2026-08-12T16:09:57","slug":"mariana-fagundes-revela-motivo-de-estar-menos-presente-nas-redes-durante-agosto","status":"publish","type":"post","link":"https:\/\/guialimeira.com.br\/news\/mariana-fagundes-revela-motivo-de-estar-menos-presente-nas-redes-durante-agosto\/","title":{"rendered":"Mariana Fagundes revela motivo de estar menos presente nas redes durante agosto"},"content":{"rendered":"<p>Quem acompanha Mariana Fagundes pelas redes sociais percebeu que a cantora est\u00e1 mais discreta no Instagram. A mudan\u00e7a, entretanto, tem uma explica\u00e7\u00e3o bastante objetiva: a artista est\u00e1 enfrentando uma agenda intensa de shows ao longo de agosto, com cerca de 30 apresenta\u00e7\u00f5es previstas para o m\u00eas.<\/p>\n<p>Diante da redu\u00e7\u00e3o nas publica\u00e7\u00f5es, Mariana decidiu explicar aos seguidores o motivo de estar menos ativa no ambiente digital. A rotina profissional tomou conta dos dias da cantora, que tem passado boa parte do tempo entre viagens, compromissos e apresenta\u00e7\u00f5es.<\/p>\n<p>Uma agenda com tr\u00eas dezenas de shows em apenas um m\u00eas exige uma log\u00edstica extensa. Al\u00e9m do per\u00edodo no palco, a artista precisa se deslocar entre diferentes cidades, participar de preparativos, acompanhar passagens de som e organizar todos os detalhes necess\u00e1rios para cada apresenta\u00e7\u00e3o.<\/p>\n<p>Com tantos compromissos em sequ\u00eancia, o tempo dispon\u00edvel para produzir conte\u00fado e acompanhar o Instagram naturalmente diminuiu. Mariana optou por priorizar a carreira e os trabalhos que j\u00e1 estavam programados, deixando as redes sociais em um ritmo menos intenso.<\/p>\n<p>A situa\u00e7\u00e3o tamb\u00e9m mostra uma realidade comum na vida de artistas que atravessam per\u00edodos de grande demanda profissional. A presen\u00e7a constante na internet pode passar a impress\u00e3o de que publicar diariamente \u00e9 parte obrigat\u00f3ria da rotina, mas os bastidores de uma agenda de shows costumam ser bem mais corridos.<\/p>\n<p>No caso de Mariana, agosto tem sido especialmente movimentado. A sequ\u00eancia de apresenta\u00e7\u00f5es exige prepara\u00e7\u00e3o f\u00edsica e profissional, al\u00e9m de horas de deslocamento. Entre uma cidade e outra, a cantora precisa encontrar tempo para descansar e se preparar para o pr\u00f3ximo compromisso.<\/p>\n<p>Por isso, a menor frequ\u00eancia no Instagram n\u00e3o representa afastamento da m\u00fasica nem uma pausa nos trabalhos. A cantora segue cumprindo normalmente a agenda e mantendo o foco nas apresenta\u00e7\u00f5es.<\/p>\n<p>Os f\u00e3s continuam acompanhando a artista principalmente pelos registros dos shows e pelos momentos compartilhados quando a rotina permite. Mesmo com menos publica\u00e7\u00f5es, Mariana permanece em contato com o p\u00fablico e aproveita as oportunidades para mostrar parte da maratona profissional.<\/p>\n<p>A decis\u00e3o de reduzir temporariamente a exposi\u00e7\u00e3o nas redes tamb\u00e9m permite que a cantora concentre sua aten\u00e7\u00e3o no trabalho. Em um m\u00eas com aproximadamente 30 apresenta\u00e7\u00f5es, administrar hor\u00e1rios, viagens e compromissos j\u00e1 representa um grande desafio.<\/p>\n<p>Mariana Fagundes, portanto, vive um per\u00edodo de intensa atividade profissional. A aus\u00eancia relativa do Instagram n\u00e3o \u00e9 sinal de desinteresse pelas redes, mas consequ\u00eancia de uma agenda que praticamente tomou conta do m\u00eas de agosto.<\/p>\n<p>Com tantos palcos pela frente, a prioridade da cantora est\u00e1 clara: cumprir os compromissos, entregar bons shows e aproveitar cada encontro com o p\u00fablico. As redes podem esperar um pouco, enquanto a agenda segue em ritmo acelerado.<\/p>\n<p><\/p>\n","protected":false},"excerpt":{"rendered":"<p>Quem acompanha Mariana Fagundes pelas redes sociais percebeu que a cantora est\u00e1 mais discreta no Instagram. A mudan\u00e7a, entretanto, tem uma explica\u00e7\u00e3o bastante objetiva: a artista est\u00e1 enfrentando uma agenda intensa de shows ao longo de agosto, com cerca de 30 apresenta\u00e7\u00f5es previstas para o m\u00eas. Diante da redu\u00e7\u00e3o nas publica\u00e7\u00f5es, Mariana decidiu explicar aos [\u2026]<\/p>\n","protected":false},"author":5,"featured_media":0,"comment_status":"","ping_status":"open","sticky":false,"template":"","format":"standard","meta":{"_jetpack_newsletter_access":"","_jetpack_dont_email_post_to_subs":false,"_jetpack_newsletter_tier_id":0,"_jetpack_memberships_contains_paywalled_content":false,"_mbp_banners":[],"_jetpack_feature_clip_id":0,"_jetpack_memberships_contains_paid_content":false,"footnotes":"","jetpack_publicize_message":"","jetpack_publicize_feature_enabled":true,"jetpack_social_post_already_shared":true,"jetpack_social_options":{"image_generator_settings":{"template":"highway","default_image_id":0,"font":"","enabled":false},"version":2},"jetpack_post_was_ever_published":false},"categories":[],"tags":[],"class_list":["post-74324","post","type-post","status-publish","format-standard"],"jetpack_publicize_connections":[],"jetpack-related-posts":[],"jetpack_shortlink":"https:\/\/wp.me\/p7Eq1F-jkM","jetpack_sharing_enabled":true,"jetpack_featured_media_url":"","_links":{"self":[{"href":"https:\/\/guialimeira.com.br\/news\/wp-json\/wp\/v2\/posts\/74324","targetHints":{"allow":["GET"]}}],"collection":[{"href":"https:\/\/guialimeira.com.br\/news\/wp-json\/wp\/v2\/posts"}],"about":[{"href":"https:\/\/guialimeira.com.br\/news\/wp-json\/wp\/v2\/types\/post"}],"author":[{"embeddable":true,"href":"https:\/\/guialimeira.com.br\/news\/wp-json\/wp\/v2\/users\/5"}],"replies":[{"embeddable":true,"href":"https:\/\/guialimeira.com.br\/news\/wp-json\/wp\/v2\/comments?post=74324"}],"version-history":[{"count":0,"href":"https:\/\/guialimeira.com.br\/news\/wp-json\/wp\/v2\/posts\/74324\/revisions"}],"wp:attachment":[{"href":"https:\/\/guialimeira.com.br\/news\/wp-json\/wp\/v2\/media?parent=74324"}],"wp:term":[{"taxonomy":"category","embeddable":true,"href":"https:\/\/guialimeira.com.br\/news\/wp-json\/wp\/v2\/categories?post=74324"},{"taxonomy":"post_tag","embeddable":true,"href":"https:\/\/guialimeira.com.br\/news\/wp-json\/wp\/v2\/tags?post=74324"}],"curies":[{"name":"wp","href":"https:\/\/api.w.org\/{rel}","templated":true}]}}