{"id":74321,"date":"2026-08-12T12:57:12","date_gmt":"2026-08-12T15:57:12","guid":{"rendered":"https:\/\/guialimeira.com.br\/ana-castela-fala-sobre-desafios-da-atuacao-e-revela-medo-antes-de-estreia-em-novela\/"},"modified":"2026-08-12T12:57:12","modified_gmt":"2026-08-12T15:57:12","slug":"ana-castela-fala-sobre-desafios-da-atuacao-e-revela-medo-antes-de-estreia-em-novela","status":"publish","type":"post","link":"https:\/\/guialimeira.com.br\/news\/ana-castela-fala-sobre-desafios-da-atuacao-e-revela-medo-antes-de-estreia-em-novela\/","title":{"rendered":"Ana Castela fala sobre desafios da atua\u00e7\u00e3o e revela medo antes de estreia em novela"},"content":{"rendered":"<p>A entrada de Ana Castela no universo das novelas representou uma mudan\u00e7a importante na trajet\u00f3ria da cantora. Acostumada aos palcos, aos grandes eventos e \u00e0 rotina intensa da m\u00fasica sertaneja, ela precisou assumir um novo desafio profissional ao integrar o elenco de \u201cCora\u00e7\u00e3o Acelerado\u201d.<\/p>\n<p>A experi\u00eancia, por\u00e9m, come\u00e7ou acompanhada de inseguran\u00e7a. Em um balan\u00e7o sobre a primeira oportunidade na atua\u00e7\u00e3o, Ana contou que n\u00e3o tinha certeza sobre o resultado e chegou a questionar se conseguiria desempenhar bem a nova fun\u00e7\u00e3o. \u201cN\u00e3o sabia se ia dar certo\u201d, afirmou.<\/p>\n<p>O receio estava relacionado principalmente ao fato de a atua\u00e7\u00e3o ser uma \u00e1rea completamente diferente daquela em que a artista j\u00e1 havia constru\u00eddo sua carreira. Na m\u00fasica, Ana est\u00e1 acostumada a subir ao palco e interpretar can\u00e7\u00f5es diante de milhares de pessoas. Na novela, entretanto, a proposta exigia outra prepara\u00e7\u00e3o.<\/p>\n<p>A cantora precisou aprender a lidar com textos, cenas e orienta\u00e7\u00f5es de dire\u00e7\u00e3o, al\u00e9m de encontrar maneiras de transmitir sentimentos por meio da personagem. Cada grava\u00e7\u00e3o trouxe uma oportunidade de conhecer melhor o trabalho dos atores e entender a din\u00e2mica de uma produ\u00e7\u00e3o televisiva.<\/p>\n<p>Mesmo com as d\u00favidas iniciais, Ana decidiu encarar o desafio. A experi\u00eancia acabou se transformando em uma oportunidade de aprendizado e permitiu que ela explorasse uma faceta profissional que ainda era desconhecida pelo p\u00fablico.<\/p>\n<p>A estreia tamb\u00e9m mostrou que a artista est\u00e1 disposta a ampliar seus horizontes. Depois de conquistar espa\u00e7o na m\u00fasica e se tornar um dos nomes de destaque de sua gera\u00e7\u00e3o no sertanejo, ela passou a experimentar uma linguagem art\u00edstica diferente.<\/p>\n<p>Ao recordar o per\u00edodo de grava\u00e7\u00f5es, Ana destaca justamente a transforma\u00e7\u00e3o provocada pelo processo. O que come\u00e7ou com medo e incerteza foi se tornando uma experi\u00eancia capaz de contribuir para seu crescimento profissional.<\/p>\n<p>A cantora tamb\u00e9m precisou enfrentar a pr\u00f3pria cobran\u00e7a. Por ser estreante na atua\u00e7\u00e3o, havia naturalmente uma expectativa em torno de seu desempenho. Em vez de esconder a inseguran\u00e7a, ela preferiu reconhecer que estava diante de algo novo e aproveitar cada etapa para aprender.<\/p>\n<p>\u201cCora\u00e7\u00e3o Acelerado\u201d marcou, dessa maneira, uma fase diferente na carreira de Ana Castela. A participa\u00e7\u00e3o na novela n\u00e3o apenas colocou a artista diante de um novo p\u00fablico, como tamb\u00e9m mostrou sua disposi\u00e7\u00e3o para experimentar outras possibilidades.<\/p>\n<p>O primeiro contato com a dramaturgia deixou uma li\u00e7\u00e3o para a cantora: nem sempre \u00e9 preciso ter certeza de que tudo vai funcionar antes de aceitar um desafio. No caso de Ana, a d\u00favida inicial acabou dando espa\u00e7o \u00e0 descoberta e \u00e0 vontade de continuar explorando novos caminhos dentro da carreira art\u00edstica.<\/p>\n<p><\/p>\n","protected":false},"excerpt":{"rendered":"<p>A entrada de Ana Castela no universo das novelas representou uma mudan\u00e7a importante na trajet\u00f3ria da cantora. Acostumada aos palcos, aos grandes eventos e \u00e0 rotina intensa da m\u00fasica sertaneja, ela precisou assumir um novo desafio profissional ao integrar o elenco de \u201cCora\u00e7\u00e3o Acelerado\u201d. A experi\u00eancia, por\u00e9m, come\u00e7ou acompanhada de inseguran\u00e7a. Em um balan\u00e7o sobre [\u2026]<\/p>\n","protected":false},"author":5,"featured_media":0,"comment_status":"","ping_status":"open","sticky":false,"template":"","format":"standard","meta":{"_jetpack_newsletter_access":"","_jetpack_dont_email_post_to_subs":false,"_jetpack_newsletter_tier_id":0,"_jetpack_memberships_contains_paywalled_content":false,"_mbp_banners":[],"_jetpack_feature_clip_id":0,"_jetpack_memberships_contains_paid_content":false,"footnotes":"","jetpack_publicize_message":"","jetpack_publicize_feature_enabled":true,"jetpack_social_post_already_shared":true,"jetpack_social_options":{"image_generator_settings":{"template":"highway","default_image_id":0,"font":"","enabled":false},"version":2},"jetpack_post_was_ever_published":false},"categories":[],"tags":[],"class_list":["post-74321","post","type-post","status-publish","format-standard"],"jetpack_publicize_connections":[],"jetpack-related-posts":[],"jetpack_shortlink":"https:\/\/wp.me\/p7Eq1F-jkJ","jetpack_sharing_enabled":true,"jetpack_featured_media_url":"","_links":{"self":[{"href":"https:\/\/guialimeira.com.br\/news\/wp-json\/wp\/v2\/posts\/74321","targetHints":{"allow":["GET"]}}],"collection":[{"href":"https:\/\/guialimeira.com.br\/news\/wp-json\/wp\/v2\/posts"}],"about":[{"href":"https:\/\/guialimeira.com.br\/news\/wp-json\/wp\/v2\/types\/post"}],"author":[{"embeddable":true,"href":"https:\/\/guialimeira.com.br\/news\/wp-json\/wp\/v2\/users\/5"}],"replies":[{"embeddable":true,"href":"https:\/\/guialimeira.com.br\/news\/wp-json\/wp\/v2\/comments?post=74321"}],"version-history":[{"count":0,"href":"https:\/\/guialimeira.com.br\/news\/wp-json\/wp\/v2\/posts\/74321\/revisions"}],"wp:attachment":[{"href":"https:\/\/guialimeira.com.br\/news\/wp-json\/wp\/v2\/media?parent=74321"}],"wp:term":[{"taxonomy":"category","embeddable":true,"href":"https:\/\/guialimeira.com.br\/news\/wp-json\/wp\/v2\/categories?post=74321"},{"taxonomy":"post_tag","embeddable":true,"href":"https:\/\/guialimeira.com.br\/news\/wp-json\/wp\/v2\/tags?post=74321"}],"curies":[{"name":"wp","href":"https:\/\/api.w.org\/{rel}","templated":true}]}}