{"id":7426,"date":"2024-06-04T15:19:42","date_gmt":"2024-06-04T18:19:42","guid":{"rendered":"https:\/\/guialimeira.com.br\/2024\/06\/04\/banco-do-brics-investira-r-57-bilhoes-na-reconstrucao-do-rs\/"},"modified":"2024-06-04T15:19:42","modified_gmt":"2024-06-04T18:19:42","slug":"banco-do-brics-investira-r-57-bilhoes-na-reconstrucao-do-rs","status":"publish","type":"post","link":"https:\/\/guialimeira.com.br\/news\/banco-do-brics-investira-r-57-bilhoes-na-reconstrucao-do-rs\/","title":{"rendered":"Banco do Brics investir\u00e1 R$ 5,7 bilh\u00f5es na reconstru\u00e7\u00e3o do RS"},"content":{"rendered":"<p> <br \/>\n<\/p>\n<div>\n<p>O vice-presidente da Rep\u00fablica e ministro do Desenvolvimento, Ind\u00fastria, Com\u00e9rcio e Servi\u00e7os, Geraldo Alckmin, e a presidente do\u00a0New Development Bank\u00a0(NDB), o chamado Banco do Brics [grupo formado por pa\u00edses Brasil, R\u00fassia, \u00cdndia, China e \u00c1frica do Sul], Dilma Rousseff, formalizaram, nesta ter\u00e7a-feira (4), a destina\u00e7\u00e3o de US$ 1,115 bilh\u00e3o (R$ 5,75 bilh\u00f5es) para apoiar a reconstru\u00e7\u00e3o do Rio Grande do Sul, estado atingido por fortes chuvas e enchentes\u00a0desde o fim de abril desde ano. A formaliza\u00e7\u00e3o ocorreu durante <a href=\"https:\/\/agenciabrasil.ebc.com.br\/geral\/noticia\/2024-05\/banco-do-brics-vai-destinar-r-57-bilhoes-para-reconstrucao-do-rs\" target=\"_blank\" rel=\"noopener\">viagem oficial de Alckmin \u00e0 China<\/a>. O apoio j\u00e1 havia sido anunciado em maio.<img data-recalc-dims=\"1\" decoding=\"async\" src=\"https:\/\/i0.wp.com\/agenciabrasil.ebc.com.br\/ebc.png?w=696&#038;ssl=1\" style=\"width:1px; height:1px; display:inline;\"\/><img data-recalc-dims=\"1\" decoding=\"async\" src=\"https:\/\/i0.wp.com\/agenciabrasil.ebc.com.br\/ebc.gif?w=696&#038;ssl=1\" style=\"width:1px; height:1px; display:inline;\"\/><\/p>\n<p>O vice-presidente Geraldo Alckmin agradeceu ao Banco do Brics pelo apoio oferecido ao estado diante da cat\u00e1strofe. \u201cTenho convic\u00e7\u00e3o de que a reconstru\u00e7\u00e3o do estado ser\u00e1 maior que a destrui\u00e7\u00e3o\u201d, garantiu.<\/p>\n<p>Presidente do NDB, a ex-presidente da Rep\u00fablica Dilma Rousseff destacou que seu mandato do banco \u00e9 focado em desenvolvimento sustent\u00e1vel e que\u00a0estar\u00e1 presente\u00a0no estado para apoi\u00e1-lo dentro das possibilidades da institui\u00e7\u00e3o. Dilma enfatizou que o banco internacional tem mecanismos para monitorar o emprego dos recursos enviados, mas que n\u00e3o far\u00e1 imposi\u00e7\u00f5es sobre como devem ser usados. \u201cNeste momento, \u00e9 complicado prever inteiramente os crit\u00e9rios para a reconstru\u00e7\u00e3o do estado\u201d, destacou Dilma Rousseff.<\/p>\n<h2>Distribui\u00e7\u00e3o<\/h2>\n<p>Do total de US$ 1,115 bilh\u00e3o que ser\u00e3o destinados ao estado ga\u00facho, a <a href=\"https:\/\/twitter.com\/dilmabr\/status\/1790379240522764383\" target=\"_blank\" rel=\"noopener\">carta-compromisso<\/a> assinada pelos dois brasileiros nesta ter\u00e7a-feira\u00a0formalizou investimento de US$ 495 milh\u00f5es do banco para a reconstru\u00e7\u00e3o do estado (equivalente a R$ 2,6 bilh\u00f5es), que ser\u00e3o distribu\u00eddos da seguinte forma: US$ 200 milh\u00f5es para infraestrutura, incluindo obras em rodovias, pontes, vias urbanas, pontes, estradas e outras instala\u00e7\u00f5es.<\/p>\n<p>Os outros US$ 295 milh\u00f5es ser\u00e3o canalizados pelo Banco Regional do Extremo Sul (BRDE) e destinados \u00e0s necessidades do Rio Grande do Sul, como projetos de mobilidade urbana, recursos h\u00eddricos, saneamento b\u00e1sico e de infraestrutura social.<\/p>\n<p>J\u00e1 os US$ 620 milh\u00f5es ser\u00e3o concedidos pelo\u00a0Banco Nacional de Desenvolvimento Econ\u00f4mico e Social (BNDES) e pelo Banco do Brasil para serem aplicados exclusivamente no estado, para financiamento de pequenas e m\u00e9dias empresas, obras e prote\u00e7\u00e3o ambiental, infraestrutura, infraestrutura agr\u00edcola, infraestrutura log\u00edstica, \u00e1gua e tratamento de esgoto, projetos de armazenagem.<\/p>\n<h2>Banco do Brics<\/h2>\n<p>Criado em dezembro de 2014 para ampliar o financiamento para projetos de infraestrutura e de desenvolvimento sustent\u00e1vel no Brics e em outras economias emergentes, o\u00a0New Development Bank\u00a0(NDB), at\u00e9 o in\u00edcio de 2023, tinha cerca de US$ 32 bilh\u00f5es em projetos aprovados. Desse total, cerca de US$ 4 bilh\u00f5es foram investidos no Brasil, principalmente em projetos de rodovias e portos. Em 2021, o Banco do Brics teve a ades\u00e3o dos seguintes pa\u00edses: Bangladesh, Egito, Emirados \u00c1rabes Unidos e Uruguai.<\/p>\n<p>A ex-presidente da Rep\u00fablica Dilma Rousseff foi eleita presidente do NDB em mar\u00e7o de 2023 e permanece no cargo at\u00e9 julho de 2025, quando acaba o mandato do Brasil no comando da institui\u00e7\u00e3o financeira. Ela substitui o ex-secret\u00e1rio especial do antigo Minist\u00e9rio da Economia, Marcos Troyjo, que ocupou o posto desde julho de 2020 at\u00e9 a posse de Dilma Rousseff.<\/p>\n<p>A institui\u00e7\u00e3o financeira tem\u00a0sede em Xangai, n\u00facleo financeiro da China. Cada pa\u00eds do Brics preside o banco por mandatos rotativos de 5 anos.<\/p>\n<\/p><\/div>\n<p><script async src=\"\/\/platform.twitter.com\/widgets.js\" charset=\"utf-8\"><\/script><br \/>\n<br \/><br \/>\n<br \/><a href=\"https:\/\/agenciabrasil.ebc.com.br\/economia\/noticia\/2024-06\/banco-do-brics-investira-r-57-bilhoes-na-reconstrucao-do-rs\" rel=\"noopener\">Ag\u00eancia Brasil<\/a><\/p>\n","protected":false},"excerpt":{"rendered":"<p>O vice-presidente da Rep\u00fablica e ministro do Desenvolvimento, Ind\u00fastria, Com\u00e9rcio e Servi\u00e7os, Geraldo Alckmin, e a presidente do\u00a0New Development Bank\u00a0(NDB), o chamado Banco do Brics [grupo formado por pa\u00edses Brasil, R\u00fassia, \u00cdndia, China e \u00c1frica do Sul], Dilma Rousseff, formalizaram, nesta ter\u00e7a-feira (4), a destina\u00e7\u00e3o de US$ 1,115 bilh\u00e3o (R$ 5,75 bilh\u00f5es) para apoiar a [&hellip;]<\/p>\n","protected":false},"author":1,"featured_media":5658,"comment_status":"open","ping_status":"open","sticky":false,"template":"","format":"standard","meta":{"_jetpack_newsletter_access":"","_jetpack_dont_email_post_to_subs":false,"_jetpack_newsletter_tier_id":0,"_jetpack_memberships_contains_paywalled_content":false,"_mbp_banners":[],"_jetpack_feature_clip_id":0,"_jetpack_memberships_contains_paid_content":false,"footnotes":"","jetpack_publicize_message":"","jetpack_publicize_feature_enabled":true,"jetpack_social_post_already_shared":true,"jetpack_social_options":{"image_generator_settings":{"template":"highway","default_image_id":0,"font":"","enabled":false},"version":2},"jetpack_post_was_ever_published":false},"categories":[24],"tags":[],"class_list":["post-7426","post","type-post","status-publish","format-standard","has-post-thumbnail","category-economia"],"jetpack_publicize_connections":[],"jetpack-related-posts":[],"jetpack_shortlink":"https:\/\/wp.me\/p7Eq1F-1VM","jetpack_sharing_enabled":true,"jetpack_featured_media_url":"https:\/\/i0.wp.com\/guialimeira.com.br\/news\/wp-content\/uploads\/2024\/05\/img_9606.jpg?fit=1600%2C800&ssl=1","_links":{"self":[{"href":"https:\/\/guialimeira.com.br\/news\/wp-json\/wp\/v2\/posts\/7426","targetHints":{"allow":["GET"]}}],"collection":[{"href":"https:\/\/guialimeira.com.br\/news\/wp-json\/wp\/v2\/posts"}],"about":[{"href":"https:\/\/guialimeira.com.br\/news\/wp-json\/wp\/v2\/types\/post"}],"author":[{"embeddable":true,"href":"https:\/\/guialimeira.com.br\/news\/wp-json\/wp\/v2\/users\/1"}],"replies":[{"embeddable":true,"href":"https:\/\/guialimeira.com.br\/news\/wp-json\/wp\/v2\/comments?post=7426"}],"version-history":[{"count":0,"href":"https:\/\/guialimeira.com.br\/news\/wp-json\/wp\/v2\/posts\/7426\/revisions"}],"wp:featuredmedia":[{"embeddable":true,"href":"https:\/\/guialimeira.com.br\/news\/wp-json\/wp\/v2\/media\/5658"}],"wp:attachment":[{"href":"https:\/\/guialimeira.com.br\/news\/wp-json\/wp\/v2\/media?parent=7426"}],"wp:term":[{"taxonomy":"category","embeddable":true,"href":"https:\/\/guialimeira.com.br\/news\/wp-json\/wp\/v2\/categories?post=7426"},{"taxonomy":"post_tag","embeddable":true,"href":"https:\/\/guialimeira.com.br\/news\/wp-json\/wp\/v2\/tags?post=7426"}],"curies":[{"name":"wp","href":"https:\/\/api.w.org\/{rel}","templated":true}]}}