{"id":7420,"date":"2024-06-04T14:24:48","date_gmt":"2024-06-04T17:24:48","guid":{"rendered":"https:\/\/guialimeira.com.br\/2024\/06\/04\/alunos-de-fatec-mostram-como-fazer-uma-horta-vertical-em-casa\/"},"modified":"2024-06-04T14:24:48","modified_gmt":"2024-06-04T17:24:48","slug":"alunos-de-fatec-mostram-como-fazer-uma-horta-vertical-em-casa","status":"publish","type":"post","link":"https:\/\/guialimeira.com.br\/news\/alunos-de-fatec-mostram-como-fazer-uma-horta-vertical-em-casa\/","title":{"rendered":"Alunos de Fatec mostram como fazer uma horta vertical em casa"},"content":{"rendered":"<p> <br \/>\n<\/p>\n<div id=\"\">&#13;<br \/>\n                                <!-- Title -->&#13;<br \/>\n                                &#13;<br \/>\n&#13;<br \/>\n                                <!-- Excerpt -->&#13;<\/p>\n<p class=\"excerpt\">Utilizando materiais de descarte, estudantes da Fatec Taquaritinga ensinam como criar uma horta em pequenos espa\u00e7os urbanos<\/p>\n<p>&#13;<br \/>\n&#13;<br \/>\n                                &#13;\n                            <\/p><\/div>\n<div id=\"\">&#13;<\/p>\n<figure id=\"attachment_5895695\" style=\"width: 100%;max-width: 725px\" class=\"wp-caption alignnone\"><img data-recalc-dims=\"1\" decoding=\"async\" loading=\"lazy\" class=\" wp-image-5895695\" src=\"https:\/\/i0.wp.com\/www.saopaulo.sp.gov.br\/wp-content\/uploads\/2024\/06\/Horta-pp-300x200.jpg?resize=696%2C464&#038;ssl=1\" alt=\"\" width=\"696\" height=\"464\" srcset=\"https:\/\/www.saopaulo.sp.gov.br\/wp-content\/uploads\/2024\/06\/Horta-pp-300x200.jpg 300w, https:\/\/www.saopaulo.sp.gov.br\/wp-content\/uploads\/2024\/06\/Horta-pp-1024x683.jpg 1024w, https:\/\/www.saopaulo.sp.gov.br\/wp-content\/uploads\/2024\/06\/Horta-pp-768x512.jpg 768w, https:\/\/www.saopaulo.sp.gov.br\/wp-content\/uploads\/2024\/06\/Horta-pp.jpg 1200w\" sizes=\"auto, (max-width: 725px) 100vw, 725px\"\/><figcaption class=\"wp-caption-text\">Jovens de Agroneg\u00f3cio que criaram horta sustent\u00e1vel ao lado da professora Alessandra Carla Furlanetti (blusa florida)<\/figcaption><\/figure>\n<p>Com um pallet e algumas garrafas PET j\u00e1 \u00e9 poss\u00edvel fazer uma horta vertical. A ideia partiu de um grupo de oito alunos do curso de Agroneg\u00f3cio da Faculdade de Tecnologia do Estado (Fatec) Taquaritinga. Sob orienta\u00e7\u00e3o de Alessandra Carla Furlanetti, professora de cooperativismo e produ\u00e7\u00e3o vegetal, os estudantes usaram um muro da unidade para instalar as hortas. Segundo a orientadora, a ideia \u00e9 \u201cestimular a pr\u00e1tica da agricultura urbana e sensibilizar a comunidade para cria\u00e7\u00e3o de espa\u00e7os verdes nas cidades\u201d.<\/p>\n<p>Com um corte retangular feito por um estilete, a garrafa PET est\u00e1 pronta para ser preenchida com um substrato de boa qualidade, rico em nutrientes. Os alunos listam as mudas que t\u00eam mais chances de crescer saud\u00e1veis nas hortas: ervas arom\u00e1ticas, hortali\u00e7as de folhas pequenas, morangos, mini piment\u00f5es, entre outros.<\/p>\n<p>A manuten\u00e7\u00e3o tamb\u00e9m \u00e9 simples. Com podas, regas regulares e retirada de folhas mortas, as plantas s\u00f3 precisam de luz natural ou ilumina\u00e7\u00e3o feita com l\u00e2mpadas Led fluorescentes.<\/p>\n<p>Camila Rafaela de Oliveira Perroti, Jamile Fernanda Lima, Jo\u00e3o Gabriel de Carvalho, Kamili Vit\u00f3ria Miranda Marques, Leonardo Cardoso de Lima, Lucas Gramory Gonzalez e Maria Eduarda Santos s\u00e3o os autores da proposta. Os jovens passaram uma semana executando o projeto que pode ser replicado at\u00e9 mesmo em apartamentos, ocupando um espa\u00e7o de apenas um metro quadrado. Quem j\u00e1 tem prateleiras em uma \u00e1rea iluminada de casa pode recorrer aos vasos, sempre tomando os devidos cuidados em rela\u00e7\u00e3o a substrato, poda e rega.<\/p>\n<p>Siga o canal \u201cGoverno de S\u00e3o Paulo\u201d no WhatsApp:<br \/><a href=\"https:\/\/bit.ly\/govspnozap\" target=\"_blank\" rel=\"noopener noreferrer\">https:\/\/bit.ly\/govspnozap<\/a><\/p>\n<\/p><\/div>\n<p><br \/>\n<br \/><a href=\"https:\/\/www.saopaulo.sp.gov.br\/spnoticias\/ultimas-noticias\/alunos-de-fatec-mostram-como-fazer-uma-horta-vertical-em-casa\/\" rel=\"noopener\">Informa\u00e7\u00f5es GOV.SP<\/a><\/p>\n","protected":false},"excerpt":{"rendered":"<p>&#13; &#13; &#13; &#13; &#13; Utilizando materiais de descarte, estudantes da Fatec Taquaritinga ensinam como criar uma horta em pequenos espa\u00e7os urbanos &#13; &#13; &#13; &#13; Jovens de Agroneg\u00f3cio que criaram horta sustent\u00e1vel ao lado da professora Alessandra Carla Furlanetti (blusa florida) Com um pallet e algumas garrafas PET j\u00e1 \u00e9 poss\u00edvel fazer uma horta [&hellip;]<\/p>\n","protected":false},"author":1,"featured_media":7421,"comment_status":"open","ping_status":"open","sticky":false,"template":"","format":"standard","meta":{"_jetpack_newsletter_access":"","_jetpack_dont_email_post_to_subs":false,"_jetpack_newsletter_tier_id":0,"_jetpack_memberships_contains_paywalled_content":false,"_mbp_banners":[],"_jetpack_feature_clip_id":0,"_jetpack_memberships_contains_paid_content":false,"footnotes":"","jetpack_publicize_message":"","jetpack_publicize_feature_enabled":true,"jetpack_social_post_already_shared":true,"jetpack_social_options":{"image_generator_settings":{"template":"highway","default_image_id":0,"font":"","enabled":false},"version":2},"jetpack_post_was_ever_published":false},"categories":[21],"tags":[],"class_list":["post-7420","post","type-post","status-publish","format-standard","has-post-thumbnail","category-sp-news"],"jetpack_publicize_connections":[],"jetpack-related-posts":[],"jetpack_shortlink":"https:\/\/wp.me\/p7Eq1F-1VG","jetpack_sharing_enabled":true,"jetpack_featured_media_url":"https:\/\/i0.wp.com\/guialimeira.com.br\/news\/wp-content\/uploads\/2024\/06\/Alunos-de-Fatec-mostram-como-fazer-uma-horta-vertical-em.jpg?fit=300%2C200&ssl=1","_links":{"self":[{"href":"https:\/\/guialimeira.com.br\/news\/wp-json\/wp\/v2\/posts\/7420","targetHints":{"allow":["GET"]}}],"collection":[{"href":"https:\/\/guialimeira.com.br\/news\/wp-json\/wp\/v2\/posts"}],"about":[{"href":"https:\/\/guialimeira.com.br\/news\/wp-json\/wp\/v2\/types\/post"}],"author":[{"embeddable":true,"href":"https:\/\/guialimeira.com.br\/news\/wp-json\/wp\/v2\/users\/1"}],"replies":[{"embeddable":true,"href":"https:\/\/guialimeira.com.br\/news\/wp-json\/wp\/v2\/comments?post=7420"}],"version-history":[{"count":0,"href":"https:\/\/guialimeira.com.br\/news\/wp-json\/wp\/v2\/posts\/7420\/revisions"}],"wp:featuredmedia":[{"embeddable":true,"href":"https:\/\/guialimeira.com.br\/news\/wp-json\/wp\/v2\/media\/7421"}],"wp:attachment":[{"href":"https:\/\/guialimeira.com.br\/news\/wp-json\/wp\/v2\/media?parent=7420"}],"wp:term":[{"taxonomy":"category","embeddable":true,"href":"https:\/\/guialimeira.com.br\/news\/wp-json\/wp\/v2\/categories?post=7420"},{"taxonomy":"post_tag","embeddable":true,"href":"https:\/\/guialimeira.com.br\/news\/wp-json\/wp\/v2\/tags?post=7420"}],"curies":[{"name":"wp","href":"https:\/\/api.w.org\/{rel}","templated":true}]}}