{"id":7407,"date":"2024-06-04T12:26:52","date_gmt":"2024-06-04T15:26:52","guid":{"rendered":"https:\/\/guialimeira.com.br\/2024\/06\/04\/campanha-do-agasalho-realiza-drive-thru-na-boa-vista\/"},"modified":"2024-06-04T12:26:52","modified_gmt":"2024-06-04T15:26:52","slug":"campanha-do-agasalho-realiza-drive-thru-na-boa-vista","status":"publish","type":"post","link":"https:\/\/guialimeira.com.br\/news\/campanha-do-agasalho-realiza-drive-thru-na-boa-vista\/","title":{"rendered":"Campanha do Agasalho realiza drive-thru na Boa Vista"},"content":{"rendered":"<p> <br \/>\n<\/p>\n<div>\n            <main class=\"\">&#13;<br \/>\n                &#13;<br \/>\n&#13;<br \/>\n&#13;<br \/>\n&#13;<br \/>\n    <img data-recalc-dims=\"1\" decoding=\"async\" src=\"https:\/\/i0.wp.com\/ecrie.com.br\/sistema\/conteudos\/imagem\/m_137_0_1_21052024170347.jpg?w=696&#038;ssl=1\" alt=\"Campanha do Agasalho realiza drive-thru na Boa Vista\"\/>&#13;<br \/>\n&#13;<\/p>\n<p style=\"text-align: justify;\" align=\"justify\">O drive-thru da Campanha do Agasalho estar\u00e1 amanh\u00e3 (5), das 8h \u00e0s 15h, no bairro Boa Vista, em frente \u00e0 Par\u00f3quia S\u00e3o Sebasti\u00e3o. A iniciativa, realizada pelo Fundo Social de Limeira, visa arrecadar agasalhos, cobertores, roupas e sapatos. As pe\u00e7as s\u00e3o distribu\u00eddas durante toda a campanha, nos centros comunit\u00e1rios do munic\u00edpio.\u00a0<\/p>\n<p>&#13;<\/p>\n<p style=\"text-align: justify;\" align=\"justify\">As doa\u00e7\u00f5es tamb\u00e9m podem ser feitas\u00a0em um dos pontos de arrecada\u00e7\u00e3o &#8211; confira os locais de coleta no site (www.limeira.sp.gov.br\/campanhadoagasalho). A campanha segue at\u00e9 o dia 10 de julho.<\/p>\n<p>&#13;<\/p>\n<p style=\"text-align: justify;\" align=\"justify\">PET<\/p>\n<p>&#13;<\/p>\n<p style=\"text-align: justify;\" align=\"justify\">A Campanha do Agasalho Pet tamb\u00e9m segue com as arrecada\u00e7\u00f5es. Al\u00e9m de roupas, cobertores e ra\u00e7\u00e3o, podem ser doadas guias e coleiras para os animais. A a\u00e7\u00e3o tem parceria da Secretaria de Meio Ambiente e Agricultura. Todas as informa\u00e7\u00f5es sobre a iniciativa podem ser consultadas no site da prefeitura (<a href=\"https:\/\/www.limeira.sp.gov.br\/campanhadoagasalhopet\" rel=\"noopener\">www.limeira.sp.gov.br\/campanhadoagasalhopet<\/a>).<\/p>\n<p>&#13;<\/p>\n<p style=\"text-align: justify;\" align=\"justify\">SERVI\u00c7O<\/p>\n<p>&#13;<\/p>\n<p style=\"text-align: justify;\" align=\"justify\">Drive-thru \u2013 Campanha do Agasalho<\/p>\n<p>&#13;<\/p>\n<p style=\"text-align: justify;\" align=\"justify\">5 de junho (quarta-feira)<\/p>\n<p>&#13;<\/p>\n<p style=\"text-align: justify;\" align=\"justify\">8h \u00e0s 15h<\/p>\n<p>&#13;<\/p>\n<p align=\"justify\">Par\u00f3quia S\u00e3o Sebasti\u00e3o &#8211; Av. S\u00e3o Sebasti\u00e3o, s\/n &#8211; Boa Vista<\/p>\n<p>&#13;<br \/>\n&#13;<br \/>\n&#13;<br \/>\n&#13;<\/p>\n<aside class=\"list-related no-print\">&#13;<br \/>\n        &#13;<br \/>\n&#13;<\/p>\n<article class=\"list-item noticias \">&#13;<br \/>\n                    <a class=\"list-item__img\" href=\"https:\/\/limeira.sp.gov.br\/imprensa\/noticias\/fundo-social-de-limeira\/fundo-social-realiza-drive-thru-na-praca-toledo-barros\" tabindex=\"-1\" aria-hidden=\"true\" rel=\"noopener\">&#13;<br \/>\n                        <img data-recalc-dims=\"1\" decoding=\"async\" src=\"https:\/\/i0.wp.com\/ecrie.com.br\/sistema\/conteudos\/imagem\/m_137_0_1_07052024151530.jpg?w=696&#038;ssl=1\" alt=\"Fundo Social realiza drive-thru na Pra\u00e7a Toledo Barros\"\/>&#13;<br \/>\n                    <\/a>&#13;<br \/>\n&#13;<br \/>\n                &#13;<br \/>\n            <\/article>\n<p>&#13;<\/p>\n<article class=\"list-item noticias \">&#13;<br \/>\n                    <a class=\"list-item__img\" href=\"https:\/\/limeira.sp.gov.br\/imprensa\/noticias\/fundo-social-de-limeira\/pessoas-com-tea-tem-sessao-de-cinema-inclusiva-1\" tabindex=\"-1\" aria-hidden=\"true\" rel=\"noopener\">&#13;<br \/>\n                        <img data-recalc-dims=\"1\" decoding=\"async\" src=\"https:\/\/i0.wp.com\/ecrie.com.br\/sistema\/conteudos\/imagem\/m_137_0_1_23052024142821.jpg?w=696&#038;ssl=1\" alt=\"Pessoas com TEA t\u00eam sess\u00e3o de cinema inclusiva\"\/>&#13;<br \/>\n                    <\/a>&#13;<br \/>\n&#13;<br \/>\n                &#13;<br \/>\n            <\/article>\n<p>&#13;<\/p>\n<article class=\"list-item noticias \">&#13;<br \/>\n                    <a class=\"list-item__img\" href=\"https:\/\/limeira.sp.gov.br\/imprensa\/noticias\/fundo-social-de-limeira\/dia-d-da-campanha-do-agasalho-acontece-sabado-25-no-bairro-dos-pires\" tabindex=\"-1\" aria-hidden=\"true\" rel=\"noopener\">&#13;<br \/>\n                        <img data-recalc-dims=\"1\" decoding=\"async\" src=\"https:\/\/i0.wp.com\/ecrie.com.br\/sistema\/conteudos\/imagem\/m_137_0_1_22052024125057.jpg?w=696&#038;ssl=1\" alt=\"Dia D da Campanha do Agasalho acontece s\u00e1bado (25) no bairro dos Pires\"\/>&#13;<br \/>\n                    <\/a>&#13;<br \/>\n&#13;<br \/>\n                &#13;<br \/>\n            <\/article>\n<p>&#13;<br \/>\n    <\/aside>\n<p>&#13;<br \/>\n&#13;<br \/>\n            <\/main><\/p><\/div>\n<p><br \/>\n<br \/><a href=\"https:\/\/limeira.sp.gov.br\/campanha-do-agasalho-realiza-drive-thru-na-boa-vista\" rel=\"noopener\">Informa\u00e7\u00f5es da PML <\/a><\/p>\n","protected":false},"excerpt":{"rendered":"<p>&#13; &#13; &#13; &#13; &#13; &#13; &#13; O drive-thru da Campanha do Agasalho estar\u00e1 amanh\u00e3 (5), das 8h \u00e0s 15h, no bairro Boa Vista, em frente \u00e0 Par\u00f3quia S\u00e3o Sebasti\u00e3o. A iniciativa, realizada pelo Fundo Social de Limeira, visa arrecadar agasalhos, cobertores, roupas e sapatos. As pe\u00e7as s\u00e3o distribu\u00eddas durante toda a campanha, nos centros [&hellip;]<\/p>\n","protected":false},"author":1,"featured_media":5852,"comment_status":"open","ping_status":"open","sticky":false,"template":"","format":"standard","meta":{"_jetpack_newsletter_access":"","_jetpack_dont_email_post_to_subs":false,"_jetpack_newsletter_tier_id":0,"_jetpack_memberships_contains_paywalled_content":false,"_mbp_banners":[],"_jetpack_feature_clip_id":0,"_jetpack_memberships_contains_paid_content":false,"footnotes":"","jetpack_publicize_message":"","jetpack_publicize_feature_enabled":true,"jetpack_social_post_already_shared":true,"jetpack_social_options":{"image_generator_settings":{"template":"highway","default_image_id":0,"font":"","enabled":false},"version":2},"jetpack_post_was_ever_published":false},"categories":[16],"tags":[],"class_list":["post-7407","post","type-post","status-publish","format-standard","has-post-thumbnail","category-local"],"jetpack_publicize_connections":[],"jetpack-related-posts":[],"jetpack_shortlink":"https:\/\/wp.me\/p7Eq1F-1Vt","jetpack_sharing_enabled":true,"jetpack_featured_media_url":"https:\/\/i0.wp.com\/guialimeira.com.br\/news\/wp-content\/uploads\/2024\/05\/m_137_0_1_21052024170347.jpg?fit=900%2C511&ssl=1","_links":{"self":[{"href":"https:\/\/guialimeira.com.br\/news\/wp-json\/wp\/v2\/posts\/7407","targetHints":{"allow":["GET"]}}],"collection":[{"href":"https:\/\/guialimeira.com.br\/news\/wp-json\/wp\/v2\/posts"}],"about":[{"href":"https:\/\/guialimeira.com.br\/news\/wp-json\/wp\/v2\/types\/post"}],"author":[{"embeddable":true,"href":"https:\/\/guialimeira.com.br\/news\/wp-json\/wp\/v2\/users\/1"}],"replies":[{"embeddable":true,"href":"https:\/\/guialimeira.com.br\/news\/wp-json\/wp\/v2\/comments?post=7407"}],"version-history":[{"count":0,"href":"https:\/\/guialimeira.com.br\/news\/wp-json\/wp\/v2\/posts\/7407\/revisions"}],"wp:featuredmedia":[{"embeddable":true,"href":"https:\/\/guialimeira.com.br\/news\/wp-json\/wp\/v2\/media\/5852"}],"wp:attachment":[{"href":"https:\/\/guialimeira.com.br\/news\/wp-json\/wp\/v2\/media?parent=7407"}],"wp:term":[{"taxonomy":"category","embeddable":true,"href":"https:\/\/guialimeira.com.br\/news\/wp-json\/wp\/v2\/categories?post=7407"},{"taxonomy":"post_tag","embeddable":true,"href":"https:\/\/guialimeira.com.br\/news\/wp-json\/wp\/v2\/tags?post=7407"}],"curies":[{"name":"wp","href":"https:\/\/api.w.org\/{rel}","templated":true}]}}