{"id":7405,"date":"2024-06-04T12:22:49","date_gmt":"2024-06-04T15:22:49","guid":{"rendered":"https:\/\/guialimeira.com.br\/2024\/06\/04\/funcionarios-fazem-tatuagens-para-homenagear-companhia\/"},"modified":"2024-06-04T12:22:49","modified_gmt":"2024-06-04T15:22:49","slug":"funcionarios-fazem-tatuagens-para-homenagear-companhia","status":"publish","type":"post","link":"https:\/\/guialimeira.com.br\/news\/funcionarios-fazem-tatuagens-para-homenagear-companhia\/","title":{"rendered":"funcion\u00e1rios fazem tatuagens para homenagear companhia"},"content":{"rendered":"<p> <br \/>\n<\/p>\n<div id=\"\">&#13;<br \/>\n                                <!-- Title -->&#13;<br \/>\n                                &#13;<br \/>\n&#13;<br \/>\n                                <!-- Excerpt -->&#13;<\/p>\n<p class=\"excerpt\">Desenhos de trens e esta\u00e7\u00f5es representam hist\u00f3rias inspiradoras de colaboradores que decidiram eternizar a paix\u00e3o pelo trabalho<\/p>\n<p>&#13;<br \/>\n&#13;<br \/>\n                                &#13;\n                            <\/p><\/div>\n<div id=\"\">&#13;<\/p>\n<figure id=\"attachment_5895802\" style=\"width: 100%;max-width: 698px\" class=\"wp-caption alignnone\"><img data-recalc-dims=\"1\" decoding=\"async\" loading=\"lazy\" class=\" wp-image-5895802\" src=\"https:\/\/i0.wp.com\/www.saopaulo.sp.gov.br\/wp-content\/uploads\/2024\/06\/WhatsApp-Image-2024-06-03-at-16.58.52-1-300x300.jpeg?resize=696%2C696&#038;ssl=1\" alt=\"\" width=\"696\" height=\"696\" srcset=\"https:\/\/www.saopaulo.sp.gov.br\/wp-content\/uploads\/2024\/06\/WhatsApp-Image-2024-06-03-at-16.58.52-1-300x300.jpeg 300w, https:\/\/www.saopaulo.sp.gov.br\/wp-content\/uploads\/2024\/06\/WhatsApp-Image-2024-06-03-at-16.58.52-1-768x768.jpeg 768w, https:\/\/www.saopaulo.sp.gov.br\/wp-content\/uploads\/2024\/06\/WhatsApp-Image-2024-06-03-at-16.58.52-1.jpeg 899w\" sizes=\"auto, (max-width: 698px) 100vw, 698px\"\/><figcaption class=\"wp-caption-text\">Tatuagem de Silvio Luiz de S\u00e1, assistente administrativo na equipe de limpeza de trens<\/figcaption><\/figure>\n<p>O sentimento de pertencimento dos colaboradores da CPTM \u00e9 um dos pilares fundamentais do sucesso e excel\u00eancia de servi\u00e7o conquistados nesses 32 anos, data comemorada no \u00faltimo dia 28 de maio. Essa conex\u00e3o profunda entre a empresa e seus funcion\u00e1rios vai al\u00e9m do ambiente de trabalho, reflete em gestos emocionantes como as tatuagens, que simbolizam momentos marcantes e experi\u00eancias vividas na empresa.<\/p>\n<p>Os desenhos de trens, esta\u00e7\u00f5es e outros elementos que representam as hist\u00f3rias inspiradoras de colaboradores que decidiram eternizar em suas peles a paix\u00e3o pelo trabalho na empresa.<\/p>\n<p>Entre as hist\u00f3rias compartilhadas, destaca a de Silvio Luiz de S\u00e1, assistente administrativo na equipe de limpeza de trens de todas as linhas da CPTM que tatuou a torre e trilhos da esta\u00e7\u00e3o Luz em homenagem aos anos de atividades dedicadas. Para ele, a tatuagem \u00e9 um s\u00edmbolo de orgulho e um lembrete constante da import\u00e2ncia do seu trabalho na vida dos milh\u00f5es de passageiros que utilizam os trens diariamente.<\/p>\n<p>J\u00e1 a outra colaboradora Rosemary Aparecida optou por tatuar uma locomotiva \u2013 um dos modelos mais antigos da ferrovia. \u201cEsse trem representa a evolu\u00e7\u00e3o da companhia e a minha pr\u00f3pria evolu\u00e7\u00e3o profissional ao longo dos anos\u201d, afirmou.<\/p>\n<figure id=\"attachment_5895803\" style=\"width: 100%;max-width: 647px\" class=\"wp-caption alignnone\"><img data-recalc-dims=\"1\" decoding=\"async\" loading=\"lazy\" class=\" wp-image-5895803\" src=\"https:\/\/i0.wp.com\/www.saopaulo.sp.gov.br\/wp-content\/uploads\/2024\/06\/WhatsApp-Image-2024-06-03-at-16.58.52-300x300.jpeg?resize=647%2C647&#038;ssl=1\" alt=\"\" width=\"647\" height=\"647\" srcset=\"https:\/\/www.saopaulo.sp.gov.br\/wp-content\/uploads\/2024\/06\/WhatsApp-Image-2024-06-03-at-16.58.52-300x300.jpeg 300w, https:\/\/www.saopaulo.sp.gov.br\/wp-content\/uploads\/2024\/06\/WhatsApp-Image-2024-06-03-at-16.58.52.jpeg 340w\" sizes=\"auto, (max-width: 647px) 100vw, 647px\"\/><figcaption class=\"wp-caption-text\">Tatuagem de Rosemary Aparecida<\/figcaption><\/figure>\n<p>A CPTM reconhece que esses gestos s\u00e3o muito mais do que simples tatuagens; s\u00e3o demonstra\u00e7\u00f5es de amor e lealdade que contribuem para um ambiente de trabalho motivador e inspirador.<\/p>\n<h3>\u2018Caminho certo\u2019<\/h3>\n<p>Para o presidente da CPTM, Pedro Moro, ver os colaboradores expressando seu carinho pela empresa de maneira t\u00e3o pessoal \u00e9 a prova de que a companhia est\u00e1 no caminho certo. \u201cEsse sentimento de pertencimento \u00e9 essencial para mantermos uma equipe unida e comprometida com a excel\u00eancia\u201d, destaca Moro.<\/p>\n<p>\u00c0 medida que a CPTM continua com os seus trabalhos, hist\u00f3rias como essas refor\u00e7am a import\u00e2ncia de cultivar um ambiente onde o respeito e a valoriza\u00e7\u00e3o dos funcion\u00e1rios s\u00e3o essenciais.<\/p>\n<p>\u00c9 com esse sentimento que Daniel Ara\u00fajo, com 13 anos de companhia, decidiu fazer sua primeira tatuagem. Em homenagem \u00e0 sua trajet\u00f3ria na empresa, no dia 28 de maio de 2024, Daniel tatuou um trem da CPTM estacionado na Esta\u00e7\u00e3o da Luz, seu local favorito entre as 57 esta\u00e7\u00f5es administradas pela companhia. O funcion\u00e1rio ganhou destaque com o v\u00eddeo \u201cBentley x Trem\u201d, publicado em setembro de 2023 e entre outros sucessos.<\/p>\n<figure id=\"attachment_5895801\" style=\"width: 100%;max-width: 687px\" class=\"wp-caption alignnone\"><img data-recalc-dims=\"1\" decoding=\"async\" loading=\"lazy\" class=\"wp-image-5895801 \" src=\"https:\/\/i0.wp.com\/www.saopaulo.sp.gov.br\/wp-content\/uploads\/2024\/06\/WhatsApp-Image-2024-06-03-at-16.58.51-scaled-e1717445414830-300x300.jpeg?resize=687%2C687&#038;ssl=1\" alt=\"\" width=\"687\" height=\"687\"\/><figcaption class=\"wp-caption-text\">Tatuagem de Daniel Ara\u00fajo<\/figcaption><\/figure>\n<p>\u201cQuando eu era crian\u00e7a, morei pr\u00f3ximo de uma esta\u00e7\u00e3o da CPTM e conseguia observar a circula\u00e7\u00e3o do muro de casa. Ficava deslumbrado com aqueles trens. Anos depois ingressei no Senai e pude acompanhar de perto toda a melhoria e inova\u00e7\u00e3o at\u00e9 os dias de hoje. Al\u00e9m disso, depois de ter conhecido diversos sistemas ferrovi\u00e1rios ao redor do mundo e outros transportes sobre trilho, para mim, a melhor continua sendo a CPTM\u201d, contou Daniel. \u201cO sentimento que tenho \u00e9 de total gratid\u00e3o por eu ter me tornado quem eu sou hoje. Um ter\u00e7o da minha vida foi nesta companhia e com plena certeza os melhores anos que vivi\u201d, finaliza.<\/p>\n<p>Neste anivers\u00e1rio de 32 anos, a CPTM celebra n\u00e3o apenas suas conquistas t\u00e9cnicas e operacionais, mas, sobretudo, as hist\u00f3rias de vida que se entrela\u00e7am com a trajet\u00f3ria da empresa, fortalecendo la\u00e7os e criando um legado duradouro de amor e dedica\u00e7\u00e3o.<\/p>\n<p>Siga o canal \u201cGoverno de S\u00e3o Paulo\u201d no WhatsApp:<br \/><a href=\"https:\/\/bit.ly\/govspnozap\" target=\"_blank\" rel=\"noopener noreferrer\">https:\/\/bit.ly\/govspnozap<\/a><\/p>\n<\/p><\/div>\n<p><br \/>\n<br \/><a href=\"https:\/\/www.saopaulo.sp.gov.br\/spnoticias\/ultimas-noticias\/amor-pela-cptm-na-pele-funcionarios-fazem-tatuagens-para-homenagear-companhia\/\" rel=\"noopener\">Informa\u00e7\u00f5es GOV.SP<\/a><\/p>\n","protected":false},"excerpt":{"rendered":"<p>&#13; &#13; &#13; &#13; &#13; Desenhos de trens e esta\u00e7\u00f5es representam hist\u00f3rias inspiradoras de colaboradores que decidiram eternizar a paix\u00e3o pelo trabalho &#13; &#13; &#13; &#13; Tatuagem de Silvio Luiz de S\u00e1, assistente administrativo na equipe de limpeza de trens O sentimento de pertencimento dos colaboradores da CPTM \u00e9 um dos pilares fundamentais do sucesso [&hellip;]<\/p>\n","protected":false},"author":1,"featured_media":7406,"comment_status":"open","ping_status":"open","sticky":false,"template":"","format":"standard","meta":{"_jetpack_newsletter_access":"","_jetpack_dont_email_post_to_subs":false,"_jetpack_newsletter_tier_id":0,"_jetpack_memberships_contains_paywalled_content":false,"_mbp_banners":[],"_jetpack_feature_clip_id":0,"_jetpack_memberships_contains_paid_content":false,"footnotes":"","jetpack_publicize_message":"","jetpack_publicize_feature_enabled":true,"jetpack_social_post_already_shared":true,"jetpack_social_options":{"image_generator_settings":{"template":"highway","default_image_id":0,"font":"","enabled":false},"version":2},"jetpack_post_was_ever_published":false},"categories":[21],"tags":[],"class_list":["post-7405","post","type-post","status-publish","format-standard","has-post-thumbnail","category-sp-news"],"jetpack_publicize_connections":[],"jetpack-related-posts":[],"jetpack_shortlink":"https:\/\/wp.me\/p7Eq1F-1Vr","jetpack_sharing_enabled":true,"jetpack_featured_media_url":"https:\/\/i0.wp.com\/guialimeira.com.br\/news\/wp-content\/uploads\/2024\/06\/funcionarios-fazem-tatuagens-para-homenagear-companhia.jpeg?fit=300%2C300&ssl=1","_links":{"self":[{"href":"https:\/\/guialimeira.com.br\/news\/wp-json\/wp\/v2\/posts\/7405","targetHints":{"allow":["GET"]}}],"collection":[{"href":"https:\/\/guialimeira.com.br\/news\/wp-json\/wp\/v2\/posts"}],"about":[{"href":"https:\/\/guialimeira.com.br\/news\/wp-json\/wp\/v2\/types\/post"}],"author":[{"embeddable":true,"href":"https:\/\/guialimeira.com.br\/news\/wp-json\/wp\/v2\/users\/1"}],"replies":[{"embeddable":true,"href":"https:\/\/guialimeira.com.br\/news\/wp-json\/wp\/v2\/comments?post=7405"}],"version-history":[{"count":0,"href":"https:\/\/guialimeira.com.br\/news\/wp-json\/wp\/v2\/posts\/7405\/revisions"}],"wp:featuredmedia":[{"embeddable":true,"href":"https:\/\/guialimeira.com.br\/news\/wp-json\/wp\/v2\/media\/7406"}],"wp:attachment":[{"href":"https:\/\/guialimeira.com.br\/news\/wp-json\/wp\/v2\/media?parent=7405"}],"wp:term":[{"taxonomy":"category","embeddable":true,"href":"https:\/\/guialimeira.com.br\/news\/wp-json\/wp\/v2\/categories?post=7405"},{"taxonomy":"post_tag","embeddable":true,"href":"https:\/\/guialimeira.com.br\/news\/wp-json\/wp\/v2\/tags?post=7405"}],"curies":[{"name":"wp","href":"https:\/\/api.w.org\/{rel}","templated":true}]}}