{"id":74022,"date":"2026-08-07T16:32:41","date_gmt":"2026-08-07T19:32:41","guid":{"rendered":"https:\/\/guialimeira.com.br\/davi-lucca-quebra-o-silencio-apos-elogios-nas-redes-e-destaca-educacao-recebida-de-carol-dantas\/"},"modified":"2026-08-07T16:32:41","modified_gmt":"2026-08-07T19:32:41","slug":"davi-lucca-quebra-o-silencio-apos-elogios-nas-redes-e-destaca-educacao-recebida-de-carol-dantas","status":"publish","type":"post","link":"https:\/\/guialimeira.com.br\/news\/davi-lucca-quebra-o-silencio-apos-elogios-nas-redes-e-destaca-educacao-recebida-de-carol-dantas\/","title":{"rendered":"Davi Lucca quebra o sil\u00eancio ap\u00f3s elogios nas redes e destaca educa\u00e7\u00e3o recebida de Carol Dantas"},"content":{"rendered":"<p>Davi Lucca chamou a aten\u00e7\u00e3o do p\u00fablico durante a Copa ao aparecer em situa\u00e7\u00f5es que foram interpretadas pelos internautas como demonstra\u00e7\u00f5es de simplicidade e humildade. A repercuss\u00e3o chegou ao adolescente, que decidiu comentar os elogios e fez quest\u00e3o de mencionar a influ\u00eancia da m\u00e3e, Carol Dantas, em sua forma\u00e7\u00e3o.<\/p>\n<p>Filho de Neymar, Davi cresceu diante dos olhos do p\u00fablico, mas costuma manter uma postura mais reservada. Desta vez, por\u00e9m, sua maneira de agir durante o evento esportivo acabou sendo registrada e compartilhada nas redes sociais, onde recebeu uma s\u00e9rie de coment\u00e1rios positivos.<\/p>\n<p>Ao ser questionado sobre a repercuss\u00e3o, o adolescente resumiu a influ\u00eancia familiar em uma frase: \u201cMinha m\u00e3e fez eu ser assim\u201d. A declara\u00e7\u00e3o foi interpretada pelos seguidores como um reconhecimento aos ensinamentos transmitidos por Carol ao longo de sua cria\u00e7\u00e3o.<\/p>\n<p>A resposta rapidamente ganhou destaque entre os internautas. Muitos elogiaram a postura de Davi e aproveitaram o momento para destacar a import\u00e2ncia dos valores ensinados dentro de casa, especialmente quando uma crian\u00e7a cresce em uma fam\u00edlia t\u00e3o exposta publicamente.<\/p>\n<p>A rela\u00e7\u00e3o entre Davi e Carol \u00e9 acompanhada com frequ\u00eancia pelos f\u00e3s. A influenciadora costuma compartilhar alguns momentos da rotina com o filho e j\u00e1 falou em diferentes ocasi\u00f5es sobre a import\u00e2ncia de preservar sua cria\u00e7\u00e3o mesmo diante da fama que envolve a fam\u00edlia.<\/p>\n<p>Neymar tamb\u00e9m mant\u00e9m uma rela\u00e7\u00e3o pr\u00f3xima com o primog\u00eanito. Apesar da rotina profissional do jogador, pai e filho aparecem juntos em registros de viagens, eventos e momentos familiares.<\/p>\n<p>O comportamento de Davi durante a Copa acabou chamando aten\u00e7\u00e3o justamente por fugir da imagem frequentemente associada \u00e0 vida de filhos de celebridades. A naturalidade demonstrada pelo jovem fez com que ele recebesse elogios espont\u00e2neos de pessoas que acompanhavam o evento.<\/p>\n<p>A repercuss\u00e3o, no entanto, n\u00e3o parece ter mudado a maneira discreta como Davi lida com a exposi\u00e7\u00e3o. Ao comentar os elogios, ele preferiu direcionar o reconhecimento para a m\u00e3e e atribuiu a ela parte importante dos valores que carrega.<\/p>\n<p>A declara\u00e7\u00e3o acabou ganhando um significado especial entre os seguidores de Carol Dantas. Para muitos, a fala do adolescente demonstrou n\u00e3o apenas gratid\u00e3o, mas tamb\u00e9m o v\u00ednculo constru\u00eddo entre m\u00e3e e filho ao longo dos anos.<\/p>\n<p>Com uma resposta curta e direta, Davi Lucca transformou a repercuss\u00e3o sobre seu comportamento em uma homenagem \u00e0 m\u00e3e. O epis\u00f3dio mostrou que, por tr\u00e1s da exposi\u00e7\u00e3o causada pelo sobrenome famoso, o adolescente tamb\u00e9m valoriza os ensinamentos recebidos dentro da fam\u00edlia.<\/p>\n<p><\/p>\n","protected":false},"excerpt":{"rendered":"<p>Davi Lucca chamou a aten\u00e7\u00e3o do p\u00fablico durante a Copa ao aparecer em situa\u00e7\u00f5es que foram interpretadas pelos internautas como demonstra\u00e7\u00f5es de simplicidade e humildade. A repercuss\u00e3o chegou ao adolescente, que decidiu comentar os elogios e fez quest\u00e3o de mencionar a influ\u00eancia da m\u00e3e, Carol Dantas, em sua forma\u00e7\u00e3o. Filho de Neymar, Davi cresceu diante [\u2026]<\/p>\n","protected":false},"author":5,"featured_media":0,"comment_status":"","ping_status":"open","sticky":false,"template":"","format":"standard","meta":{"_jetpack_newsletter_access":"","_jetpack_dont_email_post_to_subs":false,"_jetpack_newsletter_tier_id":0,"_jetpack_memberships_contains_paywalled_content":false,"_mbp_banners":[],"_jetpack_feature_clip_id":0,"_jetpack_memberships_contains_paid_content":false,"footnotes":"","jetpack_publicize_message":"","jetpack_publicize_feature_enabled":true,"jetpack_social_post_already_shared":true,"jetpack_social_options":{"image_generator_settings":{"template":"highway","default_image_id":0,"font":"","enabled":false},"version":2},"jetpack_post_was_ever_published":false},"categories":[],"tags":[],"class_list":["post-74022","post","type-post","status-publish","format-standard"],"jetpack_publicize_connections":[],"jetpack-related-posts":[],"jetpack_shortlink":"https:\/\/wp.me\/p7Eq1F-jfU","jetpack_sharing_enabled":true,"jetpack_featured_media_url":"","_links":{"self":[{"href":"https:\/\/guialimeira.com.br\/news\/wp-json\/wp\/v2\/posts\/74022","targetHints":{"allow":["GET"]}}],"collection":[{"href":"https:\/\/guialimeira.com.br\/news\/wp-json\/wp\/v2\/posts"}],"about":[{"href":"https:\/\/guialimeira.com.br\/news\/wp-json\/wp\/v2\/types\/post"}],"author":[{"embeddable":true,"href":"https:\/\/guialimeira.com.br\/news\/wp-json\/wp\/v2\/users\/5"}],"replies":[{"embeddable":true,"href":"https:\/\/guialimeira.com.br\/news\/wp-json\/wp\/v2\/comments?post=74022"}],"version-history":[{"count":0,"href":"https:\/\/guialimeira.com.br\/news\/wp-json\/wp\/v2\/posts\/74022\/revisions"}],"wp:attachment":[{"href":"https:\/\/guialimeira.com.br\/news\/wp-json\/wp\/v2\/media?parent=74022"}],"wp:term":[{"taxonomy":"category","embeddable":true,"href":"https:\/\/guialimeira.com.br\/news\/wp-json\/wp\/v2\/categories?post=74022"},{"taxonomy":"post_tag","embeddable":true,"href":"https:\/\/guialimeira.com.br\/news\/wp-json\/wp\/v2\/tags?post=74022"}],"curies":[{"name":"wp","href":"https:\/\/api.w.org\/{rel}","templated":true}]}}