{"id":74020,"date":"2026-08-07T16:26:48","date_gmt":"2026-08-07T19:26:48","guid":{"rendered":"https:\/\/guialimeira.com.br\/joao-gomes-ganha-festa-apos-aniversario-na-australia-e-ary-mirelle-revela-detalhes-da-comemoracao\/"},"modified":"2026-08-07T16:26:48","modified_gmt":"2026-08-07T19:26:48","slug":"joao-gomes-ganha-festa-apos-aniversario-na-australia-e-ary-mirelle-revela-detalhes-da-comemoracao","status":"publish","type":"post","link":"https:\/\/guialimeira.com.br\/news\/joao-gomes-ganha-festa-apos-aniversario-na-australia-e-ary-mirelle-revela-detalhes-da-comemoracao\/","title":{"rendered":"Jo\u00e3o Gomes ganha festa ap\u00f3s anivers\u00e1rio na Austr\u00e1lia, e Ary Mirelle revela detalhes da comemora\u00e7\u00e3o"},"content":{"rendered":"<p>Depois de passar o anivers\u00e1rio longe da fam\u00edlia, Jo\u00e3o Gomes teve uma nova oportunidade de celebrar seus 24 anos ao lado de pessoas pr\u00f3ximas. Ary Mirelle compartilhou registros da comemora\u00e7\u00e3o e mostrou que a festa contou com futebol, piscina, m\u00fasica e muito forr\u00f3.<\/p>\n<p>O cantor completou 24 anos no dia 31 de julho, enquanto estava na Austr\u00e1lia por conta de compromissos profissionais. A dist\u00e2ncia fez com que ele n\u00e3o pudesse aproveitar a data especial junto dos familiares, mas a comemora\u00e7\u00e3o aconteceu posteriormente, em um encontro marcado pela descontra\u00e7\u00e3o.<\/p>\n<p>Pelas imagens divulgadas por Ary, os convidados aproveitaram o dia em um ambiente ao ar livre. O futebol esteve entre as atividades escolhidas para animar a celebra\u00e7\u00e3o, enquanto a piscina virou outro ponto de encontro durante a festa.<\/p>\n<p>A m\u00fasica tamb\u00e9m teve papel importante na comemora\u00e7\u00e3o. O forr\u00f3, g\u00eanero que faz parte da trajet\u00f3ria art\u00edstica de Jo\u00e3o Gomes, embalou os convidados e deu um toque especial ao encontro preparado para marcar a nova idade do cantor.<\/p>\n<p>Ary Mirelle registrou diferentes momentos da festa e mostrou a anima\u00e7\u00e3o do grupo. A celebra\u00e7\u00e3o teve um clima familiar e descontra\u00eddo, com espa\u00e7o para brincadeiras, encontros e momentos de lazer.<\/p>\n<p>O anivers\u00e1rio de Jo\u00e3o Gomes aconteceu em uma fase movimentada da carreira. O cantor segue com uma agenda de apresenta\u00e7\u00f5es e compromissos profissionais, o que explica a necessidade de estar fora do Brasil justamente na data do anivers\u00e1rio.<\/p>\n<p>Mesmo longe dos familiares no dia 31 de julho, o artista acabou recebendo uma comemora\u00e7\u00e3o especial em outro momento. A festa permitiu que ele aproveitasse a nova idade com pessoas importantes e recuperasse um pouco do clima que n\u00e3o p\u00f4de viver no dia oficial.<\/p>\n<p>As imagens compartilhadas por Ary foram recebidas com carinho pelos seguidores. F\u00e3s do cantor aproveitaram a publica\u00e7\u00e3o para enviar novas mensagens de parab\u00e9ns e comentar o clima descontra\u00eddo da comemora\u00e7\u00e3o.<\/p>\n<p>Entre uma partida de futebol, um mergulho na piscina e muita m\u00fasica, Jo\u00e3o Gomes celebrou os 24 anos de maneira diferente. A festa mostrou que, mesmo com a dist\u00e2ncia no dia do anivers\u00e1rio, n\u00e3o faltaram motivos para comemorar ao lado da fam\u00edlia e dos amigos.<\/p>\n<p><\/p>\n","protected":false},"excerpt":{"rendered":"<p>Depois de passar o anivers\u00e1rio longe da fam\u00edlia, Jo\u00e3o Gomes teve uma nova oportunidade de celebrar seus 24 anos ao lado de pessoas pr\u00f3ximas. Ary Mirelle compartilhou registros da comemora\u00e7\u00e3o e mostrou que a festa contou com futebol, piscina, m\u00fasica e muito forr\u00f3. O cantor completou 24 anos no dia 31 de julho, enquanto estava [\u2026]<\/p>\n","protected":false},"author":5,"featured_media":0,"comment_status":"","ping_status":"open","sticky":false,"template":"","format":"standard","meta":{"_jetpack_newsletter_access":"","_jetpack_dont_email_post_to_subs":false,"_jetpack_newsletter_tier_id":0,"_jetpack_memberships_contains_paywalled_content":false,"_mbp_banners":[],"_jetpack_feature_clip_id":0,"_jetpack_memberships_contains_paid_content":false,"footnotes":"","jetpack_publicize_message":"","jetpack_publicize_feature_enabled":true,"jetpack_social_post_already_shared":true,"jetpack_social_options":{"image_generator_settings":{"template":"highway","default_image_id":0,"font":"","enabled":false},"version":2},"jetpack_post_was_ever_published":false},"categories":[],"tags":[],"class_list":["post-74020","post","type-post","status-publish","format-standard"],"jetpack_publicize_connections":[],"jetpack-related-posts":[],"jetpack_shortlink":"https:\/\/wp.me\/p7Eq1F-jfS","jetpack_sharing_enabled":true,"jetpack_featured_media_url":"","_links":{"self":[{"href":"https:\/\/guialimeira.com.br\/news\/wp-json\/wp\/v2\/posts\/74020","targetHints":{"allow":["GET"]}}],"collection":[{"href":"https:\/\/guialimeira.com.br\/news\/wp-json\/wp\/v2\/posts"}],"about":[{"href":"https:\/\/guialimeira.com.br\/news\/wp-json\/wp\/v2\/types\/post"}],"author":[{"embeddable":true,"href":"https:\/\/guialimeira.com.br\/news\/wp-json\/wp\/v2\/users\/5"}],"replies":[{"embeddable":true,"href":"https:\/\/guialimeira.com.br\/news\/wp-json\/wp\/v2\/comments?post=74020"}],"version-history":[{"count":0,"href":"https:\/\/guialimeira.com.br\/news\/wp-json\/wp\/v2\/posts\/74020\/revisions"}],"wp:attachment":[{"href":"https:\/\/guialimeira.com.br\/news\/wp-json\/wp\/v2\/media?parent=74020"}],"wp:term":[{"taxonomy":"category","embeddable":true,"href":"https:\/\/guialimeira.com.br\/news\/wp-json\/wp\/v2\/categories?post=74020"},{"taxonomy":"post_tag","embeddable":true,"href":"https:\/\/guialimeira.com.br\/news\/wp-json\/wp\/v2\/tags?post=74020"}],"curies":[{"name":"wp","href":"https:\/\/api.w.org\/{rel}","templated":true}]}}