{"id":74014,"date":"2026-08-07T16:14:03","date_gmt":"2026-08-07T19:14:03","guid":{"rendered":"https:\/\/guialimeira.com.br\/sabrina-sato-mostra-ultrassom-do-bebe-e-revela-como-nicolas-prattes-acompanhou-o-exame\/"},"modified":"2026-08-07T16:14:03","modified_gmt":"2026-08-07T19:14:03","slug":"sabrina-sato-mostra-ultrassom-do-bebe-e-revela-como-nicolas-prattes-acompanhou-o-exame","status":"publish","type":"post","link":"https:\/\/guialimeira.com.br\/news\/sabrina-sato-mostra-ultrassom-do-bebe-e-revela-como-nicolas-prattes-acompanhou-o-exame\/","title":{"rendered":"Sabrina Sato mostra ultrassom do beb\u00ea e revela como Nicolas Prattes acompanhou o exame"},"content":{"rendered":"<p>Sabrina Sato compartilhou um momento especial da gravidez ao mostrar registros de um dos exames do beb\u00ea que espera. Aos cinco meses de gesta\u00e7\u00e3o, a apresentadora revelou que Nicolas Prattes conseguiu acompanhar o ultrassom por videochamada e n\u00e3o escondeu a emo\u00e7\u00e3o diante das imagens do filho.<\/p>\n<p>O momento foi registrado por Sabrina e posteriormente publicado nas redes sociais. Na tela do celular, o ator aparece acompanhando atentamente o exame, enquanto a apresentadora vivia mais uma etapa importante da gesta\u00e7\u00e3o.<\/p>\n<p>A rea\u00e7\u00e3o de Nicolas chamou a aten\u00e7\u00e3o dos seguidores. O envolvimento do ator durante a consulta foi celebrado pelos f\u00e3s, que destacaram a demonstra\u00e7\u00e3o de carinho e a expectativa do casal com a chegada do beb\u00ea.<\/p>\n<p>Sabrina tem dividido alguns momentos da gravidez com o p\u00fablico, desde registros da rotina at\u00e9 acontecimentos relacionados ao acompanhamento m\u00e9dico. Cada nova atualiza\u00e7\u00e3o acaba despertando a curiosidade dos admiradores, que acompanham a evolu\u00e7\u00e3o da gesta\u00e7\u00e3o.<\/p>\n<p>A participa\u00e7\u00e3o de Nicolas por chamada de v\u00eddeo tamb\u00e9m mostrou uma alternativa encontrada pelo casal para que ele pudesse estar presente mesmo \u00e0 dist\u00e2ncia. O recurso permitiu que o ator acompanhasse as imagens do ultrassom e participasse simbolicamente de um momento importante da gravidez.<\/p>\n<p>Nas redes sociais, a publica\u00e7\u00e3o recebeu uma s\u00e9rie de mensagens carinhosas. F\u00e3s desejaram sa\u00fade para Sabrina e o beb\u00ea, al\u00e9m de celebrarem a emo\u00e7\u00e3o demonstrada por Nicolas ao acompanhar o exame.<\/p>\n<p>A gravidez tem marcado uma nova fase na vida dos dois, que passaram a compartilhar com mais frequ\u00eancia registros relacionados \u00e0 chegada do filho. O casal, entretanto, continua preservando alguns detalhes da gesta\u00e7\u00e3o e da vida familiar.<\/p>\n<p>Com cinco meses de gravidez, Sabrina segue acompanhando o desenvolvimento do beb\u00ea e vivendo a expectativa pela chegada do novo integrante da fam\u00edlia. O registro do ultrassom acabou se tornando mais uma lembran\u00e7a especial desse per\u00edodo, especialmente pela rea\u00e7\u00e3o emocionada de Nicolas durante a videochamada.<\/p>\n<p><\/p>\n","protected":false},"excerpt":{"rendered":"<p>Sabrina Sato compartilhou um momento especial da gravidez ao mostrar registros de um dos exames do beb\u00ea que espera. Aos cinco meses de gesta\u00e7\u00e3o, a apresentadora revelou que Nicolas Prattes conseguiu acompanhar o ultrassom por videochamada e n\u00e3o escondeu a emo\u00e7\u00e3o diante das imagens do filho. O momento foi registrado por Sabrina e posteriormente publicado [\u2026]<\/p>\n","protected":false},"author":5,"featured_media":0,"comment_status":"","ping_status":"open","sticky":false,"template":"","format":"standard","meta":{"_jetpack_newsletter_access":"","_jetpack_dont_email_post_to_subs":false,"_jetpack_newsletter_tier_id":0,"_jetpack_memberships_contains_paywalled_content":false,"_mbp_banners":[],"_jetpack_feature_clip_id":0,"_jetpack_memberships_contains_paid_content":false,"footnotes":"","jetpack_publicize_message":"","jetpack_publicize_feature_enabled":true,"jetpack_social_post_already_shared":true,"jetpack_social_options":{"image_generator_settings":{"template":"highway","default_image_id":0,"font":"","enabled":false},"version":2},"jetpack_post_was_ever_published":false},"categories":[],"tags":[],"class_list":["post-74014","post","type-post","status-publish","format-standard"],"jetpack_publicize_connections":[],"jetpack-related-posts":[],"jetpack_shortlink":"https:\/\/wp.me\/p7Eq1F-jfM","jetpack_sharing_enabled":true,"jetpack_featured_media_url":"","_links":{"self":[{"href":"https:\/\/guialimeira.com.br\/news\/wp-json\/wp\/v2\/posts\/74014","targetHints":{"allow":["GET"]}}],"collection":[{"href":"https:\/\/guialimeira.com.br\/news\/wp-json\/wp\/v2\/posts"}],"about":[{"href":"https:\/\/guialimeira.com.br\/news\/wp-json\/wp\/v2\/types\/post"}],"author":[{"embeddable":true,"href":"https:\/\/guialimeira.com.br\/news\/wp-json\/wp\/v2\/users\/5"}],"replies":[{"embeddable":true,"href":"https:\/\/guialimeira.com.br\/news\/wp-json\/wp\/v2\/comments?post=74014"}],"version-history":[{"count":0,"href":"https:\/\/guialimeira.com.br\/news\/wp-json\/wp\/v2\/posts\/74014\/revisions"}],"wp:attachment":[{"href":"https:\/\/guialimeira.com.br\/news\/wp-json\/wp\/v2\/media?parent=74014"}],"wp:term":[{"taxonomy":"category","embeddable":true,"href":"https:\/\/guialimeira.com.br\/news\/wp-json\/wp\/v2\/categories?post=74014"},{"taxonomy":"post_tag","embeddable":true,"href":"https:\/\/guialimeira.com.br\/news\/wp-json\/wp\/v2\/tags?post=74014"}],"curies":[{"name":"wp","href":"https:\/\/api.w.org\/{rel}","templated":true}]}}