{"id":7399,"date":"2024-06-04T11:59:45","date_gmt":"2024-06-04T14:59:45","guid":{"rendered":"https:\/\/guialimeira.com.br\/2024\/06\/04\/rio-amplia-campanha-de-vacinacao-contra-a-covid-19\/"},"modified":"2024-06-04T11:59:45","modified_gmt":"2024-06-04T14:59:45","slug":"rio-amplia-campanha-de-vacinacao-contra-a-covid-19","status":"publish","type":"post","link":"https:\/\/guialimeira.com.br\/news\/rio-amplia-campanha-de-vacinacao-contra-a-covid-19\/","title":{"rendered":"Rio amplia campanha de vacina\u00e7\u00e3o contra a covid-19"},"content":{"rendered":"<p> <br \/>\n<\/p>\n<div>\n<p>O calend\u00e1rio da campanha de vacina\u00e7\u00e3o covid-19 para a cepa XBB para novos p\u00fablicos foi definido pela Secretaria Municipal de Sa\u00fade do Rio de Janeiro. Com a amplia\u00e7\u00e3o, a partir desta ter\u00e7a-feira (4), poder\u00e3o se vacinar pessoas com 80 anos ou mais e adultos com indica\u00e7\u00e3o m\u00e9dica de antecipa\u00e7\u00e3o da vacina devido \u00e0 comorbidade grave.<img data-recalc-dims=\"1\" decoding=\"async\" src=\"https:\/\/i0.wp.com\/agenciabrasil.ebc.com.br\/ebc.png?w=696&#038;ssl=1\" style=\"width:1px; height:1px; display:inline;\"\/><img data-recalc-dims=\"1\" decoding=\"async\" src=\"https:\/\/i0.wp.com\/agenciabrasil.ebc.com.br\/ebc.gif?w=696&#038;ssl=1\" style=\"width:1px; height:1px; display:inline;\"\/><\/p>\n<p>Na pr\u00f3xima sexta-feira (7), \u00e9 a vez das pessoas com 70 anos ou mais, e, no dia 11 de junho, poder\u00e3o se vacinar a faixa de 65 anos ou mais. No dia 18 de junho, a campanha passa a contemplar adultos com comorbidades sem necessidade de apresenta\u00e7\u00e3o de laudo m\u00e9dico, bastando hist\u00f3rico cl\u00ednico, receitas ou qualquer outro documento de comprova\u00e7\u00e3o.<\/p>\n<p>A vacina estar\u00e1 dispon\u00edvel em todas as 238 cl\u00ednicas da fam\u00edlia e centros municipais de sa\u00fade espalhados por toda a capital fluminense, al\u00e9m do Super Centro Carioca de Vacina\u00e7\u00e3o de Botafogo, que funciona todos os dias, das 8h \u00e0s 22h; e do Super Centro Carioca de Vacina\u00e7\u00e3o de Campo Grande, no ParkShoping Campo Grande, que tamb\u00e9m abre todos os dias, de acordo com o hor\u00e1rio de funcionamento do centro comercial.\u00a0<\/p>\n<p>\u201cA vacina da covid vai precisar ser atualizada da mesma maneira que a vacina da gripe. Todos os anos ter\u00e1 uma nova vacina atualizada para a cepa circulante a fim de proteger a popula\u00e7\u00e3o. Este ano a vacina \u00e9 a XBB que \u00e9 a que protege contra a subvariante da \u00d4micron. Por isso, todas as pessoas que tomaram a vacina h\u00e1 mais de um ano devem procurar uma unidade de sa\u00fade para se vacinar\u201d, disse o secret\u00e1rio municipal de Sa\u00fade, Daniel Soranz.<\/p>\n<\/p><\/div>\n<p><br \/>\n<br \/><a href=\"https:\/\/agenciabrasil.ebc.com.br\/saude\/noticia\/2024-06\/rio-amplia-campanha-de-vacinacao-contra-covid-19\" rel=\"noopener\">Ag\u00eancia Brasil <\/a><\/p>\n","protected":false},"excerpt":{"rendered":"<p>O calend\u00e1rio da campanha de vacina\u00e7\u00e3o covid-19 para a cepa XBB para novos p\u00fablicos foi definido pela Secretaria Municipal de Sa\u00fade do Rio de Janeiro. Com a amplia\u00e7\u00e3o, a partir desta ter\u00e7a-feira (4), poder\u00e3o se vacinar pessoas com 80 anos ou mais e adultos com indica\u00e7\u00e3o m\u00e9dica de antecipa\u00e7\u00e3o da vacina devido \u00e0 comorbidade grave. [&hellip;]<\/p>\n","protected":false},"author":1,"featured_media":7400,"comment_status":"open","ping_status":"open","sticky":false,"template":"","format":"standard","meta":{"_jetpack_newsletter_access":"","_jetpack_dont_email_post_to_subs":false,"_jetpack_newsletter_tier_id":0,"_jetpack_memberships_contains_paywalled_content":false,"_mbp_banners":[],"_jetpack_feature_clip_id":0,"_jetpack_memberships_contains_paid_content":false,"footnotes":"","jetpack_publicize_message":"","jetpack_publicize_feature_enabled":true,"jetpack_social_post_already_shared":true,"jetpack_social_options":{"image_generator_settings":{"template":"highway","default_image_id":0,"font":"","enabled":false},"version":2},"jetpack_post_was_ever_published":false},"categories":[15],"tags":[],"class_list":["post-7399","post","type-post","status-publish","format-standard","has-post-thumbnail","category-saude"],"jetpack_publicize_connections":[],"jetpack-related-posts":[],"jetpack_shortlink":"https:\/\/wp.me\/p7Eq1F-1Vl","jetpack_sharing_enabled":true,"jetpack_featured_media_url":"https:\/\/i0.wp.com\/guialimeira.com.br\/news\/wp-content\/uploads\/2024\/06\/dsc8423_2.jpg?fit=1600%2C800&ssl=1","_links":{"self":[{"href":"https:\/\/guialimeira.com.br\/news\/wp-json\/wp\/v2\/posts\/7399","targetHints":{"allow":["GET"]}}],"collection":[{"href":"https:\/\/guialimeira.com.br\/news\/wp-json\/wp\/v2\/posts"}],"about":[{"href":"https:\/\/guialimeira.com.br\/news\/wp-json\/wp\/v2\/types\/post"}],"author":[{"embeddable":true,"href":"https:\/\/guialimeira.com.br\/news\/wp-json\/wp\/v2\/users\/1"}],"replies":[{"embeddable":true,"href":"https:\/\/guialimeira.com.br\/news\/wp-json\/wp\/v2\/comments?post=7399"}],"version-history":[{"count":0,"href":"https:\/\/guialimeira.com.br\/news\/wp-json\/wp\/v2\/posts\/7399\/revisions"}],"wp:featuredmedia":[{"embeddable":true,"href":"https:\/\/guialimeira.com.br\/news\/wp-json\/wp\/v2\/media\/7400"}],"wp:attachment":[{"href":"https:\/\/guialimeira.com.br\/news\/wp-json\/wp\/v2\/media?parent=7399"}],"wp:term":[{"taxonomy":"category","embeddable":true,"href":"https:\/\/guialimeira.com.br\/news\/wp-json\/wp\/v2\/categories?post=7399"},{"taxonomy":"post_tag","embeddable":true,"href":"https:\/\/guialimeira.com.br\/news\/wp-json\/wp\/v2\/tags?post=7399"}],"curies":[{"name":"wp","href":"https:\/\/api.w.org\/{rel}","templated":true}]}}