{"id":7397,"date":"2024-06-04T11:25:52","date_gmt":"2024-06-04T14:25:52","guid":{"rendered":"https:\/\/guialimeira.com.br\/2024\/06\/04\/escolas-se-reunem-no-teatro-vitoria-para-projeto-verso-e-voz\/"},"modified":"2024-06-04T11:25:52","modified_gmt":"2024-06-04T14:25:52","slug":"escolas-se-reunem-no-teatro-vitoria-para-projeto-verso-e-voz","status":"publish","type":"post","link":"https:\/\/guialimeira.com.br\/news\/escolas-se-reunem-no-teatro-vitoria-para-projeto-verso-e-voz\/","title":{"rendered":"Escolas se re\u00fanem no Teatro Vit\u00f3ria para projeto \u201cVerso e Voz\u201d"},"content":{"rendered":"<p> <br \/>\n<\/p>\n<div id=\"\">&#13;<br \/>\n                &#13;<br \/>\n&#13;<br \/>\n&#13;<br \/>\n&#13;<br \/>\n    <img data-recalc-dims=\"1\" decoding=\"async\" src=\"https:\/\/i0.wp.com\/ecrie.com.br\/sistema\/conteudos\/imagem\/m_137_0_1_04062024104640.jpeg?w=696&#038;ssl=1\" alt=\"Escolas se re\u00fanem no Teatro Vit\u00f3ria para projeto \u201cVerso e Voz\u201d\"\/>&#13;<br \/>\n&#13;<\/p>\n<p style=\"text-align: justify;\"><span style=\"font-weight: 400;\">Nesta quinta-feira (6), acontece o projeto \u201cVerso e Voz\u201d, no Teatro Vit\u00f3ria Emiliano Bernardo da Silva, \u00e0s 13h30. O concurso de declama\u00e7\u00e3o de poemas re\u00fane alunos de escolas p\u00fablicas de ensino fundamental e ensino m\u00e9dio. A realiza\u00e7\u00e3o \u00e9 da Prefeitura de Limeira, por meio da Secretaria de Cultura, Diretoria Regional de Ensino e Centro do Professorado Paulista (CPP).<\/span><\/p>\n<p>&#13;<\/p>\n<p style=\"text-align: justify;\"><span style=\"font-weight: 400;\">No concurso, os jurados avaliar\u00e3o as declama\u00e7\u00f5es e determinar\u00e3o a premia\u00e7\u00e3o atrav\u00e9s de medalhas de ouro, prata e bronze. Ser\u00e3o avaliados os seguintes quesitos de cada categoria: Declama\u00e7\u00e3o, Performance, Figurino, Maquiagem, Trilha Sonora, Cenografia e Torcida.<\/span><\/p>\n<p>&#13;<\/p>\n<p style=\"text-align: justify;\"><span style=\"font-weight: 400;\">Confira a ordem de apresenta\u00e7\u00e3o:<\/span><\/p>\n<p>&#13;<\/p>\n<p style=\"text-align: justify;\"><strong>ENSINO FUNDAMENTAL<\/strong><\/p>\n<p>&#13;<\/p>\n<p style=\"text-align: justify;\"><span style=\"font-weight: 400;\">ESCOLA: E. E. Professor Ely de Almeida Campos<\/span><\/p>\n<p>&#13;<\/p>\n<p style=\"text-align: justify;\"><span style=\"font-weight: 400;\">POEMA: O Enviado de Deus<\/span><\/p>\n<p>&#13;<\/p>\n<p style=\"text-align: justify;\"><span style=\"font-weight: 400;\">AUTORIA: Professora Dra. Simone Portela<\/span><\/p>\n<p>&#13;<\/p>\n<p style=\"text-align: justify;\"><span style=\"font-weight: 400;\">DECLAMADOR(A): Laura Ramos Ferreira Barbosa &#8211; 6\u00ba ano<\/span><\/p>\n<p>&#13;<\/p>\n<p>\u00a0<\/p>\n<p>&#13;<\/p>\n<p style=\"text-align: justify;\"><span style=\"font-weight: 400;\">ESCOLA: E.E. Castelo Branco<\/span><\/p>\n<p>&#13;<\/p>\n<p style=\"text-align: justify;\"><span style=\"font-weight: 400;\">POEMA: Distraidamente<\/span><\/p>\n<p>&#13;<\/p>\n<p style=\"text-align: justify;\"><span style=\"font-weight: 400;\">AUTORIA: Nayara Meneguetti Pires<\/span><\/p>\n<p>&#13;<\/p>\n<p style=\"text-align: justify;\"><span style=\"font-weight: 400;\">DECLAMADOR(A): Leandro Henrike de Mattos Sentinela &#8211; 7\u00ba ano<\/span><\/p>\n<p>&#13;<\/p>\n<p>\u00a0<\/p>\n<p>&#13;<\/p>\n<p style=\"text-align: justify;\"><span style=\"font-weight: 400;\">ESCOLA: E.E. Brasil<\/span><\/p>\n<p>&#13;<\/p>\n<p style=\"text-align: justify;\"><span style=\"font-weight: 400;\">POEMA: Paix\u00e3o Nacional<\/span><\/p>\n<p>&#13;<\/p>\n<p style=\"text-align: justify;\"><span style=\"font-weight: 400;\">AUTORIA: Bruno de Souza Santos<\/span><\/p>\n<p>&#13;<\/p>\n<p style=\"text-align: justify;\"><span style=\"font-weight: 400;\">DECLAMADOR(A): Jo\u00e3o Pedro Fernandes Modesto &#8211; 8\u00ba ano<\/span><\/p>\n<p>&#13;<\/p>\n<p>\u00a0<\/p>\n<p>&#13;<\/p>\n<p style=\"text-align: justify;\"><span style=\"font-weight: 400;\">ESCOLA: E.E. Professor Jos\u00e9 Marciliano da Costa Junior<\/span><\/p>\n<p>&#13;<\/p>\n<p style=\"text-align: justify;\"><span style=\"font-weight: 400;\">POEMA: Como Assim?<\/span><\/p>\n<p>&#13;<\/p>\n<p style=\"text-align: justify;\"><span style=\"font-weight: 400;\">AUTORIA: Andr\u00e9ia Nair Toniatto<\/span><\/p>\n<p>&#13;<\/p>\n<p style=\"text-align: justify;\"><span style=\"font-weight: 400;\">DECLAMADOR(A): Eloah Vit\u00f3ria Alves &#8211; 8\u00ba ano<\/span><\/p>\n<p>&#13;<\/p>\n<p>\u00a0<\/p>\n<p>&#13;<\/p>\n<p style=\"text-align: justify;\"><span style=\"font-weight: 400;\">ESCOLA: E.E. Jose Ferraz Sampaio Penteado, Professor<\/span><\/p>\n<p>&#13;<\/p>\n<p style=\"text-align: justify;\"><span style=\"font-weight: 400;\">POEMA: Metapoema 5<\/span><\/p>\n<p>&#13;<\/p>\n<p style=\"text-align: justify;\"><span style=\"font-weight: 400;\">AUTORIA: Anibal Olivan Filho<\/span><\/p>\n<p>&#13;<\/p>\n<p style=\"text-align: justify;\"><span style=\"font-weight: 400;\">DECLAMADOR(A): Ivilyng Martins Silva &#8211; 7\u00ba ano<\/span><\/p>\n<p>&#13;<\/p>\n<p>\u00a0<\/p>\n<p>&#13;<\/p>\n<p style=\"text-align: justify;\"><strong>ENSINO M\u00c9DIO<\/strong><\/p>\n<p>&#13;<\/p>\n<p style=\"text-align: justify;\"><span style=\"font-weight: 400;\">ESCOLA: E.E. Dom Id\u00edlio Jos\u00e9 Soares<\/span><\/p>\n<p>&#13;<\/p>\n<p style=\"text-align: justify;\"><span style=\"font-weight: 400;\">POEMA: Mude<\/span><\/p>\n<p>&#13;<\/p>\n<p style=\"text-align: justify;\"><span style=\"font-weight: 400;\">AUTORIA: Edson Marques<\/span><\/p>\n<p>&#13;<\/p>\n<p style=\"text-align: justify;\"><span style=\"font-weight: 400;\">DECLAMADOR(A): L\u00edvia da Silva Andrade Barbosa &#8211; 2\u00ba ano Ensino M\u00e9dio)<\/span><\/p>\n<p>&#13;<\/p>\n<p>\u00a0<\/p>\n<p>&#13;<\/p>\n<p style=\"text-align: justify;\"><span style=\"font-weight: 400;\">ESCOLA: E.E. Professor Ant\u00f4nio Perches Lordello<\/span><\/p>\n<p>&#13;<\/p>\n<p style=\"text-align: justify;\"><span style=\"font-weight: 400;\">POEMA: Os Inimigos<\/span><\/p>\n<p>&#13;<\/p>\n<p style=\"text-align: justify;\"><span style=\"font-weight: 400;\">AUTORIA: Pablo Neruda<\/span><\/p>\n<p>&#13;<\/p>\n<p style=\"text-align: justify;\"><span style=\"font-weight: 400;\">DECLAMADOR(A): Isabelli Arag\u00e3o Matias &#8211; 2\u00ba ano<\/span><\/p>\n<p>&#13;<\/p>\n<p>\u00a0<\/p>\n<p>&#13;<\/p>\n<p style=\"text-align: justify;\"><span style=\"font-weight: 400;\">ESCOLA: E.E. Brasil<\/span><\/p>\n<p>&#13;<\/p>\n<p style=\"text-align: justify;\"><span style=\"font-weight: 400;\">POEMA: Eu Queria Ter e Ser<\/span><\/p>\n<p>&#13;<\/p>\n<p style=\"text-align: justify;\"><span style=\"font-weight: 400;\">AUTORIA: Ferr\u00e9z (Reginaldo Ferreira da Silva)<\/span><\/p>\n<p>&#13;<\/p>\n<p style=\"text-align: justify;\"><span style=\"font-weight: 400;\">DECLAMADOR(A): Rebecca Olimpio Rizardi &#8211; 3\u00ba ano<\/span><\/p>\n<p>&#13;<\/p>\n<p>\u00a0<\/p>\n<p>&#13;<\/p>\n<p style=\"text-align: justify;\"><span style=\"font-weight: 400;\">ESCOLA: E.E. Professor Gabriel Pozzi<\/span><\/p>\n<p>&#13;<\/p>\n<p style=\"text-align: justify;\"><span style=\"font-weight: 400;\">POEMA: Eu Voltarei<\/span><\/p>\n<p>&#13;<\/p>\n<p style=\"text-align: justify;\"><span style=\"font-weight: 400;\">AUTORIA: Cora Coralina<\/span><\/p>\n<p>&#13;<\/p>\n<p style=\"text-align: justify;\"><span style=\"font-weight: 400;\">DECLAMADOR(A): Sophia Abreu Cavazzani &#8211; 1\u00ba ano<\/span><\/p>\n<p>&#13;<\/p>\n<p>\u00a0<\/p>\n<p>&#13;<\/p>\n<p style=\"text-align: justify;\"><span style=\"font-weight: 400;\">ESCOLA: E.E. Professor Dorivaldo Damm<\/span><\/p>\n<p>&#13;<\/p>\n<p style=\"text-align: justify;\"><span style=\"font-weight: 400;\">POEMA: Definitivo<\/span><\/p>\n<p>&#13;<\/p>\n<p style=\"text-align: justify;\"><span style=\"font-weight: 400;\">AUTORIA: Carlos Drummond de Andrade<\/span><\/p>\n<p>&#13;<\/p>\n<p style=\"text-align: justify;\"><span style=\"font-weight: 400;\">DECLAMADOR(A): Maria Clara dos Santos Ferreira &#8211; 3\u00ba ano<\/span><\/p>\n<p>&#13;<\/p>\n<p style=\"text-align: justify;\">\u00a0<\/p>\n<p>&#13;<br \/>\n&#13;<br \/>\n&#13;<br \/>\n&#13;<\/p>\n<aside class=\"list-related no-print\">&#13;<br \/>\n        &#13;<br \/>\n&#13;<\/p>\n<article class=\"list-item noticias \">&#13;<br \/>\n                    <a class=\"list-item__img\" href=\"https:\/\/limeira.sp.gov.br\/imprensa\/noticias\/cultura\/com-sessoes-esgotadas-exibicao-do-filme-colegas-acontece-nesta-quarta-5\" tabindex=\"-1\" aria-hidden=\"true\" rel=\"noopener\">&#13;<br \/>\n                        <img data-recalc-dims=\"1\" decoding=\"async\" src=\"https:\/\/i0.wp.com\/ecrie.com.br\/sistema\/conteudos\/imagem\/m_137_0_1_04062024091955.jpeg?w=696&#038;ssl=1\" alt=\"Com sess\u00f5es esgotadas, exibi\u00e7\u00e3o do filme \u201cColegas\u201d acontece nesta quarta (5)\"\/>&#13;<br \/>\n                    <\/a>&#13;<br \/>\n&#13;<br \/>\n                &#13;<br \/>\n            <\/article>\n<p>&#13;<\/p>\n<article class=\"list-item noticias \">&#13;<br \/>\n                    <a class=\"list-item__img\" href=\"https:\/\/limeira.sp.gov.br\/imprensa\/noticias\/cultura\/orquestra-apresenta-concerto-a-trindade-vienense-nesta-quarta-5\" tabindex=\"-1\" aria-hidden=\"true\" rel=\"noopener\">&#13;<br \/>\n                        <img data-recalc-dims=\"1\" decoding=\"async\" src=\"https:\/\/i0.wp.com\/ecrie.com.br\/sistema\/conteudos\/imagem\/m_137_0_1_03062024144654.jpg?w=696&#038;ssl=1\" alt=\"Orquestra apresenta concerto \u201cA Trindade Vienense\u201d nesta quarta (5)\"\/>&#13;<br \/>\n                    <\/a>&#13;<br \/>\n&#13;<br \/>\n                &#13;<br \/>\n            <\/article>\n<p>&#13;<\/p>\n<article class=\"list-item noticias \">&#13;<br \/>\n                    <a class=\"list-item__img\" href=\"https:\/\/limeira.sp.gov.br\/imprensa\/noticias\/cultura\/verso-e-voz-e-destaque-da-semana-programacao-tambem-traz-concertos-filme-e-outros-eventos\" tabindex=\"-1\" aria-hidden=\"true\" rel=\"noopener\">&#13;<br \/>\n                        <img data-recalc-dims=\"1\" decoding=\"async\" src=\"https:\/\/i0.wp.com\/ecrie.com.br\/sistema\/conteudos\/imagem\/m_137_0_1_03062024144305.jpeg?w=696&#038;ssl=1\" alt=\"Verso e Voz \u00e9 destaque da semana; programa\u00e7\u00e3o tamb\u00e9m traz concertos, filme e outros eventos\"\/>&#13;<br \/>\n                    <\/a>&#13;<br \/>\n&#13;<br \/>\n                &#13;<br \/>\n            <\/article>\n<p>&#13;<br \/>\n    <\/aside>\n<p>&#13;<br \/>\n&#13;\n            <\/p><\/div>\n<p><br \/>\n<br \/><a href=\"https:\/\/limeira.sp.gov.br\/escolas-se-reunem-no-teatro-vitoria-para-projeto-verso-e-voz\" rel=\"noopener\">Informa\u00e7\u00f5es da PML <\/a><\/p>\n","protected":false},"excerpt":{"rendered":"<p>&#13; &#13; &#13; &#13; &#13; &#13; &#13; Nesta quinta-feira (6), acontece o projeto \u201cVerso e Voz\u201d, no Teatro Vit\u00f3ria Emiliano Bernardo da Silva, \u00e0s 13h30. O concurso de declama\u00e7\u00e3o de poemas re\u00fane alunos de escolas p\u00fablicas de ensino fundamental e ensino m\u00e9dio. A realiza\u00e7\u00e3o \u00e9 da Prefeitura de Limeira, por meio da Secretaria de Cultura, [&hellip;]<\/p>\n","protected":false},"author":1,"featured_media":7398,"comment_status":"open","ping_status":"open","sticky":false,"template":"","format":"standard","meta":{"_jetpack_newsletter_access":"","_jetpack_dont_email_post_to_subs":false,"_jetpack_newsletter_tier_id":0,"_jetpack_memberships_contains_paywalled_content":false,"_mbp_banners":[],"_jetpack_feature_clip_id":0,"_jetpack_memberships_contains_paid_content":false,"footnotes":"","jetpack_publicize_message":"","jetpack_publicize_feature_enabled":true,"jetpack_social_post_already_shared":true,"jetpack_social_options":{"image_generator_settings":{"template":"highway","default_image_id":0,"font":"","enabled":false},"version":2},"jetpack_post_was_ever_published":false},"categories":[16],"tags":[],"class_list":["post-7397","post","type-post","status-publish","format-standard","has-post-thumbnail","category-local"],"jetpack_publicize_connections":[],"jetpack-related-posts":[],"jetpack_shortlink":"https:\/\/wp.me\/p7Eq1F-1Vj","jetpack_sharing_enabled":true,"jetpack_featured_media_url":"https:\/\/i0.wp.com\/guialimeira.com.br\/news\/wp-content\/uploads\/2024\/06\/m_137_0_1_04062024104640.jpeg?fit=1250%2C852&ssl=1","_links":{"self":[{"href":"https:\/\/guialimeira.com.br\/news\/wp-json\/wp\/v2\/posts\/7397","targetHints":{"allow":["GET"]}}],"collection":[{"href":"https:\/\/guialimeira.com.br\/news\/wp-json\/wp\/v2\/posts"}],"about":[{"href":"https:\/\/guialimeira.com.br\/news\/wp-json\/wp\/v2\/types\/post"}],"author":[{"embeddable":true,"href":"https:\/\/guialimeira.com.br\/news\/wp-json\/wp\/v2\/users\/1"}],"replies":[{"embeddable":true,"href":"https:\/\/guialimeira.com.br\/news\/wp-json\/wp\/v2\/comments?post=7397"}],"version-history":[{"count":0,"href":"https:\/\/guialimeira.com.br\/news\/wp-json\/wp\/v2\/posts\/7397\/revisions"}],"wp:featuredmedia":[{"embeddable":true,"href":"https:\/\/guialimeira.com.br\/news\/wp-json\/wp\/v2\/media\/7398"}],"wp:attachment":[{"href":"https:\/\/guialimeira.com.br\/news\/wp-json\/wp\/v2\/media?parent=7397"}],"wp:term":[{"taxonomy":"category","embeddable":true,"href":"https:\/\/guialimeira.com.br\/news\/wp-json\/wp\/v2\/categories?post=7397"},{"taxonomy":"post_tag","embeddable":true,"href":"https:\/\/guialimeira.com.br\/news\/wp-json\/wp\/v2\/tags?post=7397"}],"curies":[{"name":"wp","href":"https:\/\/api.w.org\/{rel}","templated":true}]}}