{"id":7390,"date":"2024-06-04T10:24:47","date_gmt":"2024-06-04T13:24:47","guid":{"rendered":"https:\/\/guialimeira.com.br\/2024\/06\/04\/com-sessoes-esgotadas-exibicao-do-filme-colegas-acontece-nesta-quarta-5\/"},"modified":"2024-06-04T10:24:47","modified_gmt":"2024-06-04T13:24:47","slug":"com-sessoes-esgotadas-exibicao-do-filme-colegas-acontece-nesta-quarta-5","status":"publish","type":"post","link":"https:\/\/guialimeira.com.br\/news\/com-sessoes-esgotadas-exibicao-do-filme-colegas-acontece-nesta-quarta-5\/","title":{"rendered":"Com sess\u00f5es esgotadas, exibi\u00e7\u00e3o do filme \u201cColegas\u201d acontece nesta quarta (5)"},"content":{"rendered":"<p> <br \/>\n<\/p>\n<div>\n            <main class=\"\">&#13;<br \/>\n                &#13;<br \/>\n&#13;<br \/>\n&#13;<br \/>\n&#13;<br \/>\n    <img data-recalc-dims=\"1\" decoding=\"async\" src=\"https:\/\/i0.wp.com\/ecrie.com.br\/sistema\/conteudos\/imagem\/m_137_0_1_04062024091955.jpeg?w=696&#038;ssl=1\" alt=\"Com sess\u00f5es esgotadas, exibi\u00e7\u00e3o do filme \u201cColegas\u201d acontece nesta quarta (5)\"\/>&#13;<br \/>\n&#13;<\/p>\n<p dir=\"ltr\" style=\"text-align: justify;\">Com sess\u00f5es j\u00e1 preenchidas, o projeto Pontos MIS, em Limeira, exibe nesta quarta-feira (5) o filme \u201cColegas\u201d, no Museu Major Jos\u00e9 Levy Sobrinho, \u00e0s 9h e \u00e0s 14h. A realiza\u00e7\u00e3o \u00e9 do Governo do Estado de S\u00e3o Paulo e Museu da Imagem e do Som (MIS), em parceria com a Prefeitura de Limeira, por meio da Secretaria de Cultura.<\/p>\n<p>&#13;<\/p>\n<p dir=\"ltr\" style=\"text-align: justify;\">A produ\u00e7\u00e3o apresenta os colegas Stallone, Aninha e M\u00e1rcio, que moram juntos em um instituto para portadores da s\u00edndrome de Down. Ap\u00f3s assistirem um filme na videoteca, o trio sai em uma jornada com um carro roubado do jardineiro.<\/p>\n<p>&#13;<\/p>\n<div class=\"yj6qo ajU\" style=\"text-align: justify;\">\n<div id=\":1e0\" class=\"ajR\" tabindex=\"0\" role=\"button\" aria-label=\"Ocultar conte\u00fado expandido\" aria-expanded=\"true\" data-tooltip=\"Ocultar conte\u00fado expandido\"><img data-recalc-dims=\"1\" decoding=\"async\" class=\"ajT\" src=\"https:\/\/i0.wp.com\/ssl.gstatic.com\/ui\/v1\/icons\/mail\/images\/cleardot.gif?w=696&#038;ssl=1\"\/><span style=\"font-size: 1em;\">O Museu fica na Rua Boa Morte, 471, Centro.<\/span><\/div>\n<\/div>\n<p>&#13;<br \/>\n&#13;<br \/>\n&#13;<br \/>\n&#13;<\/p>\n<aside class=\"list-related no-print\">&#13;<br \/>\n        &#13;<br \/>\n&#13;<\/p>\n<article class=\"list-item noticias \">&#13;<br \/>\n                    <a class=\"list-item__img\" href=\"https:\/\/limeira.sp.gov.br\/imprensa\/noticias\/cultura\/orquestra-apresenta-concerto-a-trindade-vienense-nesta-quarta-5\" tabindex=\"-1\" aria-hidden=\"true\" rel=\"noopener\">&#13;<br \/>\n                        <img data-recalc-dims=\"1\" decoding=\"async\" src=\"https:\/\/i0.wp.com\/ecrie.com.br\/sistema\/conteudos\/imagem\/m_137_0_1_03062024144654.jpg?w=696&#038;ssl=1\" alt=\"Orquestra apresenta concerto \u201cA Trindade Vienense\u201d nesta quarta (5)\"\/>&#13;<br \/>\n                    <\/a>&#13;<br \/>\n&#13;<br \/>\n                &#13;<br \/>\n            <\/article>\n<p>&#13;<\/p>\n<article class=\"list-item noticias \">&#13;<br \/>\n                    <a class=\"list-item__img\" href=\"https:\/\/limeira.sp.gov.br\/imprensa\/noticias\/cultura\/verso-e-voz-e-destaque-da-semana-programacao-tambem-traz-concertos-filme-e-outros-eventos\" tabindex=\"-1\" aria-hidden=\"true\" rel=\"noopener\">&#13;<br \/>\n                        <img data-recalc-dims=\"1\" decoding=\"async\" src=\"https:\/\/i0.wp.com\/ecrie.com.br\/sistema\/conteudos\/imagem\/m_137_0_1_03062024144305.jpeg?w=696&#038;ssl=1\" alt=\"Verso e Voz \u00e9 destaque da semana; programa\u00e7\u00e3o tamb\u00e9m traz concertos, filme e outros eventos\"\/>&#13;<br \/>\n                    <\/a>&#13;<br \/>\n&#13;<br \/>\n                &#13;<br \/>\n            <\/article>\n<p>&#13;<\/p>\n<article class=\"list-item noticias \">&#13;<br \/>\n                    <a class=\"list-item__img\" href=\"https:\/\/limeira.sp.gov.br\/imprensa\/noticias\/cultura\/festa-junina-municipal-e-verso-e-voz-sao-destaques-da-programacao-cultural-do-mes\" tabindex=\"-1\" aria-hidden=\"true\" rel=\"noopener\">&#13;<br \/>\n                        <img data-recalc-dims=\"1\" decoding=\"async\" src=\"https:\/\/i0.wp.com\/ecrie.com.br\/sistema\/conteudos\/imagem\/m_137_0_1_30042024141915.jpeg?w=696&#038;ssl=1\" alt=\"Festa Junina Municipal e Verso e Voz s\u00e3o destaques da programa\u00e7\u00e3o cultural do m\u00eas\"\/>&#13;<br \/>\n                    <\/a>&#13;<br \/>\n&#13;<br \/>\n                &#13;<br \/>\n            <\/article>\n<p>&#13;<br \/>\n    <\/aside>\n<p>&#13;<br \/>\n&#13;<br \/>\n            <\/main><\/p><\/div>\n<p><br \/>\n<br \/><a href=\"https:\/\/limeira.sp.gov.br\/com-sessoes-esgotadas-exibicao-do-filme-colegas-acontece-nesta-quarta-5\" rel=\"noopener\">Informa\u00e7\u00f5es da PML <\/a><\/p>\n","protected":false},"excerpt":{"rendered":"<p>&#13; &#13; &#13; &#13; &#13; &#13; &#13; Com sess\u00f5es j\u00e1 preenchidas, o projeto Pontos MIS, em Limeira, exibe nesta quarta-feira (5) o filme \u201cColegas\u201d, no Museu Major Jos\u00e9 Levy Sobrinho, \u00e0s 9h e \u00e0s 14h. A realiza\u00e7\u00e3o \u00e9 do Governo do Estado de S\u00e3o Paulo e Museu da Imagem e do Som (MIS), em parceria [&hellip;]<\/p>\n","protected":false},"author":1,"featured_media":7391,"comment_status":"open","ping_status":"open","sticky":false,"template":"","format":"standard","meta":{"_jetpack_newsletter_access":"","_jetpack_dont_email_post_to_subs":false,"_jetpack_newsletter_tier_id":0,"_jetpack_memberships_contains_paywalled_content":false,"_mbp_banners":[],"_jetpack_feature_clip_id":0,"_jetpack_memberships_contains_paid_content":false,"footnotes":"","jetpack_publicize_message":"","jetpack_publicize_feature_enabled":true,"jetpack_social_post_already_shared":true,"jetpack_social_options":{"image_generator_settings":{"template":"highway","default_image_id":0,"font":"","enabled":false},"version":2},"jetpack_post_was_ever_published":false},"categories":[16],"tags":[],"class_list":["post-7390","post","type-post","status-publish","format-standard","has-post-thumbnail","category-local"],"jetpack_publicize_connections":[],"jetpack-related-posts":[],"jetpack_shortlink":"https:\/\/wp.me\/p7Eq1F-1Vc","jetpack_sharing_enabled":true,"jetpack_featured_media_url":"https:\/\/i0.wp.com\/guialimeira.com.br\/news\/wp-content\/uploads\/2024\/06\/m_137_0_1_04062024091955.jpeg?fit=900%2C900&ssl=1","_links":{"self":[{"href":"https:\/\/guialimeira.com.br\/news\/wp-json\/wp\/v2\/posts\/7390","targetHints":{"allow":["GET"]}}],"collection":[{"href":"https:\/\/guialimeira.com.br\/news\/wp-json\/wp\/v2\/posts"}],"about":[{"href":"https:\/\/guialimeira.com.br\/news\/wp-json\/wp\/v2\/types\/post"}],"author":[{"embeddable":true,"href":"https:\/\/guialimeira.com.br\/news\/wp-json\/wp\/v2\/users\/1"}],"replies":[{"embeddable":true,"href":"https:\/\/guialimeira.com.br\/news\/wp-json\/wp\/v2\/comments?post=7390"}],"version-history":[{"count":0,"href":"https:\/\/guialimeira.com.br\/news\/wp-json\/wp\/v2\/posts\/7390\/revisions"}],"wp:featuredmedia":[{"embeddable":true,"href":"https:\/\/guialimeira.com.br\/news\/wp-json\/wp\/v2\/media\/7391"}],"wp:attachment":[{"href":"https:\/\/guialimeira.com.br\/news\/wp-json\/wp\/v2\/media?parent=7390"}],"wp:term":[{"taxonomy":"category","embeddable":true,"href":"https:\/\/guialimeira.com.br\/news\/wp-json\/wp\/v2\/categories?post=7390"},{"taxonomy":"post_tag","embeddable":true,"href":"https:\/\/guialimeira.com.br\/news\/wp-json\/wp\/v2\/tags?post=7390"}],"curies":[{"name":"wp","href":"https:\/\/api.w.org\/{rel}","templated":true}]}}