{"id":7388,"date":"2024-06-04T10:20:48","date_gmt":"2024-06-04T13:20:48","guid":{"rendered":"https:\/\/guialimeira.com.br\/2024\/06\/04\/lider-de-faccao-e-preso-com-dinamites-e-drogas-em-sp\/"},"modified":"2024-06-04T10:20:48","modified_gmt":"2024-06-04T13:20:48","slug":"lider-de-faccao-e-preso-com-dinamites-e-drogas-em-sp","status":"publish","type":"post","link":"https:\/\/guialimeira.com.br\/news\/lider-de-faccao-e-preso-com-dinamites-e-drogas-em-sp\/","title":{"rendered":"L\u00edder de fac\u00e7\u00e3o \u00e9 preso com dinamites e drogas em SP"},"content":{"rendered":"<p> <br \/>\n<\/p>\n<div id=\"\">&#13;<br \/>\n                                <!-- Title -->&#13;<br \/>\n                                &#13;<br \/>\n&#13;<br \/>\n                                <!-- Excerpt -->&#13;<\/p>\n<p class=\"excerpt\">Homem \u00e9 suspeito de envolvimento em roubos de bancos e carros-fortes. ele foi preso na regi\u00e3o do Morro Doce, zona norte da capital<\/p>\n<p>&#13;<br \/>\n&#13;<br \/>\n                                &#13;\n                            <\/p><\/div>\n<div id=\"\">&#13;<\/p>\n<figure id=\"attachment_5896145\" style=\"width: 100%;max-width: 960px\" class=\"wp-caption alignnone\"><img data-recalc-dims=\"1\" decoding=\"async\" loading=\"lazy\" class=\"wp-image-5896145 size-full\" src=\"https:\/\/i0.wp.com\/www.saopaulo.sp.gov.br\/wp-content\/uploads\/2024\/06\/00054914.jpg?resize=696%2C616&#038;ssl=1\" alt=\"\" width=\"696\" height=\"616\" srcset=\"https:\/\/www.saopaulo.sp.gov.br\/wp-content\/uploads\/2024\/06\/00054914.jpg 960w, https:\/\/www.saopaulo.sp.gov.br\/wp-content\/uploads\/2024\/06\/00054914-300x266.jpg 300w, https:\/\/www.saopaulo.sp.gov.br\/wp-content\/uploads\/2024\/06\/00054914-768x680.jpg 768w\" sizes=\"auto, (max-width: 960px) 100vw, 960px\"\/><figcaption class=\"wp-caption-text\">L\u00edder de fac\u00e7\u00e3o \u00e9 preso com dinamites e drogas em SP<\/figcaption><\/figure>\n<p>Um homem, de 32 anos, apontado como l\u00edder de uma fac\u00e7\u00e3o criminosa, foi preso pela Pol\u00edcia Civil na regi\u00e3o do Morro Doce, zona norte de S\u00e3o Paulo. Com ele, mais de 1,6 mil por\u00e7\u00f5es de drogas embaladas para a venda foram apreendidas, al\u00e9m de duas dinamites, dois coletes bal\u00edsticos e quatro celulares.<\/p>\n<p>A a\u00e7\u00e3o aconteceu na segunda-feira (3), durante uma opera\u00e7\u00e3o contra o tr\u00e1fico de drogas na regi\u00e3o de Carapicu\u00edba, na Grande S\u00e3o Paulo.<\/p>\n<p>Durante a investiga\u00e7\u00e3o, os policiais descobriram o endere\u00e7o de um dos l\u00edderes de uma quadrilha, que mora na zona norte da capital. Al\u00e9m de distribuir drogas, o homem tamb\u00e9m \u00e9 suspeito de envolvimento em roubos de carros-fortes e caixas eletr\u00f4nicos.<\/p>\n<p>As equipes encontraram o suspeito em uma viela. Ele acompanhou os investigadores at\u00e9 dois im\u00f3veis onde armazenava drogas. Durante a vistoria, os agentes encontraram dinamites, coletes bal\u00edsticos, m\u00e1quina de cart\u00e3o, simulacro de arma de fogo, alarme, placas de carros e uniformes da Pol\u00edcia Civil.<\/p>\n<p>O suspeito foi preso em flagrante e encaminhado ao 1\u00b0 Distrito Policial de Carapicu\u00edba, onde o caso foi registrado como tr\u00e1fico de drogas, posse ilegal de arma de fogo, associa\u00e7\u00e3o criminosa e usurpa\u00e7\u00e3o de fun\u00e7\u00e3o p\u00fablica.<\/p>\n<figure id=\"attachment_5896147\" style=\"width: 100%;max-width: 960px\" class=\"wp-caption alignnone\"><img data-recalc-dims=\"1\" decoding=\"async\" loading=\"lazy\" class=\"wp-image-5896147 size-full\" src=\"https:\/\/i0.wp.com\/www.saopaulo.sp.gov.br\/wp-content\/uploads\/2024\/06\/00054915.jpg?resize=696%2C928&#038;ssl=1\" alt=\"\" width=\"696\" height=\"928\" srcset=\"https:\/\/www.saopaulo.sp.gov.br\/wp-content\/uploads\/2024\/06\/00054915.jpg 960w, https:\/\/www.saopaulo.sp.gov.br\/wp-content\/uploads\/2024\/06\/00054915-225x300.jpg 225w, https:\/\/www.saopaulo.sp.gov.br\/wp-content\/uploads\/2024\/06\/00054915-768x1024.jpg 768w\" sizes=\"auto, (max-width: 960px) 100vw, 960px\"\/><figcaption class=\"wp-caption-text\">L\u00edder de fac\u00e7\u00e3o \u00e9 preso com dinamites e drogas em SP<\/figcaption><\/figure>\n<p>\u00a0<\/p>\n<\/p><\/div>\n<p><br \/>\n<br \/><a href=\"https:\/\/www.saopaulo.sp.gov.br\/spnoticias\/ultimas-noticias\/lider-de-faccao-e-preso-com-dinamites-e-drogas-em-sp\/\" rel=\"noopener\">Informa\u00e7\u00f5es GOV.SP<\/a><\/p>\n","protected":false},"excerpt":{"rendered":"<p>&#13; &#13; &#13; &#13; &#13; Homem \u00e9 suspeito de envolvimento em roubos de bancos e carros-fortes. ele foi preso na regi\u00e3o do Morro Doce, zona norte da capital &#13; &#13; &#13; &#13; L\u00edder de fac\u00e7\u00e3o \u00e9 preso com dinamites e drogas em SP Um homem, de 32 anos, apontado como l\u00edder de uma fac\u00e7\u00e3o criminosa, [&hellip;]<\/p>\n","protected":false},"author":1,"featured_media":7389,"comment_status":"open","ping_status":"open","sticky":false,"template":"","format":"standard","meta":{"_jetpack_newsletter_access":"","_jetpack_dont_email_post_to_subs":false,"_jetpack_newsletter_tier_id":0,"_jetpack_memberships_contains_paywalled_content":false,"_mbp_banners":[],"_jetpack_feature_clip_id":0,"_jetpack_memberships_contains_paid_content":false,"footnotes":"","jetpack_publicize_message":"","jetpack_publicize_feature_enabled":true,"jetpack_social_post_already_shared":true,"jetpack_social_options":{"image_generator_settings":{"template":"highway","default_image_id":0,"font":"","enabled":false},"version":2},"jetpack_post_was_ever_published":false},"categories":[21],"tags":[],"class_list":["post-7388","post","type-post","status-publish","format-standard","has-post-thumbnail","category-sp-news"],"jetpack_publicize_connections":[],"jetpack-related-posts":[],"jetpack_shortlink":"https:\/\/wp.me\/p7Eq1F-1Va","jetpack_sharing_enabled":true,"jetpack_featured_media_url":"https:\/\/i0.wp.com\/guialimeira.com.br\/news\/wp-content\/uploads\/2024\/06\/Lider-de-faccao-e-preso-com-dinamites-e-drogas-em.jpg?fit=960%2C850&ssl=1","_links":{"self":[{"href":"https:\/\/guialimeira.com.br\/news\/wp-json\/wp\/v2\/posts\/7388","targetHints":{"allow":["GET"]}}],"collection":[{"href":"https:\/\/guialimeira.com.br\/news\/wp-json\/wp\/v2\/posts"}],"about":[{"href":"https:\/\/guialimeira.com.br\/news\/wp-json\/wp\/v2\/types\/post"}],"author":[{"embeddable":true,"href":"https:\/\/guialimeira.com.br\/news\/wp-json\/wp\/v2\/users\/1"}],"replies":[{"embeddable":true,"href":"https:\/\/guialimeira.com.br\/news\/wp-json\/wp\/v2\/comments?post=7388"}],"version-history":[{"count":0,"href":"https:\/\/guialimeira.com.br\/news\/wp-json\/wp\/v2\/posts\/7388\/revisions"}],"wp:featuredmedia":[{"embeddable":true,"href":"https:\/\/guialimeira.com.br\/news\/wp-json\/wp\/v2\/media\/7389"}],"wp:attachment":[{"href":"https:\/\/guialimeira.com.br\/news\/wp-json\/wp\/v2\/media?parent=7388"}],"wp:term":[{"taxonomy":"category","embeddable":true,"href":"https:\/\/guialimeira.com.br\/news\/wp-json\/wp\/v2\/categories?post=7388"},{"taxonomy":"post_tag","embeddable":true,"href":"https:\/\/guialimeira.com.br\/news\/wp-json\/wp\/v2\/tags?post=7388"}],"curies":[{"name":"wp","href":"https:\/\/api.w.org\/{rel}","templated":true}]}}