{"id":7379,"date":"2024-06-04T09:13:45","date_gmt":"2024-06-04T12:13:45","guid":{"rendered":"https:\/\/guialimeira.com.br\/2024\/06\/04\/economia-do-pais-cresce-25-no-primeiro-trimestre-aponta-ibge\/"},"modified":"2024-06-04T09:13:45","modified_gmt":"2024-06-04T12:13:45","slug":"economia-do-pais-cresce-25-no-primeiro-trimestre-aponta-ibge","status":"publish","type":"post","link":"https:\/\/guialimeira.com.br\/news\/economia-do-pais-cresce-25-no-primeiro-trimestre-aponta-ibge\/","title":{"rendered":"Economia do pa\u00eds cresce 2,5% no primeiro trimestre, aponta IBGE"},"content":{"rendered":"<p> <br \/>\n<\/p>\n<div>\n<p>A economia brasileira cresceu 2,5% no primeiro trimestre do ano, em compara\u00e7\u00e3o com o mesmo per\u00edodo do ano passado. Em rela\u00e7\u00e3o ao \u00faltimo trimestre de 2023, o Produto Interno Bruto (PIB, conjunto de todos os bens e servi\u00e7os produzidos no pa\u00eds) apresentou alta de 0,8%.<img data-recalc-dims=\"1\" decoding=\"async\" src=\"https:\/\/i0.wp.com\/agenciabrasil.ebc.com.br\/ebc.png?w=696&#038;ssl=1\" style=\"width:1px; height:1px; display:inline;\"\/><img data-recalc-dims=\"1\" decoding=\"async\" src=\"https:\/\/i0.wp.com\/agenciabrasil.ebc.com.br\/ebc.gif?w=696&#038;ssl=1\" style=\"width:1px; height:1px; display:inline;\"\/><\/p>\n<p>No acumulado de 12 meses, o crescimento da economia do pa\u00eds soma 2,5%. Os dados foram divulgados nesta ter\u00e7a-feira (4), pelo Instituto Brasileiro de Geografia e Estat\u00edstica (IBGE). Em valores correntes, o PIB chega a R$ 2,7 trilh\u00f5es de reais.<\/p>\n<p>(Mat\u00e9ria em atualiza\u00e7\u00e3o)<\/p>\n<\/p><\/div>\n<p><br \/>\n<br \/><a href=\"https:\/\/agenciabrasil.ebc.com.br\/economia\/noticia\/2024-06\/economia-do-pais-cresce-25-no-primeiro-trimestre-aponta-ibge\" rel=\"noopener\">Ag\u00eancia Brasil<\/a><\/p>\n","protected":false},"excerpt":{"rendered":"<p>A economia brasileira cresceu 2,5% no primeiro trimestre do ano, em compara\u00e7\u00e3o com o mesmo per\u00edodo do ano passado. Em rela\u00e7\u00e3o ao \u00faltimo trimestre de 2023, o Produto Interno Bruto (PIB, conjunto de todos os bens e servi\u00e7os produzidos no pa\u00eds) apresentou alta de 0,8%. No acumulado de 12 meses, o crescimento da economia do [&hellip;]<\/p>\n","protected":false},"author":1,"featured_media":5614,"comment_status":"open","ping_status":"open","sticky":false,"template":"","format":"standard","meta":{"_jetpack_newsletter_access":"","_jetpack_dont_email_post_to_subs":false,"_jetpack_newsletter_tier_id":0,"_jetpack_memberships_contains_paywalled_content":false,"_mbp_banners":[],"_jetpack_feature_clip_id":0,"_jetpack_memberships_contains_paid_content":false,"footnotes":"","jetpack_publicize_message":"","jetpack_publicize_feature_enabled":true,"jetpack_social_post_already_shared":true,"jetpack_social_options":{"image_generator_settings":{"template":"highway","default_image_id":0,"font":"","enabled":false},"version":2},"jetpack_post_was_ever_published":false},"categories":[24],"tags":[],"class_list":["post-7379","post","type-post","status-publish","format-standard","has-post-thumbnail","category-economia"],"jetpack_publicize_connections":[],"jetpack-related-posts":[],"jetpack_shortlink":"https:\/\/wp.me\/p7Eq1F-1V1","jetpack_sharing_enabled":true,"jetpack_featured_media_url":"https:\/\/i0.wp.com\/guialimeira.com.br\/news\/wp-content\/uploads\/2024\/05\/economia_1609210405_0.jpg?fit=1600%2C800&ssl=1","_links":{"self":[{"href":"https:\/\/guialimeira.com.br\/news\/wp-json\/wp\/v2\/posts\/7379","targetHints":{"allow":["GET"]}}],"collection":[{"href":"https:\/\/guialimeira.com.br\/news\/wp-json\/wp\/v2\/posts"}],"about":[{"href":"https:\/\/guialimeira.com.br\/news\/wp-json\/wp\/v2\/types\/post"}],"author":[{"embeddable":true,"href":"https:\/\/guialimeira.com.br\/news\/wp-json\/wp\/v2\/users\/1"}],"replies":[{"embeddable":true,"href":"https:\/\/guialimeira.com.br\/news\/wp-json\/wp\/v2\/comments?post=7379"}],"version-history":[{"count":0,"href":"https:\/\/guialimeira.com.br\/news\/wp-json\/wp\/v2\/posts\/7379\/revisions"}],"wp:featuredmedia":[{"embeddable":true,"href":"https:\/\/guialimeira.com.br\/news\/wp-json\/wp\/v2\/media\/5614"}],"wp:attachment":[{"href":"https:\/\/guialimeira.com.br\/news\/wp-json\/wp\/v2\/media?parent=7379"}],"wp:term":[{"taxonomy":"category","embeddable":true,"href":"https:\/\/guialimeira.com.br\/news\/wp-json\/wp\/v2\/categories?post=7379"},{"taxonomy":"post_tag","embeddable":true,"href":"https:\/\/guialimeira.com.br\/news\/wp-json\/wp\/v2\/tags?post=7379"}],"curies":[{"name":"wp","href":"https:\/\/api.w.org\/{rel}","templated":true}]}}