{"id":7374,"date":"2024-06-04T08:54:46","date_gmt":"2024-06-04T11:54:46","guid":{"rendered":"https:\/\/guialimeira.com.br\/2024\/06\/04\/dia-municipal-do-cooperativismo-e-festa-da-primavera-serao-incluidos-no-calendario-oficial-de-limeira\/"},"modified":"2024-06-04T08:54:46","modified_gmt":"2024-06-04T11:54:46","slug":"dia-municipal-do-cooperativismo-e-festa-da-primavera-serao-incluidos-no-calendario-oficial-de-limeira","status":"publish","type":"post","link":"https:\/\/guialimeira.com.br\/news\/dia-municipal-do-cooperativismo-e-festa-da-primavera-serao-incluidos-no-calendario-oficial-de-limeira\/","title":{"rendered":"Dia Municipal do Cooperativismo e Festa da Primavera ser\u00e3o inclu\u00eddos no Calend\u00e1rio Oficial de Limeira"},"content":{"rendered":"<p> <br \/>\n<\/p>\n<div>\n<p>Durante a sess\u00e3o ordin\u00e1ria da C\u00e2mara Municipal desta segunda-feira, 3 de junho, foram aprovados dois projetos que incluem novas comemora\u00e7\u00f5es no Calend\u00e1rio Oficial do Munic\u00edpio. As propostas s\u00e3o de autoria dos vereadores Dr. J\u00falio (MDB)\u00a0 e Jos\u00e9 Farid Zaine (PL).<\/p>\n<p>Os projetos seguem para aprecia\u00e7\u00e3o do prefeito Mario Botion (PSD), que pode sancionar ou vetar. Se sancionados, ser\u00e3o promulgados e publicados no Jornal Oficial do Munic\u00edpio, passando a ser lei.\u00a0<\/p>\n<p><strong>Dia Municipal do Cooperativismo<\/strong><\/p>\n<p>O <a href=\"http:\/\/consulta.limeira.sp.leg.br\/Documentos\/Documento\/341181\" rel=\"noopener\">Projeto de Lei N\u00b036\/2024<\/a>, do vereador Dr. J\u00falio, institui no Calend\u00e1rio Oficial o Dia Municipal do Cooperativismo, a ser comemorado anualmente no primeiro s\u00e1bado de julho. A propositura tem como objetivo celebrar e incentivar a cultura cooperativista e dar visibilidade \u00e0s boas pr\u00e1ticas implementadas pelas cooperativas em Limeira. No texto do projeto \u00e9 proposto que sejam promovidas atividades que valorizem o setor, como semin\u00e1rios, workshops, palestras e demais eventos por meio de a\u00e7\u00f5es da Prefeitura e das cooperativas.<\/p>\n<p>\u201cO cooperativismo indica a colabora\u00e7\u00e3o e a associa\u00e7\u00e3o de pessoas ou grupos com os mesmos interesses, com o objetivo de adquirir vantagens comuns para as atividades econ\u00f4micas. Tem como um dos fundamentos o progresso social pela coopera\u00e7\u00e3o e ajuda m\u00fatua daqueles que se encontram na mesma situa\u00e7\u00e3o, conseguindo, pela soma de esfor\u00e7os, garantir a sobreviv\u00eancia\u201d, destacou o parlamentar.<\/p>\n<p><strong>Festa da Primavera do Cantinho do Vov\u00f4<\/strong><\/p>\n<p>J\u00e1 o <a href=\"http:\/\/consulta.limeira.sp.leg.br\/Documentos\/Documento\/345447\" rel=\"noopener\">Projeto de Lei N\u00b0 65\/2024<\/a>, do vereador Jos\u00e9 Farid Zaine, inclui no Calend\u00e1rio Oficial de Eventos do Munic\u00edpio a Festa da Primavera do Cantinho do Vov\u00f4. O evento \u00e9 realizado h\u00e1 mais de 20 anos no m\u00eas de setembro e, segundo Farid Zaine, se tornou tradi\u00e7\u00e3o na cidade; atraindo milhares de pessoas e reunindo volunt\u00e1rios, parceiros e amigos que n\u00e3o poupam esfor\u00e7os em prol da institui\u00e7\u00e3o.\u00a0<\/p>\n<p>\u201cTrata-se de um evento de grande import\u00e2ncia para o munic\u00edpio, visando a valoriza\u00e7\u00e3o da gastronomia local e a intera\u00e7\u00e3o cultural. \u00c9 de grande ajuda para a entidade, j\u00e1 que os recursos arrecadados s\u00e3o para a manuten\u00e7\u00e3o dos servi\u00e7os e dos atendimentos\u201d, refor\u00e7ou o vereador.<\/p>\n<\/p><\/div>\n<p><br \/>\n<br \/><a href=\"https:\/\/www.limeira.sp.leg.br\/noticias\/view\/2024-06-04_dia-municipal-do-cooperativismo-e-festa-da-primavera-serao-incluidos-no-calendario-oficial-de-limeira\" rel=\"noopener\">Informa\u00e7\u00f5es CML<\/a><\/p>\n","protected":false},"excerpt":{"rendered":"<p>Durante a sess\u00e3o ordin\u00e1ria da C\u00e2mara Municipal desta segunda-feira, 3 de junho, foram aprovados dois projetos que incluem novas comemora\u00e7\u00f5es no Calend\u00e1rio Oficial do Munic\u00edpio. As propostas s\u00e3o de autoria dos vereadores Dr. J\u00falio (MDB)\u00a0 e Jos\u00e9 Farid Zaine (PL). Os projetos seguem para aprecia\u00e7\u00e3o do prefeito Mario Botion (PSD), que pode sancionar ou vetar. [&hellip;]<\/p>\n","protected":false},"author":1,"featured_media":0,"comment_status":"open","ping_status":"open","sticky":false,"template":"","format":"standard","meta":{"_jetpack_newsletter_access":"","_jetpack_dont_email_post_to_subs":false,"_jetpack_newsletter_tier_id":0,"_jetpack_memberships_contains_paywalled_content":false,"_mbp_banners":[],"_jetpack_feature_clip_id":0,"_jetpack_memberships_contains_paid_content":false,"footnotes":"","jetpack_publicize_message":"","jetpack_publicize_feature_enabled":true,"jetpack_social_post_already_shared":true,"jetpack_social_options":{"image_generator_settings":{"template":"highway","default_image_id":0,"font":"","enabled":false},"version":2},"jetpack_post_was_ever_published":false},"categories":[19],"tags":[],"class_list":["post-7374","post","type-post","status-publish","format-standard","category-politica"],"jetpack_publicize_connections":[],"jetpack-related-posts":[],"jetpack_shortlink":"https:\/\/wp.me\/p7Eq1F-1UW","jetpack_sharing_enabled":true,"jetpack_featured_media_url":"","_links":{"self":[{"href":"https:\/\/guialimeira.com.br\/news\/wp-json\/wp\/v2\/posts\/7374","targetHints":{"allow":["GET"]}}],"collection":[{"href":"https:\/\/guialimeira.com.br\/news\/wp-json\/wp\/v2\/posts"}],"about":[{"href":"https:\/\/guialimeira.com.br\/news\/wp-json\/wp\/v2\/types\/post"}],"author":[{"embeddable":true,"href":"https:\/\/guialimeira.com.br\/news\/wp-json\/wp\/v2\/users\/1"}],"replies":[{"embeddable":true,"href":"https:\/\/guialimeira.com.br\/news\/wp-json\/wp\/v2\/comments?post=7374"}],"version-history":[{"count":0,"href":"https:\/\/guialimeira.com.br\/news\/wp-json\/wp\/v2\/posts\/7374\/revisions"}],"wp:attachment":[{"href":"https:\/\/guialimeira.com.br\/news\/wp-json\/wp\/v2\/media?parent=7374"}],"wp:term":[{"taxonomy":"category","embeddable":true,"href":"https:\/\/guialimeira.com.br\/news\/wp-json\/wp\/v2\/categories?post=7374"},{"taxonomy":"post_tag","embeddable":true,"href":"https:\/\/guialimeira.com.br\/news\/wp-json\/wp\/v2\/tags?post=7374"}],"curies":[{"name":"wp","href":"https:\/\/api.w.org\/{rel}","templated":true}]}}