{"id":73734,"date":"2026-08-04T00:34:04","date_gmt":"2026-08-04T03:34:04","guid":{"rendered":"https:\/\/guialimeira.com.br\/camila-loures-prestigia-6o-leilao-beneficente-do-instituto-neymar-jr-em-sao-paulo\/"},"modified":"2026-08-04T00:34:04","modified_gmt":"2026-08-04T03:34:04","slug":"camila-loures-prestigia-6o-leilao-beneficente-do-instituto-neymar-jr-em-sao-paulo","status":"publish","type":"post","link":"https:\/\/guialimeira.com.br\/news\/camila-loures-prestigia-6o-leilao-beneficente-do-instituto-neymar-jr-em-sao-paulo\/","title":{"rendered":"Camila Loures prestigia 6\u00ba Leil\u00e3o Beneficente do Instituto Neymar Jr. em S\u00e3o Paulo"},"content":{"rendered":"<p>Camila Loures marcou presen\u00e7a nesta segunda-feira (3\/8) na sexta edi\u00e7\u00e3o do <strong>Leil\u00e3o Beneficente do Instituto Projeto Neymar Jr.<\/strong>, realizado em S\u00e3o Paulo. A influenciadora esteve entre as personalidades que prestigiaram a noite dedicada \u00e0 solidariedade e ao impacto social.<\/p>\n<p>Com um look elegante, Camila chamou aten\u00e7\u00e3o ao posar para registros durante o evento. A presen\u00e7a da influenciadora tamb\u00e9m movimentou as redes sociais, onde f\u00e3s acompanharam os detalhes da noite e os cliques dos convidados.<\/p>\n<p>O leil\u00e3o re\u00fane artistas, atletas, empres\u00e1rios e influenciadores em torno de uma causa social. A iniciativa tem como objetivo arrecadar recursos para os projetos desenvolvidos pelo Instituto Neymar Jr., que atua com crian\u00e7as, adolescentes e fam\u00edlias.<\/p>\n<p>A sexta edi\u00e7\u00e3o do evento se tornou mais um encontro de grandes nomes do entretenimento e do esporte, refor\u00e7ando a import\u00e2ncia da uni\u00e3o de personalidades p\u00fablicas em a\u00e7\u00f5es beneficentes.<\/p>\n<p>Camila Loures aproveitou a ocasi\u00e3o para prestigiar a iniciativa e celebrar ao lado de outros convidados uma noite que une fama, esporte e solidariedade.<\/p>\n<\/p>\n<p><\/p>\n","protected":false},"excerpt":{"rendered":"<p>Camila Loures marcou presen\u00e7a nesta segunda-feira (3\/8) na sexta edi\u00e7\u00e3o do Leil\u00e3o Beneficente do Instituto Projeto Neymar Jr., realizado em S\u00e3o Paulo. A influenciadora esteve entre as personalidades que prestigiaram a noite dedicada \u00e0 solidariedade e ao impacto social. Com um look elegante, Camila chamou aten\u00e7\u00e3o ao posar para registros durante o evento. A presen\u00e7a [\u2026]<\/p>\n","protected":false},"author":5,"featured_media":0,"comment_status":"","ping_status":"open","sticky":false,"template":"","format":"standard","meta":{"_jetpack_newsletter_access":"","_jetpack_dont_email_post_to_subs":false,"_jetpack_newsletter_tier_id":0,"_jetpack_memberships_contains_paywalled_content":false,"_mbp_banners":[],"_jetpack_feature_clip_id":0,"_jetpack_memberships_contains_paid_content":false,"footnotes":"","jetpack_publicize_message":"","jetpack_publicize_feature_enabled":true,"jetpack_social_post_already_shared":true,"jetpack_social_options":{"image_generator_settings":{"template":"highway","default_image_id":0,"font":"","enabled":false},"version":2},"jetpack_post_was_ever_published":false},"categories":[],"tags":[],"class_list":["post-73734","post","type-post","status-publish","format-standard"],"jetpack_publicize_connections":[],"jetpack-related-posts":[],"jetpack_shortlink":"https:\/\/wp.me\/p7Eq1F-jbg","jetpack_sharing_enabled":true,"jetpack_featured_media_url":"","_links":{"self":[{"href":"https:\/\/guialimeira.com.br\/news\/wp-json\/wp\/v2\/posts\/73734","targetHints":{"allow":["GET"]}}],"collection":[{"href":"https:\/\/guialimeira.com.br\/news\/wp-json\/wp\/v2\/posts"}],"about":[{"href":"https:\/\/guialimeira.com.br\/news\/wp-json\/wp\/v2\/types\/post"}],"author":[{"embeddable":true,"href":"https:\/\/guialimeira.com.br\/news\/wp-json\/wp\/v2\/users\/5"}],"replies":[{"embeddable":true,"href":"https:\/\/guialimeira.com.br\/news\/wp-json\/wp\/v2\/comments?post=73734"}],"version-history":[{"count":0,"href":"https:\/\/guialimeira.com.br\/news\/wp-json\/wp\/v2\/posts\/73734\/revisions"}],"wp:attachment":[{"href":"https:\/\/guialimeira.com.br\/news\/wp-json\/wp\/v2\/media?parent=73734"}],"wp:term":[{"taxonomy":"category","embeddable":true,"href":"https:\/\/guialimeira.com.br\/news\/wp-json\/wp\/v2\/categories?post=73734"},{"taxonomy":"post_tag","embeddable":true,"href":"https:\/\/guialimeira.com.br\/news\/wp-json\/wp\/v2\/tags?post=73734"}],"curies":[{"name":"wp","href":"https:\/\/api.w.org\/{rel}","templated":true}]}}