{"id":73692,"date":"2026-08-03T13:06:14","date_gmt":"2026-08-03T16:06:14","guid":{"rendered":"https:\/\/guialimeira.com.br\/poliana-rocha-demonstra-apoio-as-netas-apos-procedimento-cirurgico-e-deseja-recuperacao-tranquila\/"},"modified":"2026-08-03T13:06:14","modified_gmt":"2026-08-03T16:06:14","slug":"poliana-rocha-demonstra-apoio-as-netas-apos-procedimento-cirurgico-e-deseja-recuperacao-tranquila","status":"publish","type":"post","link":"https:\/\/guialimeira.com.br\/news\/poliana-rocha-demonstra-apoio-as-netas-apos-procedimento-cirurgico-e-deseja-recuperacao-tranquila\/","title":{"rendered":"Poliana Rocha demonstra apoio \u00e0s netas ap\u00f3s procedimento cir\u00fargico e deseja recupera\u00e7\u00e3o tranquila"},"content":{"rendered":"<p>Poliana Rocha usou as redes sociais para compartilhar uma mensagem de carinho dedicada \u00e0s netas Maria Alice, de cinco anos, e Maria Flor, de tr\u00eas. As meninas passaram por cirurgias de retirada das am\u00edgdalas e da adenoide no \u00faltimo domingo (2\/8), e receberam o apoio da av\u00f3 durante o per\u00edodo de recupera\u00e7\u00e3o.<\/p>\n<p>Em sua publica\u00e7\u00e3o, Poliana destacou o amor que sente pelas netas e desejou que elas tenham uma recupera\u00e7\u00e3o r\u00e1pida e serena. A influenciadora tamb\u00e9m transmitiu palavras de for\u00e7a \u00e0s crian\u00e7as, refor\u00e7ando que toda a fam\u00edlia permanece unida para acompanh\u00e1-las nesse momento de cuidados.<\/p>\n<p>As interven\u00e7\u00f5es foram realizadas conforme orienta\u00e7\u00e3o m\u00e9dica e fazem parte de um tratamento indicado para melhorar quest\u00f5es relacionadas \u00e0 sa\u00fade respirat\u00f3ria e ao bem-estar das meninas. Ap\u00f3s os procedimentos, Maria Alice e Maria Flor iniciaram o per\u00edodo de repouso necess\u00e1rio para a recupera\u00e7\u00e3o.<\/p>\n<p>A homenagem da av\u00f3 repercutiu entre os seguidores, que deixaram centenas de mensagens desejando melhoras \u00e0s crian\u00e7as. Muitos internautas elogiaram a demonstra\u00e7\u00e3o de afeto de Poliana e destacaram a import\u00e2ncia do apoio familiar durante o p\u00f3s-operat\u00f3rio.<\/p>\n<p>Conhecida por compartilhar momentos ao lado dos filhos e netos, Poliana costuma utilizar as redes sociais para registrar ocasi\u00f5es especiais da vida em fam\u00edlia. Desta vez, a publica\u00e7\u00e3o teve um tom de cuidado e esperan\u00e7a, acompanhando o processo de recupera\u00e7\u00e3o das meninas.<\/p>\n<p>A retirada das am\u00edgdalas e da adenoide \u00e9 um procedimento comum na inf\u00e2ncia quando h\u00e1 indica\u00e7\u00e3o m\u00e9dica. Ap\u00f3s a cirurgia, o per\u00edodo de recupera\u00e7\u00e3o exige repouso, alimenta\u00e7\u00e3o adequada e acompanhamento para garantir uma boa evolu\u00e7\u00e3o cl\u00ednica.<\/p>\n<p>Enquanto Maria Alice e Maria Flor seguem se recuperando, a fam\u00edlia continua demonstrando apoio e carinho. A mensagem de Poliana Rocha refor\u00e7ou a uni\u00e3o entre os familiares e emocionou seguidores, que acompanharam de perto as atualiza\u00e7\u00f5es sobre o estado de sa\u00fade das netas.<\/p>\n<p><\/p>\n","protected":false},"excerpt":{"rendered":"<p>Poliana Rocha usou as redes sociais para compartilhar uma mensagem de carinho dedicada \u00e0s netas Maria Alice, de cinco anos, e Maria Flor, de tr\u00eas. As meninas passaram por cirurgias de retirada das am\u00edgdalas e da adenoide no \u00faltimo domingo (2\/8), e receberam o apoio da av\u00f3 durante o per\u00edodo de recupera\u00e7\u00e3o. Em sua publica\u00e7\u00e3o, [\u2026]<\/p>\n","protected":false},"author":5,"featured_media":0,"comment_status":"","ping_status":"open","sticky":false,"template":"","format":"standard","meta":{"_jetpack_newsletter_access":"","_jetpack_dont_email_post_to_subs":false,"_jetpack_newsletter_tier_id":0,"_jetpack_memberships_contains_paywalled_content":false,"_mbp_banners":[],"_jetpack_feature_clip_id":0,"_jetpack_memberships_contains_paid_content":false,"footnotes":"","jetpack_publicize_message":"","jetpack_publicize_feature_enabled":true,"jetpack_social_post_already_shared":true,"jetpack_social_options":{"image_generator_settings":{"template":"highway","default_image_id":0,"font":"","enabled":false},"version":2},"jetpack_post_was_ever_published":false},"categories":[],"tags":[],"class_list":["post-73692","post","type-post","status-publish","format-standard"],"jetpack_publicize_connections":[],"jetpack-related-posts":[],"jetpack_shortlink":"https:\/\/wp.me\/p7Eq1F-jaA","jetpack_sharing_enabled":true,"jetpack_featured_media_url":"","_links":{"self":[{"href":"https:\/\/guialimeira.com.br\/news\/wp-json\/wp\/v2\/posts\/73692","targetHints":{"allow":["GET"]}}],"collection":[{"href":"https:\/\/guialimeira.com.br\/news\/wp-json\/wp\/v2\/posts"}],"about":[{"href":"https:\/\/guialimeira.com.br\/news\/wp-json\/wp\/v2\/types\/post"}],"author":[{"embeddable":true,"href":"https:\/\/guialimeira.com.br\/news\/wp-json\/wp\/v2\/users\/5"}],"replies":[{"embeddable":true,"href":"https:\/\/guialimeira.com.br\/news\/wp-json\/wp\/v2\/comments?post=73692"}],"version-history":[{"count":0,"href":"https:\/\/guialimeira.com.br\/news\/wp-json\/wp\/v2\/posts\/73692\/revisions"}],"wp:attachment":[{"href":"https:\/\/guialimeira.com.br\/news\/wp-json\/wp\/v2\/media?parent=73692"}],"wp:term":[{"taxonomy":"category","embeddable":true,"href":"https:\/\/guialimeira.com.br\/news\/wp-json\/wp\/v2\/categories?post=73692"},{"taxonomy":"post_tag","embeddable":true,"href":"https:\/\/guialimeira.com.br\/news\/wp-json\/wp\/v2\/tags?post=73692"}],"curies":[{"name":"wp","href":"https:\/\/api.w.org\/{rel}","templated":true}]}}