{"id":73690,"date":"2026-08-03T13:00:00","date_gmt":"2026-08-03T16:00:00","guid":{"rendered":"https:\/\/guialimeira.com.br\/maiara-compartilha-declaracao-apaixonada-ao-namorado-e-fala-sobre-planos-para-o-futuro\/"},"modified":"2026-08-03T13:00:00","modified_gmt":"2026-08-03T16:00:00","slug":"maiara-compartilha-declaracao-apaixonada-ao-namorado-e-fala-sobre-planos-para-o-futuro","status":"publish","type":"post","link":"https:\/\/guialimeira.com.br\/news\/maiara-compartilha-declaracao-apaixonada-ao-namorado-e-fala-sobre-planos-para-o-futuro\/","title":{"rendered":"Maiara compartilha declara\u00e7\u00e3o apaixonada ao namorado e fala sobre planos para o futuro"},"content":{"rendered":"<p>Maiara voltou a chamar a aten\u00e7\u00e3o dos f\u00e3s ao compartilhar uma declara\u00e7\u00e3o de amor durante uma viagem ao lado do namorado. A cantora, que tornou p\u00fablico o relacionamento com o m\u00fasico h\u00e1 cerca de quatro meses, aproveitou o momento para expressar seus sentimentos e mostrar que vive uma fase de felicidade ao lado do companheiro.<\/p>\n<p>Em uma publica\u00e7\u00e3o nas redes sociais, a sertaneja escreveu uma mensagem carinhosa na qual destacou o desejo de seguir construindo novas hist\u00f3rias ao lado do namorado. Entre as palavras compartilhadas, ela afirmou que sonha em conhecer o mundo com ele, refor\u00e7ando a sintonia que o casal tem demonstrado desde o in\u00edcio do romance.<\/p>\n<p>O registro rapidamente repercutiu entre os seguidores, que encheram a publica\u00e7\u00e3o de coment\u00e1rios positivos. Admiradores elogiaram a demonstra\u00e7\u00e3o de carinho e desejaram que o casal continue vivendo momentos especiais juntos.<\/p>\n<p>Desde que assumiram o relacionamento, Maiara e o m\u00fasico t\u00eam compartilhado alguns registros da rotina, incluindo viagens e momentos de lazer. Apesar das publica\u00e7\u00f5es, ambos mant\u00eam discri\u00e7\u00e3o em rela\u00e7\u00e3o \u00e0 vida pessoal, preferindo preservar detalhes da rela\u00e7\u00e3o.<\/p>\n<p>A nova declara\u00e7\u00e3o refor\u00e7ou a fase de tranquilidade vivida pela cantora, que concilia os compromissos da carreira com a vida amorosa. Ao lado da irm\u00e3 Maraisa, Maiara segue cumprindo uma agenda intensa de apresenta\u00e7\u00f5es em diferentes regi\u00f5es do pa\u00eds.<\/p>\n<p>A mensagem tamb\u00e9m evidenciou os planos do casal de continuar explorando novos destinos e acumulando experi\u00eancias juntos. A artista demonstrou entusiasmo com o futuro da rela\u00e7\u00e3o e destacou a import\u00e2ncia de dividir essas conquistas com a pessoa que escolheu para estar ao seu lado.<\/p>\n<p>A publica\u00e7\u00e3o foi recebida com entusiasmo pelos f\u00e3s, que acompanharam o momento rom\u00e2ntico e celebraram a felicidade da cantora. O epis\u00f3dio refor\u00e7ou o bom momento vivido por Maiara, que tem utilizado as redes sociais para dividir, de forma pontual, instantes marcantes de sua vida fora dos palcos.<\/p>\n<p><\/p>\n","protected":false},"excerpt":{"rendered":"<p>Maiara voltou a chamar a aten\u00e7\u00e3o dos f\u00e3s ao compartilhar uma declara\u00e7\u00e3o de amor durante uma viagem ao lado do namorado. A cantora, que tornou p\u00fablico o relacionamento com o m\u00fasico h\u00e1 cerca de quatro meses, aproveitou o momento para expressar seus sentimentos e mostrar que vive uma fase de felicidade ao lado do companheiro. [\u2026]<\/p>\n","protected":false},"author":5,"featured_media":0,"comment_status":"","ping_status":"open","sticky":false,"template":"","format":"standard","meta":{"_jetpack_newsletter_access":"","_jetpack_dont_email_post_to_subs":false,"_jetpack_newsletter_tier_id":0,"_jetpack_memberships_contains_paywalled_content":false,"_mbp_banners":[],"_jetpack_feature_clip_id":0,"_jetpack_memberships_contains_paid_content":false,"footnotes":"","jetpack_publicize_message":"","jetpack_publicize_feature_enabled":true,"jetpack_social_post_already_shared":true,"jetpack_social_options":{"image_generator_settings":{"template":"highway","default_image_id":0,"font":"","enabled":false},"version":2},"jetpack_post_was_ever_published":false},"categories":[],"tags":[],"class_list":["post-73690","post","type-post","status-publish","format-standard"],"jetpack_publicize_connections":[],"jetpack-related-posts":[],"jetpack_shortlink":"https:\/\/wp.me\/p7Eq1F-jay","jetpack_sharing_enabled":true,"jetpack_featured_media_url":"","_links":{"self":[{"href":"https:\/\/guialimeira.com.br\/news\/wp-json\/wp\/v2\/posts\/73690","targetHints":{"allow":["GET"]}}],"collection":[{"href":"https:\/\/guialimeira.com.br\/news\/wp-json\/wp\/v2\/posts"}],"about":[{"href":"https:\/\/guialimeira.com.br\/news\/wp-json\/wp\/v2\/types\/post"}],"author":[{"embeddable":true,"href":"https:\/\/guialimeira.com.br\/news\/wp-json\/wp\/v2\/users\/5"}],"replies":[{"embeddable":true,"href":"https:\/\/guialimeira.com.br\/news\/wp-json\/wp\/v2\/comments?post=73690"}],"version-history":[{"count":0,"href":"https:\/\/guialimeira.com.br\/news\/wp-json\/wp\/v2\/posts\/73690\/revisions"}],"wp:attachment":[{"href":"https:\/\/guialimeira.com.br\/news\/wp-json\/wp\/v2\/media?parent=73690"}],"wp:term":[{"taxonomy":"category","embeddable":true,"href":"https:\/\/guialimeira.com.br\/news\/wp-json\/wp\/v2\/categories?post=73690"},{"taxonomy":"post_tag","embeddable":true,"href":"https:\/\/guialimeira.com.br\/news\/wp-json\/wp\/v2\/tags?post=73690"}],"curies":[{"name":"wp","href":"https:\/\/api.w.org\/{rel}","templated":true}]}}