{"id":73638,"date":"2026-08-02T15:56:22","date_gmt":"2026-08-02T18:56:22","guid":{"rendered":"https:\/\/guialimeira.com.br\/mauricio-mattar-comenta-retorno-a-dramaturgia-e-revela-motivo-de-aceitar-novos-projetos\/"},"modified":"2026-08-02T15:56:22","modified_gmt":"2026-08-02T18:56:22","slug":"mauricio-mattar-comenta-retorno-a-dramaturgia-e-revela-motivo-de-aceitar-novos-projetos","status":"publish","type":"post","link":"https:\/\/guialimeira.com.br\/news\/mauricio-mattar-comenta-retorno-a-dramaturgia-e-revela-motivo-de-aceitar-novos-projetos\/","title":{"rendered":"Maur\u00edcio Mattar comenta retorno \u00e0 dramaturgia e revela motivo de aceitar novos projetos"},"content":{"rendered":"<p>Quase duas d\u00e9cadas depois de sua \u00faltima participa\u00e7\u00e3o em uma novela da TV Globo, Maur\u00edcio Mattar est\u00e1 de volta \u00e0 dramaturgia. O ator foi escalado para integrar o elenco da pr\u00f3xima novela das sete e tamb\u00e9m participar\u00e1 de uma produ\u00e7\u00e3o original do Globoplay, marcando um novo cap\u00edtulo em sua carreira art\u00edstica.<\/p>\n<p>Em entrevista, Maur\u00edcio explicou que o retorno aconteceu de forma natural e foi impulsionado pelo desejo de voltar a interpretar personagens. Segundo ele, a vontade de atuar novamente em grandes produ\u00e7\u00f5es pesou na decis\u00e3o de aceitar os convites recebidos.<\/p>\n<p>Durante o per\u00edodo em que permaneceu afastado dos folhetins, o artista priorizou a vida pessoal, dedicando mais tempo \u00e0 fam\u00edlia e investindo em projetos particulares. Al\u00e9m disso, manteve sua liga\u00e7\u00e3o com a m\u00fasica e participou de outros trabalhos, mas sem a rotina intensa exigida pelas novelas.<\/p>\n<p>Agora, o ator afirma viver um momento de renova\u00e7\u00e3o profissional. Ele acredita que a experi\u00eancia acumulada ao longo dos anos poder\u00e1 contribuir para os novos desafios e demonstra entusiasmo por retornar aos est\u00fadios em produ\u00e7\u00f5es de grande alcance.<\/p>\n<p>A presen\u00e7a de Maur\u00edcio Mattar na pr\u00f3xima novela das sete representa o reencontro com um formato que marcou diferentes fases de sua carreira. Paralelamente, a participa\u00e7\u00e3o em uma s\u00e9rie do Globoplay simboliza sua entrada em um mercado cada vez mais voltado \u00e0s plataformas de streaming.<\/p>\n<p>O an\u00fancio do retorno foi comemorado por f\u00e3s que acompanham a trajet\u00f3ria do artista desde seus primeiros pap\u00e9is na televis\u00e3o. Nas redes sociais, internautas celebraram a novidade e destacaram a expectativa para rever Maur\u00edcio em novas interpreta\u00e7\u00f5es.<\/p>\n<p>Ao falar sobre essa nova etapa, o ator afirmou que o tempo longe das novelas foi importante para reorganizar prioridades e viver outras experi\u00eancias. Agora, motivado por novos desafios e pela paix\u00e3o pela atua\u00e7\u00e3o, Maur\u00edcio Mattar inicia um retorno aguardado por admiradores e pelo p\u00fablico da dramaturgia brasileira.<\/p>\n<p><\/p>\n","protected":false},"excerpt":{"rendered":"<p>Quase duas d\u00e9cadas depois de sua \u00faltima participa\u00e7\u00e3o em uma novela da TV Globo, Maur\u00edcio Mattar est\u00e1 de volta \u00e0 dramaturgia. O ator foi escalado para integrar o elenco da pr\u00f3xima novela das sete e tamb\u00e9m participar\u00e1 de uma produ\u00e7\u00e3o original do Globoplay, marcando um novo cap\u00edtulo em sua carreira art\u00edstica. Em entrevista, Maur\u00edcio explicou [\u2026]<\/p>\n","protected":false},"author":5,"featured_media":0,"comment_status":"","ping_status":"open","sticky":false,"template":"","format":"standard","meta":{"_jetpack_newsletter_access":"","_jetpack_dont_email_post_to_subs":false,"_jetpack_newsletter_tier_id":0,"_jetpack_memberships_contains_paywalled_content":false,"_mbp_banners":[],"_jetpack_feature_clip_id":0,"_jetpack_memberships_contains_paid_content":false,"footnotes":"","jetpack_publicize_message":"","jetpack_publicize_feature_enabled":true,"jetpack_social_post_already_shared":true,"jetpack_social_options":{"image_generator_settings":{"template":"highway","default_image_id":0,"font":"","enabled":false},"version":2},"jetpack_post_was_ever_published":false},"categories":[],"tags":[],"class_list":["post-73638","post","type-post","status-publish","format-standard"],"jetpack_publicize_connections":[],"jetpack-related-posts":[],"jetpack_shortlink":"https:\/\/wp.me\/p7Eq1F-j9I","jetpack_sharing_enabled":true,"jetpack_featured_media_url":"","_links":{"self":[{"href":"https:\/\/guialimeira.com.br\/news\/wp-json\/wp\/v2\/posts\/73638","targetHints":{"allow":["GET"]}}],"collection":[{"href":"https:\/\/guialimeira.com.br\/news\/wp-json\/wp\/v2\/posts"}],"about":[{"href":"https:\/\/guialimeira.com.br\/news\/wp-json\/wp\/v2\/types\/post"}],"author":[{"embeddable":true,"href":"https:\/\/guialimeira.com.br\/news\/wp-json\/wp\/v2\/users\/5"}],"replies":[{"embeddable":true,"href":"https:\/\/guialimeira.com.br\/news\/wp-json\/wp\/v2\/comments?post=73638"}],"version-history":[{"count":0,"href":"https:\/\/guialimeira.com.br\/news\/wp-json\/wp\/v2\/posts\/73638\/revisions"}],"wp:attachment":[{"href":"https:\/\/guialimeira.com.br\/news\/wp-json\/wp\/v2\/media?parent=73638"}],"wp:term":[{"taxonomy":"category","embeddable":true,"href":"https:\/\/guialimeira.com.br\/news\/wp-json\/wp\/v2\/categories?post=73638"},{"taxonomy":"post_tag","embeddable":true,"href":"https:\/\/guialimeira.com.br\/news\/wp-json\/wp\/v2\/tags?post=73638"}],"curies":[{"name":"wp","href":"https:\/\/api.w.org\/{rel}","templated":true}]}}