{"id":73634,"date":"2026-08-02T15:51:15","date_gmt":"2026-08-02T18:51:15","guid":{"rendered":"https:\/\/guialimeira.com.br\/lore-improta-conta-que-levou-liz-ao-hospital-apos-identificar-caroco-e-relata-preocupacao\/"},"modified":"2026-08-02T15:51:15","modified_gmt":"2026-08-02T18:51:15","slug":"lore-improta-conta-que-levou-liz-ao-hospital-apos-identificar-caroco-e-relata-preocupacao","status":"publish","type":"post","link":"https:\/\/guialimeira.com.br\/news\/lore-improta-conta-que-levou-liz-ao-hospital-apos-identificar-caroco-e-relata-preocupacao\/","title":{"rendered":"Lore Improta conta que levou Liz ao hospital ap\u00f3s identificar caro\u00e7o e relata preocupa\u00e7\u00e3o"},"content":{"rendered":"<p>Lore Improta compartilhou com os seguidores um momento de preocupa\u00e7\u00e3o vivido ao lado da filha, Liz. A dan\u00e7arina revelou que decidiu procurar atendimento m\u00e9dico depois que a menina come\u00e7ou a sentir dores e ela percebeu a presen\u00e7a de um caro\u00e7o na regi\u00e3o onde a crian\u00e7a reclamava do desconforto.<\/p>\n<p>Segundo Lore, a mudan\u00e7a foi notada durante a rotina da fam\u00edlia e motivou uma ida imediata ao hospital. A influenciadora explicou que preferiu agir rapidamente para entender a origem do problema e garantir que a filha recebesse a avalia\u00e7\u00e3o necess\u00e1ria.<\/p>\n<p>Ap\u00f3s o atendimento, Liz passou por exames e foi acompanhada pela equipe m\u00e9dica. O resultado tranquilizou os pais, que puderam retornar para casa ap\u00f3s receberem as orienta\u00e7\u00f5es sobre os cuidados necess\u00e1rios. Lore n\u00e3o escondeu o al\u00edvio ao contar que o susto foi superado.<\/p>\n<p>Ao relatar a experi\u00eancia, a esposa do cantor L\u00e9o Santana destacou que situa\u00e7\u00f5es como essa refor\u00e7am a import\u00e2ncia de observar atentamente qualquer altera\u00e7\u00e3o na sa\u00fade das crian\u00e7as. Para ela, sintomas como dor, incha\u00e7o ou o aparecimento de n\u00f3dulos n\u00e3o devem ser ignorados e merecem avalia\u00e7\u00e3o m\u00e9dica.<\/p>\n<p>A publica\u00e7\u00e3o rapidamente mobilizou os seguidores da influenciadora. Diversos f\u00e3s enviaram mensagens de apoio \u00e0 fam\u00edlia e elogiaram a decis\u00e3o de buscar atendimento logo nos primeiros sinais de que algo n\u00e3o estava bem.<\/p>\n<p>Liz, que frequentemente aparece em momentos compartilhados por Lore Improta e L\u00e9o Santana nas redes sociais, \u00e9 uma das crian\u00e7as mais acompanhadas pelo p\u00fablico nas plataformas digitais. Por isso, o relato despertou preocupa\u00e7\u00e3o e gerou uma corrente de mensagens desejando sa\u00fade e bem-estar \u00e0 menina.<\/p>\n<p>Ao dividir o epis\u00f3dio, Lore afirmou que sua inten\u00e7\u00e3o foi alertar outros pais sobre a import\u00e2ncia de confiar na pr\u00f3pria percep\u00e7\u00e3o quando identificarem mudan\u00e7as no comportamento ou na sa\u00fade dos filhos. Segundo a dan\u00e7arina, a rapidez na procura por atendimento foi essencial para que a situa\u00e7\u00e3o fosse esclarecida e a fam\u00edlia voltasse a ficar tranquila.<\/p>\n<p><\/p>\n","protected":false},"excerpt":{"rendered":"<p>Lore Improta compartilhou com os seguidores um momento de preocupa\u00e7\u00e3o vivido ao lado da filha, Liz. A dan\u00e7arina revelou que decidiu procurar atendimento m\u00e9dico depois que a menina come\u00e7ou a sentir dores e ela percebeu a presen\u00e7a de um caro\u00e7o na regi\u00e3o onde a crian\u00e7a reclamava do desconforto. Segundo Lore, a mudan\u00e7a foi notada durante [\u2026]<\/p>\n","protected":false},"author":5,"featured_media":0,"comment_status":"","ping_status":"open","sticky":false,"template":"","format":"standard","meta":{"_jetpack_newsletter_access":"","_jetpack_dont_email_post_to_subs":false,"_jetpack_newsletter_tier_id":0,"_jetpack_memberships_contains_paywalled_content":false,"_mbp_banners":[],"_jetpack_feature_clip_id":0,"_jetpack_memberships_contains_paid_content":false,"footnotes":"","jetpack_publicize_message":"","jetpack_publicize_feature_enabled":true,"jetpack_social_post_already_shared":true,"jetpack_social_options":{"image_generator_settings":{"template":"highway","default_image_id":0,"font":"","enabled":false},"version":2},"jetpack_post_was_ever_published":false},"categories":[],"tags":[],"class_list":["post-73634","post","type-post","status-publish","format-standard"],"jetpack_publicize_connections":[],"jetpack-related-posts":[],"jetpack_shortlink":"https:\/\/wp.me\/p7Eq1F-j9E","jetpack_sharing_enabled":true,"jetpack_featured_media_url":"","_links":{"self":[{"href":"https:\/\/guialimeira.com.br\/news\/wp-json\/wp\/v2\/posts\/73634","targetHints":{"allow":["GET"]}}],"collection":[{"href":"https:\/\/guialimeira.com.br\/news\/wp-json\/wp\/v2\/posts"}],"about":[{"href":"https:\/\/guialimeira.com.br\/news\/wp-json\/wp\/v2\/types\/post"}],"author":[{"embeddable":true,"href":"https:\/\/guialimeira.com.br\/news\/wp-json\/wp\/v2\/users\/5"}],"replies":[{"embeddable":true,"href":"https:\/\/guialimeira.com.br\/news\/wp-json\/wp\/v2\/comments?post=73634"}],"version-history":[{"count":0,"href":"https:\/\/guialimeira.com.br\/news\/wp-json\/wp\/v2\/posts\/73634\/revisions"}],"wp:attachment":[{"href":"https:\/\/guialimeira.com.br\/news\/wp-json\/wp\/v2\/media?parent=73634"}],"wp:term":[{"taxonomy":"category","embeddable":true,"href":"https:\/\/guialimeira.com.br\/news\/wp-json\/wp\/v2\/categories?post=73634"},{"taxonomy":"post_tag","embeddable":true,"href":"https:\/\/guialimeira.com.br\/news\/wp-json\/wp\/v2\/tags?post=73634"}],"curies":[{"name":"wp","href":"https:\/\/api.w.org\/{rel}","templated":true}]}}