{"id":73633,"date":"2026-08-02T15:48:57","date_gmt":"2026-08-02T18:48:57","guid":{"rendered":"https:\/\/guialimeira.com.br\/ana-maria-braga-realiza-exames-em-hospital-recebe-alta-e-tranquiliza-fas\/"},"modified":"2026-08-02T15:48:57","modified_gmt":"2026-08-02T18:48:57","slug":"ana-maria-braga-realiza-exames-em-hospital-recebe-alta-e-tranquiliza-fas","status":"publish","type":"post","link":"https:\/\/guialimeira.com.br\/news\/ana-maria-braga-realiza-exames-em-hospital-recebe-alta-e-tranquiliza-fas\/","title":{"rendered":"Ana Maria Braga realiza exames em hospital, recebe alta e tranquiliza f\u00e3s"},"content":{"rendered":"<p>A apresentadora Ana Maria Braga passou por uma unidade hospitalar para realizar uma s\u00e9rie de exames m\u00e9dicos e deixou o local no mesmo dia, ap\u00f3s ser liberada pela equipe respons\u00e1vel pelo atendimento. A chegada de helic\u00f3ptero chamou a aten\u00e7\u00e3o e gerou especula\u00e7\u00f5es, mas o procedimento ocorreu dentro de uma programa\u00e7\u00e3o previamente organizada.<\/p>\n<p>De acordo com informa\u00e7\u00f5es obtidas pela reportagem, o transporte a\u00e9reo foi utilizado para facilitar o deslocamento da comunicadora, que precisou conciliar os compromissos profissionais com a agenda m\u00e9dica. A estrat\u00e9gia permitiu otimizar o tempo sem comprometer as atividades previstas para o dia.<\/p>\n<p>No hospital, Ana Maria foi submetida a uma bateria de exames de acompanhamento. Ap\u00f3s a conclus\u00e3o das avalia\u00e7\u00f5es e da an\u00e1lise dos profissionais de sa\u00fade, ela recebeu alta e deixou a unidade sem necessidade de permanecer internada.<\/p>\n<p>A movimenta\u00e7\u00e3o em torno da apresentadora repercutiu rapidamente nas redes sociais. Imagens da chegada ao hospital despertaram preocupa\u00e7\u00e3o entre admiradores, que passaram a buscar informa\u00e7\u00f5es sobre seu estado de sa\u00fade. A confirma\u00e7\u00e3o de que tudo ocorreu de forma planejada ajudou a tranquilizar o p\u00fablico.<\/p>\n<p>Reconhecida por manter uma rotina intensa de trabalho, Ana Maria Braga costuma realizar acompanhamento m\u00e9dico peri\u00f3dico e j\u00e1 comentou em diversas ocasi\u00f5es sobre a import\u00e2ncia da preven\u00e7\u00e3o e dos cuidados constantes com a sa\u00fade. A realiza\u00e7\u00e3o de exames faz parte dessa rotina.<\/p>\n<p>At\u00e9 o momento, n\u00e3o foram divulgadas informa\u00e7\u00f5es indicando qualquer diagn\u00f3stico preocupante relacionado \u00e0 visita ao hospital. O atendimento teve car\u00e1ter preventivo e foi conclu\u00eddo poucas horas ap\u00f3s a chegada da apresentadora.<\/p>\n<p>Com a alta m\u00e9dica, Ana Maria Braga deve seguir normalmente com seus compromissos profissionais. O epis\u00f3dio acabou despertando curiosidade principalmente pelo uso do helic\u00f3ptero, mas terminou sem complica\u00e7\u00f5es e refor\u00e7ou a import\u00e2ncia do acompanhamento preventivo da sa\u00fade.<\/p>\n<p><\/p>\n","protected":false},"excerpt":{"rendered":"<p>A apresentadora Ana Maria Braga passou por uma unidade hospitalar para realizar uma s\u00e9rie de exames m\u00e9dicos e deixou o local no mesmo dia, ap\u00f3s ser liberada pela equipe respons\u00e1vel pelo atendimento. A chegada de helic\u00f3ptero chamou a aten\u00e7\u00e3o e gerou especula\u00e7\u00f5es, mas o procedimento ocorreu dentro de uma programa\u00e7\u00e3o previamente organizada. De acordo com [\u2026]<\/p>\n","protected":false},"author":5,"featured_media":0,"comment_status":"","ping_status":"open","sticky":false,"template":"","format":"standard","meta":{"_jetpack_newsletter_access":"","_jetpack_dont_email_post_to_subs":false,"_jetpack_newsletter_tier_id":0,"_jetpack_memberships_contains_paywalled_content":false,"_mbp_banners":[],"_jetpack_feature_clip_id":0,"_jetpack_memberships_contains_paid_content":false,"footnotes":"","jetpack_publicize_message":"","jetpack_publicize_feature_enabled":true,"jetpack_social_post_already_shared":true,"jetpack_social_options":{"image_generator_settings":{"template":"highway","default_image_id":0,"font":"","enabled":false},"version":2},"jetpack_post_was_ever_published":false},"categories":[],"tags":[],"class_list":["post-73633","post","type-post","status-publish","format-standard"],"jetpack_publicize_connections":[],"jetpack-related-posts":[],"jetpack_shortlink":"https:\/\/wp.me\/p7Eq1F-j9D","jetpack_sharing_enabled":true,"jetpack_featured_media_url":"","_links":{"self":[{"href":"https:\/\/guialimeira.com.br\/news\/wp-json\/wp\/v2\/posts\/73633","targetHints":{"allow":["GET"]}}],"collection":[{"href":"https:\/\/guialimeira.com.br\/news\/wp-json\/wp\/v2\/posts"}],"about":[{"href":"https:\/\/guialimeira.com.br\/news\/wp-json\/wp\/v2\/types\/post"}],"author":[{"embeddable":true,"href":"https:\/\/guialimeira.com.br\/news\/wp-json\/wp\/v2\/users\/5"}],"replies":[{"embeddable":true,"href":"https:\/\/guialimeira.com.br\/news\/wp-json\/wp\/v2\/comments?post=73633"}],"version-history":[{"count":0,"href":"https:\/\/guialimeira.com.br\/news\/wp-json\/wp\/v2\/posts\/73633\/revisions"}],"wp:attachment":[{"href":"https:\/\/guialimeira.com.br\/news\/wp-json\/wp\/v2\/media?parent=73633"}],"wp:term":[{"taxonomy":"category","embeddable":true,"href":"https:\/\/guialimeira.com.br\/news\/wp-json\/wp\/v2\/categories?post=73633"},{"taxonomy":"post_tag","embeddable":true,"href":"https:\/\/guialimeira.com.br\/news\/wp-json\/wp\/v2\/tags?post=73633"}],"curies":[{"name":"wp","href":"https:\/\/api.w.org\/{rel}","templated":true}]}}