{"id":73614,"date":"2026-08-02T06:28:04","date_gmt":"2026-08-02T09:28:04","guid":{"rendered":"https:\/\/guialimeira.com.br\/jiraya-uai-fecha-a-feife-2026-com-espetaculo-eletrizante-e-leva-multidao-a-arena-em-porto-ferreira\/"},"modified":"2026-08-02T06:28:04","modified_gmt":"2026-08-02T09:28:04","slug":"jiraya-uai-fecha-a-feife-2026-com-espetaculo-eletrizante-e-leva-multidao-a-arena-em-porto-ferreira","status":"publish","type":"post","link":"https:\/\/guialimeira.com.br\/news\/jiraya-uai-fecha-a-feife-2026-com-espetaculo-eletrizante-e-leva-multidao-a-arena-em-porto-ferreira\/","title":{"rendered":"Jiraya Uai fecha a FEIFE 2026 com espet\u00e1culo eletrizante e leva multid\u00e3o \u00e0 arena em Porto Ferreira"},"content":{"rendered":"<p>A <strong>51\u00aa FEIFE \u2013 Feira Empresarial e Industrial Ferreirense<\/strong> foi encerrada na noite deste s\u00e1bado (1\u00ba) com um dos momentos mais aguardados de toda a programa\u00e7\u00e3o. O cantor e DJ <strong>Jiraya Uai<\/strong> comandou o \u00faltimo show da feira e reuniu uma multid\u00e3o na arena, que ficou completamente tomada por f\u00e3s para acompanhar a apresenta\u00e7\u00e3o.<\/p>\n<p>Desde cedo, o recinto recebeu um grande fluxo de visitantes. A expectativa pelo show de encerramento era alta e foi correspondida logo nos primeiros minutos, quando Jiraya Uai surgiu no palco acompanhado de seus irreverentes personagens, marca registrada de suas apresenta\u00e7\u00f5es.<\/p>\n<p>Ao lado de <strong>Chiquinha, Chaves, Mini Jiraya, M\u00e1scara e Fof\u00e3o<\/strong>, o artista deu in\u00edcio a um espet\u00e1culo inspirado no estilo da <strong>Carreta Furac\u00e3o<\/strong>, misturando m\u00fasica, dan\u00e7a, humor e muita intera\u00e7\u00e3o com o p\u00fablico. As coreografias, brincadeiras e a energia contagiante dos personagens conquistaram crian\u00e7as, jovens e adultos.<\/p>\n<p>Outro ponto alto da apresenta\u00e7\u00e3o foi o uso de efeitos especiais, incluindo n\u00fameros de <strong>pirofagia<\/strong>, que deram ainda mais impacto visual ao show. A combina\u00e7\u00e3o de ilumina\u00e7\u00e3o, produ\u00e7\u00e3o de palco e anima\u00e7\u00e3o transformou a arena em uma grande celebra\u00e7\u00e3o.<\/p>\n<p>Durante mais de uma hora de apresenta\u00e7\u00e3o, Jiraya Uai emplacou seus principais sucessos, mantendo o p\u00fablico cantando e dan\u00e7ando do come\u00e7o ao fim. A cada m\u00fasica, a resposta da plateia era imediata, consolidando o show como um dos mais comentados desta edi\u00e7\u00e3o da FEIFE.<\/p>\n<p>Al\u00e9m da apresenta\u00e7\u00e3o, o cantor tamb\u00e9m recebeu a imprensa nos bastidores. O apresentador <strong>Wilker Manoel Soares<\/strong>, do <strong>T\u00f4 Na Fama<\/strong>, portal parceiro do iG, conversou com o artista em uma entrevista exclusiva. Jiraya tamb\u00e9m gravou entrevistas para os programas <strong>Balan\u00e7o da Fama<\/strong>, da <strong>Record \/ TV Cidade<\/strong>, e <strong>T\u00f4 Na Fama<\/strong>, da <strong>RedeTV!<\/strong>, falando sobre a emo\u00e7\u00e3o de participar da FEIFE e o carinho recebido do p\u00fablico de Porto Ferreira.<\/p>\n<p>Com o encerramento do show, chegou ao fim a <strong>51\u00aa FEIFE<\/strong>, realizada em comemora\u00e7\u00e3o aos <strong>130 anos de emancipa\u00e7\u00e3o pol\u00edtico-administrativa de Porto Ferreira<\/strong>. Durante cinco dias, a feira reuniu milhares de visitantes, promoveu o tradicional rodeio, atra\u00e7\u00f5es culturais e grandes shows nacionais, entre eles <strong>Luan Pereira<\/strong>, <strong>Fernando &#038; Sorocaba<\/strong>, <strong>Maria Cec\u00edlia &#038; Rodolfo<\/strong> e <strong>Jiraya Uai<\/strong>.<\/p>\n<p>A edi\u00e7\u00e3o de 2026 encerra deixando um saldo positivo para a organiza\u00e7\u00e3o e para o munic\u00edpio, consolidando a FEIFE como um dos eventos mais tradicionais e prestigiados do interior de S\u00e3o Paulo.<\/p>\n<figure class=\"wp-block-image size-large\"><img data-recalc-dims=\"1\" height=\"854\" width=\"696\" decoding=\"async\" data-attachment-id=\"4638\" data-permalink=\"https:\/\/guialimeira.com.br\/news\/pre-credenciamento-de-elegiveis-para-conselho-e-etapa-estadual-comecam-na-segunda-13-05-portal-do-municipio-de-piracicaba\/pre-credenciamento-de-elegiveis-para-conselho-da-cidade-e-etapa-estadual-comecam-na-segunda-13-de-maio-1024x576-jpg\/\" data-orig-file=\"https:\/\/i0.wp.com\/guialimeira.com.br\/news\/wp-content\/uploads\/2024\/05\/Pre-credenciamento-de-elegiveis-para-Conselho-da-Cidade-e-etapa-estadual-comecam-na-segunda-13-de-maio-1024x576.jpg?fit=1024%2C576&amp;ssl=1\" data-orig-size=\"1024,576\" data-comments-opened=\"1\" data-image-meta=\"{&quot;aperture&quot;:&quot;2.8&quot;,&quot;credit&quot;:&quot;&quot;,&quot;camera&quot;:&quot;FC7303&quot;,&quot;caption&quot;:&quot;DCIM101MEDIADJI_0565.JPG&quot;,&quot;created_timestamp&quot;:&quot;1692359499&quot;,&quot;copyright&quot;:&quot;&quot;,&quot;focal_length&quot;:&quot;4.49&quot;,&quot;iso&quot;:&quot;100&quot;,&quot;shutter_speed&quot;:&quot;0.002&quot;,&quot;title&quot;:&quot;DCIM101MEDIADJI_0565.JPG&quot;,&quot;orientation&quot;:&quot;1&quot;}\" data-image-title=\"Pre-credenciamento-de-elegiveis-para-Conselho-da-Cidade-e-etapa-estadual-comecam-na-segunda-13-de-maio-1024&amp;#215;576.jpg\" data-image-description=\"\" data-image-caption=\"\" data-large-file=\"https:\/\/i0.wp.com\/guialimeira.com.br\/news\/wp-content\/uploads\/2024\/05\/Pre-credenciamento-de-elegiveis-para-Conselho-da-Cidade-e-etapa-estadual-comecam-na-segunda-13-de-maio-1024x576.jpg?fit=696%2C392&amp;ssl=1\" src=\"https:\/\/i0.wp.com\/mwoficial.com.br\/wp-content\/uploads\/2026\/08\/IMG_4741-1-835x1024.jpeg?resize=696%2C854&#038;ssl=1\" alt=\"\" class=\"wp-image-4638\"\/><\/figure>\n<\/p>\n<p><\/p>\n","protected":false},"excerpt":{"rendered":"<p>A 51\u00aa FEIFE \u2013 Feira Empresarial e Industrial Ferreirense foi encerrada na noite deste s\u00e1bado (1\u00ba) com um dos momentos mais aguardados de toda a programa\u00e7\u00e3o. O cantor e DJ Jiraya Uai comandou o \u00faltimo show da feira e reuniu uma multid\u00e3o na arena, que ficou completamente tomada por f\u00e3s para acompanhar a apresenta\u00e7\u00e3o. Desde [\u2026]<\/p>\n","protected":false},"author":5,"featured_media":0,"comment_status":"","ping_status":"open","sticky":false,"template":"","format":"standard","meta":{"_jetpack_newsletter_access":"","_jetpack_dont_email_post_to_subs":false,"_jetpack_newsletter_tier_id":0,"_jetpack_memberships_contains_paywalled_content":false,"_mbp_banners":[],"_jetpack_feature_clip_id":0,"_jetpack_memberships_contains_paid_content":false,"footnotes":"","jetpack_publicize_message":"","jetpack_publicize_feature_enabled":true,"jetpack_social_post_already_shared":true,"jetpack_social_options":{"image_generator_settings":{"template":"highway","default_image_id":0,"font":"","enabled":false},"version":2},"jetpack_post_was_ever_published":false},"categories":[],"tags":[],"class_list":["post-73614","post","type-post","status-publish","format-standard"],"jetpack_publicize_connections":[],"jetpack-related-posts":[],"jetpack_shortlink":"https:\/\/wp.me\/p7Eq1F-j9k","jetpack_sharing_enabled":true,"jetpack_featured_media_url":"","_links":{"self":[{"href":"https:\/\/guialimeira.com.br\/news\/wp-json\/wp\/v2\/posts\/73614","targetHints":{"allow":["GET"]}}],"collection":[{"href":"https:\/\/guialimeira.com.br\/news\/wp-json\/wp\/v2\/posts"}],"about":[{"href":"https:\/\/guialimeira.com.br\/news\/wp-json\/wp\/v2\/types\/post"}],"author":[{"embeddable":true,"href":"https:\/\/guialimeira.com.br\/news\/wp-json\/wp\/v2\/users\/5"}],"replies":[{"embeddable":true,"href":"https:\/\/guialimeira.com.br\/news\/wp-json\/wp\/v2\/comments?post=73614"}],"version-history":[{"count":0,"href":"https:\/\/guialimeira.com.br\/news\/wp-json\/wp\/v2\/posts\/73614\/revisions"}],"wp:attachment":[{"href":"https:\/\/guialimeira.com.br\/news\/wp-json\/wp\/v2\/media?parent=73614"}],"wp:term":[{"taxonomy":"category","embeddable":true,"href":"https:\/\/guialimeira.com.br\/news\/wp-json\/wp\/v2\/categories?post=73614"},{"taxonomy":"post_tag","embeddable":true,"href":"https:\/\/guialimeira.com.br\/news\/wp-json\/wp\/v2\/tags?post=73614"}],"curies":[{"name":"wp","href":"https:\/\/api.w.org\/{rel}","templated":true}]}}