{"id":73578,"date":"2026-08-01T14:57:20","date_gmt":"2026-08-01T17:57:20","guid":{"rendered":"https:\/\/guialimeira.com.br\/ary-mirelle-esclarece-perda-de-peso-apos-gravidez-e-rebate-rumores-sobre-emagrecimento\/"},"modified":"2026-08-01T14:57:20","modified_gmt":"2026-08-01T17:57:20","slug":"ary-mirelle-esclarece-perda-de-peso-apos-gravidez-e-rebate-rumores-sobre-emagrecimento","status":"publish","type":"post","link":"https:\/\/guialimeira.com.br\/news\/ary-mirelle-esclarece-perda-de-peso-apos-gravidez-e-rebate-rumores-sobre-emagrecimento\/","title":{"rendered":"Ary Mirelle esclarece perda de peso ap\u00f3s gravidez e rebate rumores sobre emagrecimento"},"content":{"rendered":"<p>Ary Mirelle decidiu responder \u00e0s especula\u00e7\u00f5es sobre sua apar\u00eancia f\u00edsica ap\u00f3s receber coment\u00e1rios de seguidores nas redes sociais. M\u00e3e de Jorge e Joaquim, filhos de seu relacionamento com o cantor Jo\u00e3o Gomes, a influenciadora afirmou que a magreza sempre fez parte de seu biotipo e negou ter utilizado medicamentos para acelerar o emagrecimento depois das gesta\u00e7\u00f5es.<\/p>\n<p>Ao comentar o assunto, Ary explicou que muitas pessoas passaram a questionar sua recupera\u00e7\u00e3o f\u00edsica e levantaram hip\u00f3teses sobre o uso de rem\u00e9dios para perder peso. A influenciadora, no entanto, garantiu que n\u00e3o recorreu a esse tipo de recurso e ressaltou que seu organismo sempre apresentou caracter\u00edsticas semelhantes, mesmo antes de se tornar m\u00e3e.<\/p>\n<p>Ela aproveitou o momento para destacar que cada mulher vive o p\u00f3s-parto de maneira diferente e que compara\u00e7\u00f5es podem criar expectativas irreais. Segundo Ary, fatores como gen\u00e9tica, rotina e metabolismo influenciam diretamente na recupera\u00e7\u00e3o do corpo, tornando inadequado estabelecer um padr\u00e3o para todas as m\u00e3es.<\/p>\n<p>A influenciadora tamb\u00e9m afirmou que seu foco est\u00e1 voltado para a cria\u00e7\u00e3o dos filhos e para a adapta\u00e7\u00e3o \u00e0 nova rotina familiar. Ela contou que conciliar os cuidados com Jorge e Joaquim exige dedica\u00e7\u00e3o constante e que procura priorizar a sa\u00fade e o bem-estar acima da apar\u00eancia.<\/p>\n<p>As declara\u00e7\u00f5es repercutiram rapidamente entre os seguidores, que manifestaram apoio e elogiaram a sinceridade da influenciadora ao abordar um tema recorrente entre mulheres que passaram pela maternidade. Muitas internautas compartilharam experi\u00eancias semelhantes e defenderam que o corpo de cada pessoa responde de forma \u00fanica \u00e0s mudan\u00e7as provocadas pela gravidez.<\/p>\n<p>Ary Mirelle costuma utilizar suas redes sociais para mostrar momentos do cotidiano ao lado de Jo\u00e3o Gomes e dos filhos, al\u00e9m de conversar com o p\u00fablico sobre maternidade e vida em fam\u00edlia. Dessa vez, ela aproveitou a repercuss\u00e3o para refor\u00e7ar a import\u00e2ncia de combater julgamentos precipitados e informa\u00e7\u00f5es sem fundamento.<\/p>\n<p>Ao negar o uso de medicamentos para emagrecer, Ary buscou encerrar os rumores envolvendo sua apar\u00eancia e incentivou os seguidores a respeitarem as diferentes experi\u00eancias vividas pelas mulheres no per\u00edodo p\u00f3s-parto, lembrando que sa\u00fade e autoestima devem estar acima de padr\u00f5es est\u00e9ticos.<\/p>\n<p><\/p>\n","protected":false},"excerpt":{"rendered":"<p>Ary Mirelle decidiu responder \u00e0s especula\u00e7\u00f5es sobre sua apar\u00eancia f\u00edsica ap\u00f3s receber coment\u00e1rios de seguidores nas redes sociais. M\u00e3e de Jorge e Joaquim, filhos de seu relacionamento com o cantor Jo\u00e3o Gomes, a influenciadora afirmou que a magreza sempre fez parte de seu biotipo e negou ter utilizado medicamentos para acelerar o emagrecimento depois das [\u2026]<\/p>\n","protected":false},"author":5,"featured_media":0,"comment_status":"","ping_status":"open","sticky":false,"template":"","format":"standard","meta":{"_jetpack_newsletter_access":"","_jetpack_dont_email_post_to_subs":false,"_jetpack_newsletter_tier_id":0,"_jetpack_memberships_contains_paywalled_content":false,"_mbp_banners":[],"_jetpack_feature_clip_id":0,"_jetpack_memberships_contains_paid_content":false,"footnotes":"","jetpack_publicize_message":"","jetpack_publicize_feature_enabled":true,"jetpack_social_post_already_shared":true,"jetpack_social_options":{"image_generator_settings":{"template":"highway","default_image_id":0,"font":"","enabled":false},"version":2},"jetpack_post_was_ever_published":false},"categories":[],"tags":[],"class_list":["post-73578","post","type-post","status-publish","format-standard"],"jetpack_publicize_connections":[],"jetpack-related-posts":[],"jetpack_shortlink":"https:\/\/wp.me\/p7Eq1F-j8K","jetpack_sharing_enabled":true,"jetpack_featured_media_url":"","_links":{"self":[{"href":"https:\/\/guialimeira.com.br\/news\/wp-json\/wp\/v2\/posts\/73578","targetHints":{"allow":["GET"]}}],"collection":[{"href":"https:\/\/guialimeira.com.br\/news\/wp-json\/wp\/v2\/posts"}],"about":[{"href":"https:\/\/guialimeira.com.br\/news\/wp-json\/wp\/v2\/types\/post"}],"author":[{"embeddable":true,"href":"https:\/\/guialimeira.com.br\/news\/wp-json\/wp\/v2\/users\/5"}],"replies":[{"embeddable":true,"href":"https:\/\/guialimeira.com.br\/news\/wp-json\/wp\/v2\/comments?post=73578"}],"version-history":[{"count":0,"href":"https:\/\/guialimeira.com.br\/news\/wp-json\/wp\/v2\/posts\/73578\/revisions"}],"wp:attachment":[{"href":"https:\/\/guialimeira.com.br\/news\/wp-json\/wp\/v2\/media?parent=73578"}],"wp:term":[{"taxonomy":"category","embeddable":true,"href":"https:\/\/guialimeira.com.br\/news\/wp-json\/wp\/v2\/categories?post=73578"},{"taxonomy":"post_tag","embeddable":true,"href":"https:\/\/guialimeira.com.br\/news\/wp-json\/wp\/v2\/tags?post=73578"}],"curies":[{"name":"wp","href":"https:\/\/api.w.org\/{rel}","templated":true}]}}