{"id":73531,"date":"2026-07-31T20:41:02","date_gmt":"2026-07-31T23:41:02","guid":{"rendered":"https:\/\/guialimeira.com.br\/ary-mirelle-emociona-joao-gomes-com-homenagem-de-aniversario-durante-viagem-do-cantor\/"},"modified":"2026-07-31T20:41:02","modified_gmt":"2026-07-31T23:41:02","slug":"ary-mirelle-emociona-joao-gomes-com-homenagem-de-aniversario-durante-viagem-do-cantor","status":"publish","type":"post","link":"https:\/\/guialimeira.com.br\/news\/ary-mirelle-emociona-joao-gomes-com-homenagem-de-aniversario-durante-viagem-do-cantor\/","title":{"rendered":"Ary Mirelle emociona Jo\u00e3o Gomes com homenagem de anivers\u00e1rio durante viagem do cantor"},"content":{"rendered":"<p>Influenciadora preparou uma surpresa especial e explicou por que a data teve um significado ainda mais intenso neste ano<\/p>\n<p>Ary Mirelle compartilhou com os seguidores os detalhes da homenagem que preparou para o anivers\u00e1rio de Jo\u00e3o Gomes. Mesmo com o cantor na Austr\u00e1lia para cumprir compromissos profissionais, a influenciadora encontrou uma maneira de celebrar a data e demonstrar todo o carinho pelo marido.<\/p>\n<p>A influenciadora revelou que organizou uma surpresa pensada especialmente para o artista e confessou que ficou bastante emocionada por n\u00e3o poder comemorar o anivers\u00e1rio ao lado dele. Segundo Ary, a dist\u00e2ncia tornou o momento mais sens\u00edvel e despertou ainda mais a saudade da fam\u00edlia.<\/p>\n<p>Nas redes sociais, ela contou que fez quest\u00e3o de transformar o dia em uma ocasi\u00e3o especial, mesmo com o casal em continentes diferentes. A homenagem foi preparada como uma forma de aproximar Jo\u00e3o Gomes de quem ficou no Brasil e celebrar mais um ano de vida do cantor.<\/p>\n<p>A publica\u00e7\u00e3o rapidamente recebeu mensagens de carinho dos f\u00e3s, que aproveitaram a oportunidade para parabenizar o artista e elogiar a dedica\u00e7\u00e3o de Ary. Muitos seguidores destacaram a cumplicidade do casal e desejaram que os dois possam se reencontrar em breve.<\/p>\n<p>Apesar da dist\u00e2ncia imposta pela agenda de trabalho, Ary Mirelle mostrou que fez quest\u00e3o de estar presente de alguma forma na comemora\u00e7\u00e3o. O gesto refor\u00e7ou a uni\u00e3o do casal e evidenciou que, mesmo separados fisicamente, eles seguem compartilhando momentos importantes da vida a dois.<\/p>\n<p><\/p>\n","protected":false},"excerpt":{"rendered":"<p>Influenciadora preparou uma surpresa especial e explicou por que a data teve um significado ainda mais intenso neste ano Ary Mirelle compartilhou com os seguidores os detalhes da homenagem que preparou para o anivers\u00e1rio de Jo\u00e3o Gomes. Mesmo com o cantor na Austr\u00e1lia para cumprir compromissos profissionais, a influenciadora encontrou uma maneira de celebrar a [\u2026]<\/p>\n","protected":false},"author":5,"featured_media":0,"comment_status":"","ping_status":"open","sticky":false,"template":"","format":"standard","meta":{"_jetpack_newsletter_access":"","_jetpack_dont_email_post_to_subs":false,"_jetpack_newsletter_tier_id":0,"_jetpack_memberships_contains_paywalled_content":false,"_mbp_banners":[],"_jetpack_feature_clip_id":0,"_jetpack_memberships_contains_paid_content":false,"footnotes":"","jetpack_publicize_message":"","jetpack_publicize_feature_enabled":true,"jetpack_social_post_already_shared":true,"jetpack_social_options":{"image_generator_settings":{"template":"highway","default_image_id":0,"font":"","enabled":false},"version":2},"jetpack_post_was_ever_published":false},"categories":[],"tags":[],"class_list":["post-73531","post","type-post","status-publish","format-standard"],"jetpack_publicize_connections":[],"jetpack-related-posts":[],"jetpack_shortlink":"https:\/\/wp.me\/p7Eq1F-j7Z","jetpack_sharing_enabled":true,"jetpack_featured_media_url":"","_links":{"self":[{"href":"https:\/\/guialimeira.com.br\/news\/wp-json\/wp\/v2\/posts\/73531","targetHints":{"allow":["GET"]}}],"collection":[{"href":"https:\/\/guialimeira.com.br\/news\/wp-json\/wp\/v2\/posts"}],"about":[{"href":"https:\/\/guialimeira.com.br\/news\/wp-json\/wp\/v2\/types\/post"}],"author":[{"embeddable":true,"href":"https:\/\/guialimeira.com.br\/news\/wp-json\/wp\/v2\/users\/5"}],"replies":[{"embeddable":true,"href":"https:\/\/guialimeira.com.br\/news\/wp-json\/wp\/v2\/comments?post=73531"}],"version-history":[{"count":0,"href":"https:\/\/guialimeira.com.br\/news\/wp-json\/wp\/v2\/posts\/73531\/revisions"}],"wp:attachment":[{"href":"https:\/\/guialimeira.com.br\/news\/wp-json\/wp\/v2\/media?parent=73531"}],"wp:term":[{"taxonomy":"category","embeddable":true,"href":"https:\/\/guialimeira.com.br\/news\/wp-json\/wp\/v2\/categories?post=73531"},{"taxonomy":"post_tag","embeddable":true,"href":"https:\/\/guialimeira.com.br\/news\/wp-json\/wp\/v2\/tags?post=73531"}],"curies":[{"name":"wp","href":"https:\/\/api.w.org\/{rel}","templated":true}]}}