{"id":73508,"date":"2026-07-31T16:24:41","date_gmt":"2026-07-31T19:24:41","guid":{"rendered":"https:\/\/guialimeira.com.br\/carolina-dieckmann-diz-que-historia-da-mae-influenciou-preparacao-para-filme-sobre-alcoolismo\/"},"modified":"2026-07-31T16:24:41","modified_gmt":"2026-07-31T19:24:41","slug":"carolina-dieckmann-diz-que-historia-da-mae-influenciou-preparacao-para-filme-sobre-alcoolismo","status":"publish","type":"post","link":"https:\/\/guialimeira.com.br\/news\/carolina-dieckmann-diz-que-historia-da-mae-influenciou-preparacao-para-filme-sobre-alcoolismo\/","title":{"rendered":"Carolina Dieckmann diz que hist\u00f3ria da m\u00e3e influenciou prepara\u00e7\u00e3o para filme sobre alcoolismo"},"content":{"rendered":"<p>Atriz revelou que utilizou lembran\u00e7as da conviv\u00eancia familiar para compor personagem do novo longa<\/p>\n<p>Carolina Dieckmann contou que buscou refer\u00eancias em sua pr\u00f3pria hist\u00f3ria de vida durante a prepara\u00e7\u00e3o para um filme que aborda o alcoolismo. A atriz revelou que parte da constru\u00e7\u00e3o da personagem foi inspirada nas lembran\u00e7as da m\u00e3e, Ma\u00edra, que enfrentou problemas relacionados ao consumo de bebidas alco\u00f3licas.<\/p>\n<p>Segundo Carolina, reviver essas mem\u00f3rias foi um processo de forte impacto emocional, mas tamb\u00e9m fundamental para dar mais profundidade \u00e0 interpreta\u00e7\u00e3o. A artista explicou que a experi\u00eancia pessoal permitiu compreender melhor os sentimentos envolvidos na trama e contribuiu para a autenticidade da personagem.<\/p>\n<p>Ma\u00edra morreu em 2019, aos 67 anos, ap\u00f3s sofrer um mal s\u00fabito. Ao comentar a influ\u00eancia da m\u00e3e em seu trabalho, Carolina ressaltou que as viv\u00eancias familiares continuam presentes em diferentes momentos de sua carreira e ajudam a moldar sua atua\u00e7\u00e3o.<\/p>\n<p>A atriz destacou que o filme prop\u00f5e uma reflex\u00e3o sobre os efeitos do alcoolismo n\u00e3o apenas para quem enfrenta a depend\u00eancia, mas tamb\u00e9m para familiares e pessoas pr\u00f3ximas. Para ela, o cinema tem um papel importante ao trazer \u00e0 tona temas delicados e estimular o di\u00e1logo sobre quest\u00f5es que ainda cercam muitos preconceitos.<\/p>\n<p>O relato emocionou admiradores da atriz e evidenciou a forma como experi\u00eancias pessoais podem contribuir para o trabalho art\u00edstico. Ao compartilhar a inspira\u00e7\u00e3o para o papel, Carolina Dieckmann tamb\u00e9m prestou uma homenagem \u00e0 mem\u00f3ria da m\u00e3e e mostrou como transformou lembran\u00e7as da vida familiar em uma ferramenta para sua interpreta\u00e7\u00e3o.<\/p>\n<p><\/p>\n","protected":false},"excerpt":{"rendered":"<p>Atriz revelou que utilizou lembran\u00e7as da conviv\u00eancia familiar para compor personagem do novo longa Carolina Dieckmann contou que buscou refer\u00eancias em sua pr\u00f3pria hist\u00f3ria de vida durante a prepara\u00e7\u00e3o para um filme que aborda o alcoolismo. A atriz revelou que parte da constru\u00e7\u00e3o da personagem foi inspirada nas lembran\u00e7as da m\u00e3e, Ma\u00edra, que enfrentou problemas [\u2026]<\/p>\n","protected":false},"author":5,"featured_media":0,"comment_status":"","ping_status":"open","sticky":false,"template":"","format":"standard","meta":{"_jetpack_newsletter_access":"","_jetpack_dont_email_post_to_subs":false,"_jetpack_newsletter_tier_id":0,"_jetpack_memberships_contains_paywalled_content":false,"_mbp_banners":[],"_jetpack_feature_clip_id":0,"_jetpack_memberships_contains_paid_content":false,"footnotes":"","jetpack_publicize_message":"","jetpack_publicize_feature_enabled":true,"jetpack_social_post_already_shared":true,"jetpack_social_options":{"image_generator_settings":{"template":"highway","default_image_id":0,"font":"","enabled":false},"version":2},"jetpack_post_was_ever_published":false},"categories":[],"tags":[],"class_list":["post-73508","post","type-post","status-publish","format-standard"],"jetpack_publicize_connections":[],"jetpack-related-posts":[],"jetpack_shortlink":"https:\/\/wp.me\/p7Eq1F-j7C","jetpack_sharing_enabled":true,"jetpack_featured_media_url":"","_links":{"self":[{"href":"https:\/\/guialimeira.com.br\/news\/wp-json\/wp\/v2\/posts\/73508","targetHints":{"allow":["GET"]}}],"collection":[{"href":"https:\/\/guialimeira.com.br\/news\/wp-json\/wp\/v2\/posts"}],"about":[{"href":"https:\/\/guialimeira.com.br\/news\/wp-json\/wp\/v2\/types\/post"}],"author":[{"embeddable":true,"href":"https:\/\/guialimeira.com.br\/news\/wp-json\/wp\/v2\/users\/5"}],"replies":[{"embeddable":true,"href":"https:\/\/guialimeira.com.br\/news\/wp-json\/wp\/v2\/comments?post=73508"}],"version-history":[{"count":0,"href":"https:\/\/guialimeira.com.br\/news\/wp-json\/wp\/v2\/posts\/73508\/revisions"}],"wp:attachment":[{"href":"https:\/\/guialimeira.com.br\/news\/wp-json\/wp\/v2\/media?parent=73508"}],"wp:term":[{"taxonomy":"category","embeddable":true,"href":"https:\/\/guialimeira.com.br\/news\/wp-json\/wp\/v2\/categories?post=73508"},{"taxonomy":"post_tag","embeddable":true,"href":"https:\/\/guialimeira.com.br\/news\/wp-json\/wp\/v2\/tags?post=73508"}],"curies":[{"name":"wp","href":"https:\/\/api.w.org\/{rel}","templated":true}]}}