{"id":73507,"date":"2026-07-31T16:21:00","date_gmt":"2026-07-31T19:21:00","guid":{"rendered":"https:\/\/guialimeira.com.br\/aline-mineiro-anuncia-mudanca-de-planos-e-diz-que-pretende-deixar-sao-paulo\/"},"modified":"2026-07-31T16:21:00","modified_gmt":"2026-07-31T19:21:00","slug":"aline-mineiro-anuncia-mudanca-de-planos-e-diz-que-pretende-deixar-sao-paulo","status":"publish","type":"post","link":"https:\/\/guialimeira.com.br\/news\/aline-mineiro-anuncia-mudanca-de-planos-e-diz-que-pretende-deixar-sao-paulo\/","title":{"rendered":"Aline Mineiro anuncia mudan\u00e7a de planos e diz que pretende deixar S\u00e3o Paulo"},"content":{"rendered":"<p>Influenciadora revelou que quer viver mais perto do instituto de resgate animal que administra e iniciar uma nova fase<\/p>\n<p>Aline Mineiro contou aos seguidores que pretende reduzir o tempo que passa em S\u00e3o Paulo e iniciar uma nova etapa em sua rotina. A influenciadora explicou que a decis\u00e3o est\u00e1 ligada ao desejo de acompanhar mais de perto o instituto de resgate de animais que mant\u00e9m fora da capital.<\/p>\n<p>Segundo ela, uma resid\u00eancia j\u00e1 est\u00e1 dispon\u00edvel no local, o que permitir\u00e1 uma presen\u00e7a mais constante nas atividades do projeto. Aline afirmou que pretende participar do dia a dia da institui\u00e7\u00e3o e dedicar mais aten\u00e7\u00e3o ao trabalho voltado ao acolhimento e cuidado de animais resgatados.<\/p>\n<p>O an\u00fancio foi feito ap\u00f3s um per\u00edodo de grande repercuss\u00e3o envolvendo seu nome. Mesmo sem entrar em detalhes sobre a pol\u00eamica, a influenciadora destacou que deseja direcionar o foco para projetos pessoais e causas que considera importantes.<\/p>\n<p>O instituto mantido por Aline desenvolve a\u00e7\u00f5es de resgate, recupera\u00e7\u00e3o e prote\u00e7\u00e3o de animais em situa\u00e7\u00e3o de vulnerabilidade. A artista afirmou que estar pr\u00f3xima da equipe facilitar\u00e1 o acompanhamento das atividades e permitir\u00e1 uma atua\u00e7\u00e3o ainda mais direta.<\/p>\n<p>Ao compartilhar os planos para o futuro, Aline Mineiro afirmou que busca uma rotina mais equilibrada e conectada ao trabalho social que desenvolve. A mudan\u00e7a, segundo ela, representa o in\u00edcio de um novo momento, marcado pela dedica\u00e7\u00e3o \u00e0 causa animal e por uma vida mais tranquila, longe da agita\u00e7\u00e3o da capital paulista.<\/p>\n<p><\/p>\n","protected":false},"excerpt":{"rendered":"<p>Influenciadora revelou que quer viver mais perto do instituto de resgate animal que administra e iniciar uma nova fase Aline Mineiro contou aos seguidores que pretende reduzir o tempo que passa em S\u00e3o Paulo e iniciar uma nova etapa em sua rotina. A influenciadora explicou que a decis\u00e3o est\u00e1 ligada ao desejo de acompanhar mais [\u2026]<\/p>\n","protected":false},"author":5,"featured_media":0,"comment_status":"","ping_status":"open","sticky":false,"template":"","format":"standard","meta":{"_jetpack_newsletter_access":"","_jetpack_dont_email_post_to_subs":false,"_jetpack_newsletter_tier_id":0,"_jetpack_memberships_contains_paywalled_content":false,"_mbp_banners":[],"_jetpack_feature_clip_id":0,"_jetpack_memberships_contains_paid_content":false,"footnotes":"","jetpack_publicize_message":"","jetpack_publicize_feature_enabled":true,"jetpack_social_post_already_shared":true,"jetpack_social_options":{"image_generator_settings":{"template":"highway","default_image_id":0,"font":"","enabled":false},"version":2},"jetpack_post_was_ever_published":false},"categories":[],"tags":[],"class_list":["post-73507","post","type-post","status-publish","format-standard"],"jetpack_publicize_connections":[],"jetpack-related-posts":[],"jetpack_shortlink":"https:\/\/wp.me\/p7Eq1F-j7B","jetpack_sharing_enabled":true,"jetpack_featured_media_url":"","_links":{"self":[{"href":"https:\/\/guialimeira.com.br\/news\/wp-json\/wp\/v2\/posts\/73507","targetHints":{"allow":["GET"]}}],"collection":[{"href":"https:\/\/guialimeira.com.br\/news\/wp-json\/wp\/v2\/posts"}],"about":[{"href":"https:\/\/guialimeira.com.br\/news\/wp-json\/wp\/v2\/types\/post"}],"author":[{"embeddable":true,"href":"https:\/\/guialimeira.com.br\/news\/wp-json\/wp\/v2\/users\/5"}],"replies":[{"embeddable":true,"href":"https:\/\/guialimeira.com.br\/news\/wp-json\/wp\/v2\/comments?post=73507"}],"version-history":[{"count":0,"href":"https:\/\/guialimeira.com.br\/news\/wp-json\/wp\/v2\/posts\/73507\/revisions"}],"wp:attachment":[{"href":"https:\/\/guialimeira.com.br\/news\/wp-json\/wp\/v2\/media?parent=73507"}],"wp:term":[{"taxonomy":"category","embeddable":true,"href":"https:\/\/guialimeira.com.br\/news\/wp-json\/wp\/v2\/categories?post=73507"},{"taxonomy":"post_tag","embeddable":true,"href":"https:\/\/guialimeira.com.br\/news\/wp-json\/wp\/v2\/tags?post=73507"}],"curies":[{"name":"wp","href":"https:\/\/api.w.org\/{rel}","templated":true}]}}