{"id":73506,"date":"2026-07-31T16:16:37","date_gmt":"2026-07-31T19:16:37","guid":{"rendered":"https:\/\/guialimeira.com.br\/luciano-huck-e-angelica-comemoram-aprovacao-de-benicio-para-a-faculdade\/"},"modified":"2026-07-31T16:16:37","modified_gmt":"2026-07-31T19:16:37","slug":"luciano-huck-e-angelica-comemoram-aprovacao-de-benicio-para-a-faculdade","status":"publish","type":"post","link":"https:\/\/guialimeira.com.br\/news\/luciano-huck-e-angelica-comemoram-aprovacao-de-benicio-para-a-faculdade\/","title":{"rendered":"Luciano Huck e Ang\u00e9lica comemoram aprova\u00e7\u00e3o de Ben\u00edcio para a faculdade"},"content":{"rendered":"<p>Apresentador compartilhou a conquista do filho nas redes sociais e celebrou o in\u00edcio de uma nova fase na vida do jovem<\/p>\n<p>Luciano Huck dividiu com os seguidores um momento especial vivido pela fam\u00edlia. O apresentador anunciou a aprova\u00e7\u00e3o de Ben\u00edcio na faculdade e comemorou a conquista ao lado da esposa, Ang\u00e9lica, destacando o orgulho que ambos sentem pelo filho.<\/p>\n<p>Em sua publica\u00e7\u00e3o, Huck ressaltou que a dedica\u00e7\u00e3o e o esfor\u00e7o de Ben\u00edcio ao longo da prepara\u00e7\u00e3o foram recompensados com o ingresso no ensino superior. A mensagem foi marcada por palavras de incentivo e pela celebra\u00e7\u00e3o do novo ciclo que o jovem est\u00e1 prestes a iniciar.<\/p>\n<p>A novidade rapidamente repercutiu entre amigos, f\u00e3s e colegas do casal, que enviaram mensagens de parab\u00e9ns ao estudante e desejaram sucesso em sua trajet\u00f3ria acad\u00eamica.<\/p>\n<p>Ben\u00edcio \u00e9 o segundo filho de Luciano Huck e Ang\u00e9lica. O casal tamb\u00e9m \u00e9 pai de Joaquim, de 21 anos, e de Eva, de 13. Embora mantenham a rotina familiar de forma discreta, os apresentadores costumam compartilhar com o p\u00fablico acontecimentos importantes envolvendo os filhos.<\/p>\n<p>Ao celebrar a aprova\u00e7\u00e3o, Luciano Huck refor\u00e7ou a alegria de acompanhar mais uma etapa na vida de Ben\u00edcio. A publica\u00e7\u00e3o refletiu o orgulho da fam\u00edlia pela conquista e marcou um momento significativo antes do in\u00edcio da vida universit\u00e1ria do jovem.<\/p>\n<p><\/p>\n","protected":false},"excerpt":{"rendered":"<p>Apresentador compartilhou a conquista do filho nas redes sociais e celebrou o in\u00edcio de uma nova fase na vida do jovem Luciano Huck dividiu com os seguidores um momento especial vivido pela fam\u00edlia. O apresentador anunciou a aprova\u00e7\u00e3o de Ben\u00edcio na faculdade e comemorou a conquista ao lado da esposa, Ang\u00e9lica, destacando o orgulho que [\u2026]<\/p>\n","protected":false},"author":5,"featured_media":0,"comment_status":"","ping_status":"open","sticky":false,"template":"","format":"standard","meta":{"_jetpack_newsletter_access":"","_jetpack_dont_email_post_to_subs":false,"_jetpack_newsletter_tier_id":0,"_jetpack_memberships_contains_paywalled_content":false,"_mbp_banners":[],"_jetpack_feature_clip_id":0,"_jetpack_memberships_contains_paid_content":false,"footnotes":"","jetpack_publicize_message":"","jetpack_publicize_feature_enabled":true,"jetpack_social_post_already_shared":true,"jetpack_social_options":{"image_generator_settings":{"template":"highway","default_image_id":0,"font":"","enabled":false},"version":2},"jetpack_post_was_ever_published":false},"categories":[],"tags":[],"class_list":["post-73506","post","type-post","status-publish","format-standard"],"jetpack_publicize_connections":[],"jetpack-related-posts":[],"jetpack_shortlink":"https:\/\/wp.me\/p7Eq1F-j7A","jetpack_sharing_enabled":true,"jetpack_featured_media_url":"","_links":{"self":[{"href":"https:\/\/guialimeira.com.br\/news\/wp-json\/wp\/v2\/posts\/73506","targetHints":{"allow":["GET"]}}],"collection":[{"href":"https:\/\/guialimeira.com.br\/news\/wp-json\/wp\/v2\/posts"}],"about":[{"href":"https:\/\/guialimeira.com.br\/news\/wp-json\/wp\/v2\/types\/post"}],"author":[{"embeddable":true,"href":"https:\/\/guialimeira.com.br\/news\/wp-json\/wp\/v2\/users\/5"}],"replies":[{"embeddable":true,"href":"https:\/\/guialimeira.com.br\/news\/wp-json\/wp\/v2\/comments?post=73506"}],"version-history":[{"count":0,"href":"https:\/\/guialimeira.com.br\/news\/wp-json\/wp\/v2\/posts\/73506\/revisions"}],"wp:attachment":[{"href":"https:\/\/guialimeira.com.br\/news\/wp-json\/wp\/v2\/media?parent=73506"}],"wp:term":[{"taxonomy":"category","embeddable":true,"href":"https:\/\/guialimeira.com.br\/news\/wp-json\/wp\/v2\/categories?post=73506"},{"taxonomy":"post_tag","embeddable":true,"href":"https:\/\/guialimeira.com.br\/news\/wp-json\/wp\/v2\/tags?post=73506"}],"curies":[{"name":"wp","href":"https:\/\/api.w.org\/{rel}","templated":true}]}}