{"id":73505,"date":"2026-07-31T16:12:22","date_gmt":"2026-07-31T19:12:22","guid":{"rendered":"https:\/\/guialimeira.com.br\/patricia-poeta-faz-homenagem-ao-filho-felipe-e-celebra-nova-idade-com-declaracao\/"},"modified":"2026-07-31T16:12:22","modified_gmt":"2026-07-31T19:12:22","slug":"patricia-poeta-faz-homenagem-ao-filho-felipe-e-celebra-nova-idade-com-declaracao","status":"publish","type":"post","link":"https:\/\/guialimeira.com.br\/news\/patricia-poeta-faz-homenagem-ao-filho-felipe-e-celebra-nova-idade-com-declaracao\/","title":{"rendered":"Patr\u00edcia Poeta faz homenagem ao filho Felipe e celebra nova idade com declara\u00e7\u00e3o"},"content":{"rendered":"<p>Apresentadora compartilhou uma mensagem de carinho para o produtor musical nas redes sociais<\/p>\n<p>Patr\u00edcia Poeta marcou o anivers\u00e1rio do filho, Felipe Poeta, com uma homenagem publicada em suas redes sociais. A apresentadora dedicou uma mensagem especial ao produtor musical e celebrou a data destacando o carinho e a admira\u00e7\u00e3o que sente pelo \u00fanico herdeiro.<\/p>\n<p>Na publica\u00e7\u00e3o, Patr\u00edcia relembrou a import\u00e2ncia de Felipe em sua vida e escreveu um texto emocionado para comemorar mais um ano de vida do filho. A jornalista ressaltou a for\u00e7a do v\u00ednculo entre os dois e desejou que o novo ciclo seja marcado por conquistas, sa\u00fade e felicidade.<\/p>\n<p>Al\u00e9m da declara\u00e7\u00e3o, a apresentadora compartilhou fotos ao lado do aniversariante, registrando momentos vividos em fam\u00edlia. A publica\u00e7\u00e3o rapidamente recebeu mensagens de carinho de seguidores, amigos e colegas de profiss\u00e3o.<\/p>\n<p>Embora mantenha uma rotina longe dos holofotes, Felipe Poeta costuma aparecer em ocasi\u00f5es especiais nas redes sociais da m\u00e3e. Produtor musical, ele preserva a vida pessoal, mas \u00e9 frequentemente lembrado por Patr\u00edcia em datas importantes.<\/p>\n<p>A homenagem refor\u00e7ou a rela\u00e7\u00e3o pr\u00f3xima entre m\u00e3e e filho e emocionou os f\u00e3s da apresentadora. Nos coment\u00e1rios, internautas desejaram felicidades ao aniversariante e elogiaram as palavras de carinho compartilhadas por Patr\u00edcia Poeta.<\/p>\n<p><\/p>\n","protected":false},"excerpt":{"rendered":"<p>Apresentadora compartilhou uma mensagem de carinho para o produtor musical nas redes sociais Patr\u00edcia Poeta marcou o anivers\u00e1rio do filho, Felipe Poeta, com uma homenagem publicada em suas redes sociais. A apresentadora dedicou uma mensagem especial ao produtor musical e celebrou a data destacando o carinho e a admira\u00e7\u00e3o que sente pelo \u00fanico herdeiro. Na [\u2026]<\/p>\n","protected":false},"author":5,"featured_media":0,"comment_status":"","ping_status":"open","sticky":false,"template":"","format":"standard","meta":{"_jetpack_newsletter_access":"","_jetpack_dont_email_post_to_subs":false,"_jetpack_newsletter_tier_id":0,"_jetpack_memberships_contains_paywalled_content":false,"_mbp_banners":[],"_jetpack_feature_clip_id":0,"_jetpack_memberships_contains_paid_content":false,"footnotes":"","jetpack_publicize_message":"","jetpack_publicize_feature_enabled":true,"jetpack_social_post_already_shared":true,"jetpack_social_options":{"image_generator_settings":{"template":"highway","default_image_id":0,"font":"","enabled":false},"version":2},"jetpack_post_was_ever_published":false},"categories":[],"tags":[],"class_list":["post-73505","post","type-post","status-publish","format-standard"],"jetpack_publicize_connections":[],"jetpack-related-posts":[],"jetpack_shortlink":"https:\/\/wp.me\/p7Eq1F-j7z","jetpack_sharing_enabled":true,"jetpack_featured_media_url":"","_links":{"self":[{"href":"https:\/\/guialimeira.com.br\/news\/wp-json\/wp\/v2\/posts\/73505","targetHints":{"allow":["GET"]}}],"collection":[{"href":"https:\/\/guialimeira.com.br\/news\/wp-json\/wp\/v2\/posts"}],"about":[{"href":"https:\/\/guialimeira.com.br\/news\/wp-json\/wp\/v2\/types\/post"}],"author":[{"embeddable":true,"href":"https:\/\/guialimeira.com.br\/news\/wp-json\/wp\/v2\/users\/5"}],"replies":[{"embeddable":true,"href":"https:\/\/guialimeira.com.br\/news\/wp-json\/wp\/v2\/comments?post=73505"}],"version-history":[{"count":0,"href":"https:\/\/guialimeira.com.br\/news\/wp-json\/wp\/v2\/posts\/73505\/revisions"}],"wp:attachment":[{"href":"https:\/\/guialimeira.com.br\/news\/wp-json\/wp\/v2\/media?parent=73505"}],"wp:term":[{"taxonomy":"category","embeddable":true,"href":"https:\/\/guialimeira.com.br\/news\/wp-json\/wp\/v2\/categories?post=73505"},{"taxonomy":"post_tag","embeddable":true,"href":"https:\/\/guialimeira.com.br\/news\/wp-json\/wp\/v2\/tags?post=73505"}],"curies":[{"name":"wp","href":"https:\/\/api.w.org\/{rel}","templated":true}]}}