{"id":73504,"date":"2026-07-31T16:10:19","date_gmt":"2026-07-31T19:10:19","guid":{"rendered":"https:\/\/guialimeira.com.br\/taina-militao-explica-video-antigo-e-afasta-rumores-sobre-relacao-com-eder-militao\/"},"modified":"2026-07-31T16:10:19","modified_gmt":"2026-07-31T19:10:19","slug":"taina-militao-explica-video-antigo-e-afasta-rumores-sobre-relacao-com-eder-militao","status":"publish","type":"post","link":"https:\/\/guialimeira.com.br\/news\/taina-militao-explica-video-antigo-e-afasta-rumores-sobre-relacao-com-eder-militao\/","title":{"rendered":"Tain\u00e1 Milit\u00e3o explica v\u00eddeo antigo e afasta rumores sobre rela\u00e7\u00e3o com \u00c9der Milit\u00e3o"},"content":{"rendered":"<p>Influenciadora afirmou que grava\u00e7\u00e3o voltou a viralizar fora de contexto e esclareceu motivo da express\u00e3o s\u00e9ria<\/p>\n<p>Tain\u00e1 Milit\u00e3o se pronunciou ap\u00f3s um v\u00eddeo antigo voltar a repercutir nas redes sociais e gerar coment\u00e1rios sobre seu relacionamento com \u00c9der Milit\u00e3o. A influenciadora decidiu esclarecer a situa\u00e7\u00e3o depois que alguns internautas interpretaram sua express\u00e3o durante a grava\u00e7\u00e3o como um sinal de insatisfa\u00e7\u00e3o.<\/p>\n<p>Segundo Tain\u00e1, as imagens n\u00e3o s\u00e3o recentes e passaram a circular novamente sem o contexto em que foram registradas. Ela explicou que a express\u00e3o mais fechada n\u00e3o estava relacionada ao casamento e destacou que o momento acabou sendo interpretado de maneira equivocada.<\/p>\n<p>Ao comentar o assunto, a influenciadora refor\u00e7ou que v\u00eddeos curtos ou recortes publicados nas redes sociais podem transmitir uma impress\u00e3o diferente da realidade. Por esse motivo, resolveu se manifestar para evitar que novas especula\u00e7\u00f5es surgissem.<\/p>\n<p>Tain\u00e1 e \u00c9der Milit\u00e3o costumam dividir parte da rotina com os seguidores e vivem um momento especial com a expectativa pela chegada de Gabriel, primeiro filho do casal. Os dois tamb\u00e9m aparecem frequentemente juntos em publica\u00e7\u00f5es sobre a vida em fam\u00edlia.<\/p>\n<p>Com o esclarecimento, a influenciadora buscou tranquilizar os f\u00e3s e reafirmou que o relacionamento segue normalmente. Ela ainda destacou que nem sempre uma imagem isolada \u00e9 suficiente para representar o que realmente acontece na vida do casal, pedindo cautela antes de tirar conclus\u00f5es a partir de v\u00eddeos antigos.<\/p>\n<p><\/p>\n","protected":false},"excerpt":{"rendered":"<p>Influenciadora afirmou que grava\u00e7\u00e3o voltou a viralizar fora de contexto e esclareceu motivo da express\u00e3o s\u00e9ria Tain\u00e1 Milit\u00e3o se pronunciou ap\u00f3s um v\u00eddeo antigo voltar a repercutir nas redes sociais e gerar coment\u00e1rios sobre seu relacionamento com \u00c9der Milit\u00e3o. A influenciadora decidiu esclarecer a situa\u00e7\u00e3o depois que alguns internautas interpretaram sua express\u00e3o durante a grava\u00e7\u00e3o [\u2026]<\/p>\n","protected":false},"author":5,"featured_media":0,"comment_status":"","ping_status":"open","sticky":false,"template":"","format":"standard","meta":{"_jetpack_newsletter_access":"","_jetpack_dont_email_post_to_subs":false,"_jetpack_newsletter_tier_id":0,"_jetpack_memberships_contains_paywalled_content":false,"_mbp_banners":[],"_jetpack_feature_clip_id":0,"_jetpack_memberships_contains_paid_content":false,"footnotes":"","jetpack_publicize_message":"","jetpack_publicize_feature_enabled":true,"jetpack_social_post_already_shared":true,"jetpack_social_options":{"image_generator_settings":{"template":"highway","default_image_id":0,"font":"","enabled":false},"version":2},"jetpack_post_was_ever_published":false},"categories":[],"tags":[],"class_list":["post-73504","post","type-post","status-publish","format-standard"],"jetpack_publicize_connections":[],"jetpack-related-posts":[],"jetpack_shortlink":"https:\/\/wp.me\/p7Eq1F-j7y","jetpack_sharing_enabled":true,"jetpack_featured_media_url":"","_links":{"self":[{"href":"https:\/\/guialimeira.com.br\/news\/wp-json\/wp\/v2\/posts\/73504","targetHints":{"allow":["GET"]}}],"collection":[{"href":"https:\/\/guialimeira.com.br\/news\/wp-json\/wp\/v2\/posts"}],"about":[{"href":"https:\/\/guialimeira.com.br\/news\/wp-json\/wp\/v2\/types\/post"}],"author":[{"embeddable":true,"href":"https:\/\/guialimeira.com.br\/news\/wp-json\/wp\/v2\/users\/5"}],"replies":[{"embeddable":true,"href":"https:\/\/guialimeira.com.br\/news\/wp-json\/wp\/v2\/comments?post=73504"}],"version-history":[{"count":0,"href":"https:\/\/guialimeira.com.br\/news\/wp-json\/wp\/v2\/posts\/73504\/revisions"}],"wp:attachment":[{"href":"https:\/\/guialimeira.com.br\/news\/wp-json\/wp\/v2\/media?parent=73504"}],"wp:term":[{"taxonomy":"category","embeddable":true,"href":"https:\/\/guialimeira.com.br\/news\/wp-json\/wp\/v2\/categories?post=73504"},{"taxonomy":"post_tag","embeddable":true,"href":"https:\/\/guialimeira.com.br\/news\/wp-json\/wp\/v2\/tags?post=73504"}],"curies":[{"name":"wp","href":"https:\/\/api.w.org\/{rel}","templated":true}]}}