{"id":73503,"date":"2026-07-31T16:04:36","date_gmt":"2026-07-31T19:04:36","guid":{"rendered":"https:\/\/guialimeira.com.br\/viih-tube-se-manifesta-sobre-acordo-com-o-mpt-e-admite-falhas-em-reality-show\/"},"modified":"2026-07-31T16:04:36","modified_gmt":"2026-07-31T19:04:36","slug":"viih-tube-se-manifesta-sobre-acordo-com-o-mpt-e-admite-falhas-em-reality-show","status":"publish","type":"post","link":"https:\/\/guialimeira.com.br\/news\/viih-tube-se-manifesta-sobre-acordo-com-o-mpt-e-admite-falhas-em-reality-show\/","title":{"rendered":"Viih Tube se manifesta sobre acordo com o MPT e admite falhas em reality show"},"content":{"rendered":"<p>Influenciadora pediu desculpas ao p\u00fablico ap\u00f3s o encerramento do caso envolvendo o programa &#8220;A Patroa&#8221;<\/p>\n<p>Viih Tube usou as redes sociais para comentar o acordo firmado com o Minist\u00e9rio P\u00fablico do Trabalho (MPT) relacionado ao reality show &#8220;A Patroa&#8221;. Em seu pronunciamento, a influenciadora reconheceu os problemas apontados na produ\u00e7\u00e3o, pediu desculpas e afirmou que pretende levar os aprendizados da experi\u00eancia para os pr\u00f3ximos projetos.<\/p>\n<p>A manifesta\u00e7\u00e3o ocorreu ap\u00f3s a conclus\u00e3o do acordo firmado por ela e pelo marido, Eliezer. Como parte do entendimento, o casal aceitou o pagamento de R$ 350 mil por danos morais coletivos em raz\u00e3o das irregularidades identificadas durante a realiza\u00e7\u00e3o do programa.<\/p>\n<p>Ao falar sobre o assunto, Viih Tube disse que entende a repercuss\u00e3o do caso e ressaltou a import\u00e2ncia de assumir a responsabilidade pelos acontecimentos. Segundo a influenciadora, reconhecer os erros \u00e9 um passo necess\u00e1rio para seguir em frente de forma mais consciente.<\/p>\n<p>Ela tamb\u00e9m destacou que o epis\u00f3dio trouxe reflex\u00f5es sobre a condu\u00e7\u00e3o de projetos envolvendo outras pessoas e refor\u00e7ou o compromisso de agir com mais aten\u00e7\u00e3o em futuras produ\u00e7\u00f5es.<\/p>\n<p>O caso ganhou grande repercuss\u00e3o nas redes sociais e entre os f\u00e3s do casal. Com o pronunciamento, Viih Tube encerrou o sil\u00eancio sobre o assunto e afirmou que espera transformar a experi\u00eancia em aprendizado, refor\u00e7ando o pedido de desculpas a todos os envolvidos.<\/p>\n<p><\/p>\n","protected":false},"excerpt":{"rendered":"<p>Influenciadora pediu desculpas ao p\u00fablico ap\u00f3s o encerramento do caso envolvendo o programa \u201cA Patroa\u201d Viih Tube usou as redes sociais para comentar o acordo firmado com o Minist\u00e9rio P\u00fablico do Trabalho (MPT) relacionado ao reality show \u201cA Patroa\u201d. Em seu pronunciamento, a influenciadora reconheceu os problemas apontados na produ\u00e7\u00e3o, pediu desculpas e afirmou que [\u2026]<\/p>\n","protected":false},"author":5,"featured_media":0,"comment_status":"","ping_status":"open","sticky":false,"template":"","format":"standard","meta":{"_jetpack_newsletter_access":"","_jetpack_dont_email_post_to_subs":false,"_jetpack_newsletter_tier_id":0,"_jetpack_memberships_contains_paywalled_content":false,"_mbp_banners":[],"_jetpack_feature_clip_id":0,"_jetpack_memberships_contains_paid_content":false,"footnotes":"","jetpack_publicize_message":"","jetpack_publicize_feature_enabled":true,"jetpack_social_post_already_shared":true,"jetpack_social_options":{"image_generator_settings":{"template":"highway","default_image_id":0,"font":"","enabled":false},"version":2},"jetpack_post_was_ever_published":false},"categories":[],"tags":[],"class_list":["post-73503","post","type-post","status-publish","format-standard"],"jetpack_publicize_connections":[],"jetpack-related-posts":[],"jetpack_shortlink":"https:\/\/wp.me\/p7Eq1F-j7x","jetpack_sharing_enabled":true,"jetpack_featured_media_url":"","_links":{"self":[{"href":"https:\/\/guialimeira.com.br\/news\/wp-json\/wp\/v2\/posts\/73503","targetHints":{"allow":["GET"]}}],"collection":[{"href":"https:\/\/guialimeira.com.br\/news\/wp-json\/wp\/v2\/posts"}],"about":[{"href":"https:\/\/guialimeira.com.br\/news\/wp-json\/wp\/v2\/types\/post"}],"author":[{"embeddable":true,"href":"https:\/\/guialimeira.com.br\/news\/wp-json\/wp\/v2\/users\/5"}],"replies":[{"embeddable":true,"href":"https:\/\/guialimeira.com.br\/news\/wp-json\/wp\/v2\/comments?post=73503"}],"version-history":[{"count":0,"href":"https:\/\/guialimeira.com.br\/news\/wp-json\/wp\/v2\/posts\/73503\/revisions"}],"wp:attachment":[{"href":"https:\/\/guialimeira.com.br\/news\/wp-json\/wp\/v2\/media?parent=73503"}],"wp:term":[{"taxonomy":"category","embeddable":true,"href":"https:\/\/guialimeira.com.br\/news\/wp-json\/wp\/v2\/categories?post=73503"},{"taxonomy":"post_tag","embeddable":true,"href":"https:\/\/guialimeira.com.br\/news\/wp-json\/wp\/v2\/tags?post=73503"}],"curies":[{"name":"wp","href":"https:\/\/api.w.org\/{rel}","templated":true}]}}