{"id":73502,"date":"2026-07-31T16:01:04","date_gmt":"2026-07-31T19:01:04","guid":{"rendered":"https:\/\/guialimeira.com.br\/karoline-lima-diz-que-escolheu-viver-pedido-de-casamento-de-forma-reservada\/"},"modified":"2026-07-31T16:01:04","modified_gmt":"2026-07-31T19:01:04","slug":"karoline-lima-diz-que-escolheu-viver-pedido-de-casamento-de-forma-reservada","status":"publish","type":"post","link":"https:\/\/guialimeira.com.br\/news\/karoline-lima-diz-que-escolheu-viver-pedido-de-casamento-de-forma-reservada\/","title":{"rendered":"Karoline Lima diz que escolheu viver pedido de casamento de forma reservada"},"content":{"rendered":"<p>Influenciadora afirmou que o momento com L\u00e9o Pereira aconteceu sem registros e refor\u00e7ou o desejo de preservar parte da vida pessoal<\/p>\n<p>Karoline Lima explicou aos seguidores por que o pedido de casamento feito por L\u00e9o Pereira n\u00e3o foi compartilhado nas redes sociais. A influenciadora contou que a ocasi\u00e3o aconteceu de maneira totalmente reservada e que fez quest\u00e3o de aproveitar cada instante apenas ao lado do jogador.<\/p>\n<p>Segundo ela, a decis\u00e3o de n\u00e3o registrar o momento foi tomada para que a experi\u00eancia fosse vivida sem interfer\u00eancias externas. Karoline revelou que n\u00e3o havia convidados, equipe de filmagem ou qualquer produ\u00e7\u00e3o especial, apenas o casal celebrando um momento importante da rela\u00e7\u00e3o.<\/p>\n<p>A influenciadora afirmou que pretende preservar mais epis\u00f3dios marcantes da vida a dois. Embora continue dividindo parte da rotina com os seguidores, ela explicou que algumas lembran\u00e7as ter\u00e3o um significado ainda maior se permanecerem apenas entre ela e o noivo.<\/p>\n<p>O relacionamento de Karoline e L\u00e9o Pereira costuma movimentar as redes sociais, mas, desta vez, a influenciadora preferiu manter a discri\u00e7\u00e3o. A escolha chamou a aten\u00e7\u00e3o dos f\u00e3s, que questionaram a aus\u00eancia de imagens do pedido de casamento.<\/p>\n<p>Ao comentar o assunto, Karoline destacou que a decis\u00e3o representa uma mudan\u00e7a na forma como pretende lidar com sua vida pessoal. Para ela, preservar determinados momentos \u00e9 uma maneira de fortalecer a intimidade do casal e viver experi\u00eancias importantes longe dos holofotes.<\/p>\n<p><\/p>\n","protected":false},"excerpt":{"rendered":"<p>Influenciadora afirmou que o momento com L\u00e9o Pereira aconteceu sem registros e refor\u00e7ou o desejo de preservar parte da vida pessoal Karoline Lima explicou aos seguidores por que o pedido de casamento feito por L\u00e9o Pereira n\u00e3o foi compartilhado nas redes sociais. A influenciadora contou que a ocasi\u00e3o aconteceu de maneira totalmente reservada e que [\u2026]<\/p>\n","protected":false},"author":5,"featured_media":0,"comment_status":"","ping_status":"open","sticky":false,"template":"","format":"standard","meta":{"_jetpack_newsletter_access":"","_jetpack_dont_email_post_to_subs":false,"_jetpack_newsletter_tier_id":0,"_jetpack_memberships_contains_paywalled_content":false,"_mbp_banners":[],"_jetpack_feature_clip_id":0,"_jetpack_memberships_contains_paid_content":false,"footnotes":"","jetpack_publicize_message":"","jetpack_publicize_feature_enabled":true,"jetpack_social_post_already_shared":true,"jetpack_social_options":{"image_generator_settings":{"template":"highway","default_image_id":0,"font":"","enabled":false},"version":2},"jetpack_post_was_ever_published":false},"categories":[],"tags":[],"class_list":["post-73502","post","type-post","status-publish","format-standard"],"jetpack_publicize_connections":[],"jetpack-related-posts":[],"jetpack_shortlink":"https:\/\/wp.me\/p7Eq1F-j7w","jetpack_sharing_enabled":true,"jetpack_featured_media_url":"","_links":{"self":[{"href":"https:\/\/guialimeira.com.br\/news\/wp-json\/wp\/v2\/posts\/73502","targetHints":{"allow":["GET"]}}],"collection":[{"href":"https:\/\/guialimeira.com.br\/news\/wp-json\/wp\/v2\/posts"}],"about":[{"href":"https:\/\/guialimeira.com.br\/news\/wp-json\/wp\/v2\/types\/post"}],"author":[{"embeddable":true,"href":"https:\/\/guialimeira.com.br\/news\/wp-json\/wp\/v2\/users\/5"}],"replies":[{"embeddable":true,"href":"https:\/\/guialimeira.com.br\/news\/wp-json\/wp\/v2\/comments?post=73502"}],"version-history":[{"count":0,"href":"https:\/\/guialimeira.com.br\/news\/wp-json\/wp\/v2\/posts\/73502\/revisions"}],"wp:attachment":[{"href":"https:\/\/guialimeira.com.br\/news\/wp-json\/wp\/v2\/media?parent=73502"}],"wp:term":[{"taxonomy":"category","embeddable":true,"href":"https:\/\/guialimeira.com.br\/news\/wp-json\/wp\/v2\/categories?post=73502"},{"taxonomy":"post_tag","embeddable":true,"href":"https:\/\/guialimeira.com.br\/news\/wp-json\/wp\/v2\/tags?post=73502"}],"curies":[{"name":"wp","href":"https:\/\/api.w.org\/{rel}","templated":true}]}}