{"id":7349,"date":"2024-06-03T23:12:49","date_gmt":"2024-06-04T02:12:49","guid":{"rendered":"https:\/\/guialimeira.com.br\/2024\/06\/03\/atracao-musical-e-destaque-da-feira-livre-noturna-amanha-e-quinta-6\/"},"modified":"2024-06-03T23:12:49","modified_gmt":"2024-06-04T02:12:49","slug":"atracao-musical-e-destaque-da-feira-livre-noturna-amanha-e-quinta-6","status":"publish","type":"post","link":"https:\/\/guialimeira.com.br\/news\/atracao-musical-e-destaque-da-feira-livre-noturna-amanha-e-quinta-6\/","title":{"rendered":"Atra\u00e7\u00e3o musical \u00e9 destaque da Feira Livre Noturna\u00a0amanh\u00e3 e quinta (6)"},"content":{"rendered":"<p> <br \/>\n<\/p>\n<div>\n            <main class=\"\">&#13;<br \/>\n                &#13;<br \/>\n&#13;<br \/>\n&#13;<br \/>\n&#13;<br \/>\n    <img data-recalc-dims=\"1\" decoding=\"async\" src=\"https:\/\/i0.wp.com\/ecrie.com.br\/sistema\/conteudos\/imagem\/m_137_0_1_03062024151655.jpg?w=696&#038;ssl=1\" alt=\"Atra\u00e7\u00e3o musical \u00e9 destaque da Feira Livre Noturna\u00a0amanh\u00e3 e quinta (6)\"\/>&#13;<br \/>\n&#13;<\/p>\n<p>A primeira semana de junho come\u00e7a com duas novas edi\u00e7\u00f5es da Feira Livre Noturna. Amanh\u00e3 (4),\u00a0a feira ocorre no Parque Cidade,\u00a0e na quinta (6), no estacionamento em frente ao\u00a0Est\u00e1dio do Limeir\u00e3o. O hor\u00e1rio de funcionamento \u00e9 das 17h \u00e0s 22h.\u00a0Em ambos os dias, haver\u00e1 atra\u00e7\u00e3o musical ao vivo, com o multi-instrumentista\u00a0Dalba Mofatto.<\/p>\n<p>&#13;<\/p>\n<p>Nas 40 barracas, os consumidores ter\u00e3o acesso a produtos frescos e de qualidade, como legumes, verduras e frutas, al\u00e9m de alimentos prontos, como espetinhos, pizzas, lanches, derivados de milho, doces, entre outras op\u00e7\u00f5es. Tamb\u00e9m ser\u00e3o comercializadas roupas, bijuterias e brinquedos.\u00a0<\/p>\n<p>&#13;<\/p>\n<p>A\u00a0iniciativa \u00e9 da Prefeitura de Limeira, por meio da Secretaria de Meio Ambiente e Agricultura, em parceria com a Associa\u00e7\u00e3o dos Feirantes (Asfel).<\/p>\n<p>&#13;<br \/>\n&#13;<br \/>\n&#13;<br \/>\n&#13;<\/p>\n<aside class=\"list-related no-print\">&#13;<br \/>\n        &#13;<br \/>\n&#13;<\/p>\n<article class=\"list-item noticias \">&#13;<br \/>\n                    <a class=\"list-item__img\" href=\"https:\/\/limeira.sp.gov.br\/imprensa\/noticias\/meio-ambiente-e-agricultura\/abertas-inscricoes-para-curso-de-poda\" tabindex=\"-1\" aria-hidden=\"true\" rel=\"noopener\">&#13;<br \/>\n                        <img data-recalc-dims=\"1\" decoding=\"async\" src=\"https:\/\/i0.wp.com\/ecrie.com.br\/sistema\/conteudos\/imagem\/m_137_0_1_15052024113213.jpeg?w=696&#038;ssl=1\" alt=\"Abertas inscri\u00e7\u00f5es para curso de poda\"\/>&#13;<br \/>\n                    <\/a>&#13;<br \/>\n&#13;<br \/>\n                &#13;<br \/>\n            <\/article>\n<p>&#13;<\/p>\n<article class=\"list-item noticias \">&#13;<br \/>\n                    <a class=\"list-item__img\" href=\"https:\/\/limeira.sp.gov.br\/imprensa\/noticias\/meio-ambiente-e-agricultura\/mes-do-meio-ambiente-2024-tera-conscientizacao-sobre-sustentabilidade\" tabindex=\"-1\" aria-hidden=\"true\" rel=\"noopener\">&#13;<br \/>\n                        <img data-recalc-dims=\"1\" decoding=\"async\" src=\"https:\/\/i0.wp.com\/ecrie.com.br\/sistema\/conteudos\/imagem\/m_137_0_1_27052024170307.jpeg?w=696&#038;ssl=1\" alt=\"M\u00eas do Meio Ambiente 2024 ter\u00e1 conscientiza\u00e7\u00e3o sobre sustentabilidade\"\/>&#13;<br \/>\n                    <\/a>&#13;<br \/>\n&#13;<br \/>\n                &#13;<br \/>\n            <\/article>\n<p>&#13;<\/p>\n<article class=\"list-item noticias \">&#13;<br \/>\n                    <a class=\"list-item__img\" href=\"https:\/\/limeira.sp.gov.br\/imprensa\/noticias\/meio-ambiente-e-agricultura\/bem-estar-animal-realiza-180-atendimentos-no-jd-do-lago-e-agora-vai-para-o-parque-cidade\" tabindex=\"-1\" aria-hidden=\"true\" rel=\"noopener\">&#13;<br \/>\n                        <img data-recalc-dims=\"1\" decoding=\"async\" src=\"https:\/\/i0.wp.com\/ecrie.com.br\/sistema\/conteudos\/imagem\/m_137_0_1_25082023143256.jpeg?w=696&#038;ssl=1\" alt=\"Bem-Estar Animal realiza 180 atendimentos no Jd. do Lago e agora vai para o Parque Cidade\"\/>&#13;<br \/>\n                    <\/a>&#13;<br \/>\n&#13;<br \/>\n                &#13;<br \/>\n            <\/article>\n<p>&#13;<br \/>\n    <\/aside>\n<p>&#13;<br \/>\n&#13;<br \/>\n            <\/main><\/p><\/div>\n<p><br \/>\n<br \/><a href=\"https:\/\/limeira.sp.gov.br\/atracao-musical-e-destaque-da-feira-livre-noturnaamanha-e-quinta-6\" rel=\"noopener\">Informa\u00e7\u00f5es da PML <\/a><\/p>\n","protected":false},"excerpt":{"rendered":"<p>&#13; &#13; &#13; &#13; &#13; &#13; &#13; A primeira semana de junho come\u00e7a com duas novas edi\u00e7\u00f5es da Feira Livre Noturna. Amanh\u00e3 (4),\u00a0a feira ocorre no Parque Cidade,\u00a0e na quinta (6), no estacionamento em frente ao\u00a0Est\u00e1dio do Limeir\u00e3o. O hor\u00e1rio de funcionamento \u00e9 das 17h \u00e0s 22h.\u00a0Em ambos os dias, haver\u00e1 atra\u00e7\u00e3o musical ao vivo, [&hellip;]<\/p>\n","protected":false},"author":1,"featured_media":7350,"comment_status":"open","ping_status":"open","sticky":false,"template":"","format":"standard","meta":{"_jetpack_newsletter_access":"","_jetpack_dont_email_post_to_subs":false,"_jetpack_newsletter_tier_id":0,"_jetpack_memberships_contains_paywalled_content":false,"_mbp_banners":[],"_jetpack_feature_clip_id":0,"_jetpack_memberships_contains_paid_content":false,"footnotes":"","jetpack_publicize_message":"","jetpack_publicize_feature_enabled":true,"jetpack_social_post_already_shared":true,"jetpack_social_options":{"image_generator_settings":{"template":"highway","default_image_id":0,"font":"","enabled":false},"version":2},"jetpack_post_was_ever_published":false},"categories":[16],"tags":[],"class_list":["post-7349","post","type-post","status-publish","format-standard","has-post-thumbnail","category-local"],"jetpack_publicize_connections":[],"jetpack-related-posts":[],"jetpack_shortlink":"https:\/\/wp.me\/p7Eq1F-1Ux","jetpack_sharing_enabled":true,"jetpack_featured_media_url":"https:\/\/i0.wp.com\/guialimeira.com.br\/news\/wp-content\/uploads\/2024\/06\/m_137_0_1_03062024151655.jpg?fit=900%2C567&ssl=1","_links":{"self":[{"href":"https:\/\/guialimeira.com.br\/news\/wp-json\/wp\/v2\/posts\/7349","targetHints":{"allow":["GET"]}}],"collection":[{"href":"https:\/\/guialimeira.com.br\/news\/wp-json\/wp\/v2\/posts"}],"about":[{"href":"https:\/\/guialimeira.com.br\/news\/wp-json\/wp\/v2\/types\/post"}],"author":[{"embeddable":true,"href":"https:\/\/guialimeira.com.br\/news\/wp-json\/wp\/v2\/users\/1"}],"replies":[{"embeddable":true,"href":"https:\/\/guialimeira.com.br\/news\/wp-json\/wp\/v2\/comments?post=7349"}],"version-history":[{"count":0,"href":"https:\/\/guialimeira.com.br\/news\/wp-json\/wp\/v2\/posts\/7349\/revisions"}],"wp:featuredmedia":[{"embeddable":true,"href":"https:\/\/guialimeira.com.br\/news\/wp-json\/wp\/v2\/media\/7350"}],"wp:attachment":[{"href":"https:\/\/guialimeira.com.br\/news\/wp-json\/wp\/v2\/media?parent=7349"}],"wp:term":[{"taxonomy":"category","embeddable":true,"href":"https:\/\/guialimeira.com.br\/news\/wp-json\/wp\/v2\/categories?post=7349"},{"taxonomy":"post_tag","embeddable":true,"href":"https:\/\/guialimeira.com.br\/news\/wp-json\/wp\/v2\/tags?post=7349"}],"curies":[{"name":"wp","href":"https:\/\/api.w.org\/{rel}","templated":true}]}}