{"id":7346,"date":"2024-06-03T23:08:48","date_gmt":"2024-06-04T02:08:48","guid":{"rendered":"https:\/\/guialimeira.com.br\/2024\/06\/03\/conheca-onde-estao-os-pontos-do-programa\/"},"modified":"2024-06-03T23:08:48","modified_gmt":"2024-06-04T02:08:48","slug":"conheca-onde-estao-os-pontos-do-programa","status":"publish","type":"post","link":"https:\/\/guialimeira.com.br\/news\/conheca-onde-estao-os-pontos-do-programa\/","title":{"rendered":"conhe\u00e7a onde est\u00e3o os pontos do programa"},"content":{"rendered":"<p> <br \/>\n<\/p>\n<div id=\"\">&#13;<br \/>\n                                <!-- Title -->&#13;<br \/>\n                                &#13;<br \/>\n&#13;<br \/>\n                                <!-- Excerpt -->&#13;<\/p>\n<p class=\"excerpt\">O programa do Governo de S\u00e3o Paulo promove o bem-estar e a sa\u00fade dos animais dom\u00e9sticos com atendimento gratuito em todo o estado<\/p>\n<p>&#13;<br \/>\n&#13;<br \/>\n                                &#13;\n                            <\/p><\/div>\n<div id=\"\">&#13;<\/p>\n<figure id=\"attachment_5895654\" style=\"width: 100%;max-width: 739px\" class=\"wp-caption alignnone caption-hide\"><img data-recalc-dims=\"1\" decoding=\"async\" loading=\"lazy\" class=\"wp-image-5895654\" src=\"https:\/\/i0.wp.com\/www.saopaulo.sp.gov.br\/wp-content\/uploads\/2024\/06\/WhatsApp-Image-2024-05-29-at-16.52.37-300x225.jpeg?resize=696%2C522&#038;ssl=1\" alt=\"\" width=\"696\" height=\"522\" srcset=\"https:\/\/www.saopaulo.sp.gov.br\/wp-content\/uploads\/2024\/06\/WhatsApp-Image-2024-05-29-at-16.52.37-300x225.jpeg 300w, https:\/\/www.saopaulo.sp.gov.br\/wp-content\/uploads\/2024\/06\/WhatsApp-Image-2024-05-29-at-16.52.37-1024x768.jpeg 1024w, https:\/\/www.saopaulo.sp.gov.br\/wp-content\/uploads\/2024\/06\/WhatsApp-Image-2024-05-29-at-16.52.37-768x576.jpeg 768w, https:\/\/www.saopaulo.sp.gov.br\/wp-content\/uploads\/2024\/06\/WhatsApp-Image-2024-05-29-at-16.52.37-1536x1152.jpeg 1536w, https:\/\/www.saopaulo.sp.gov.br\/wp-content\/uploads\/2024\/06\/WhatsApp-Image-2024-05-29-at-16.52.37.jpeg 1600w\" sizes=\"auto, (max-width: 739px) 100vw, 739px\"\/><figcaption class=\"wp-caption-text\">O programa tamb\u00e9m instalou 23 consult\u00f3rios veterin\u00e1rios em cont\u00eaineres<\/figcaption><\/figure>\n<p><span style=\"font-weight: 400;\">O Governo de S\u00e3o Paulo est\u00e1 expandindo o Programa Meu Pet, que oferece servi\u00e7os gratuitos voltados \u00e0 defesa e sa\u00fade dos animais dom\u00e9sticos. Na Semana do Meio Ambiente, o munic\u00edpio de Dois C\u00f3rregos, no interior de S\u00e3o Paulo, ganha uma nova unidade da iniciativa.<\/span><\/p>\n<p><span style=\"font-weight: 400;\">O Programa Meu Pet tem a participa\u00e7\u00e3o do Governo na constru\u00e7\u00e3o da sede e fornece equipamentos aos consult\u00f3rios e cl\u00ednicas. Ap\u00f3s a entrega, cada cidade gerencia o funcionamento das estruturas, delimitando carga hor\u00e1ria, atendimento e quais servi\u00e7os ser\u00e3o oferecidos.<\/span><\/p>\n<p><span style=\"font-weight: 400;\">O Programa Meu Pet realiza a constru\u00e7\u00e3o de cl\u00ednicas veterin\u00e1rias, abastecendo os espa\u00e7os para atendimentos de emerg\u00eancia, diagn\u00f3sticos, vacina\u00e7\u00e3o, castra\u00e7\u00e3o e cirurgias de c\u00e3es e gatos. Al\u00e9m de realizar o acompanhamento no processo de ado\u00e7\u00e3o, administra\u00e7\u00e3o de medicamentos, curativos e orienta\u00e7\u00e3o sobre os principais cuidados a serem tomados para manter a sa\u00fade dos animais.<\/span><\/p>\n<p><span style=\"font-weight: 400;\">As cl\u00ednicas nos munic\u00edpios de Ara\u00e7atuba e Votuporanga est\u00e3o em pleno funcionamento, oferecendo cuidados vitais para os animais da regi\u00e3o. Outras duas cl\u00ednicas est\u00e3o prontas e devem ser inauguradas em breve, em Ribeir\u00e3o Preto e Santa B\u00e1rbara D\u2019Oeste. Al\u00e9m disso, h\u00e1 uma cl\u00ednica em fase de constru\u00e7\u00e3o em Sorocaba, com previs\u00e3o de entrega para setembro deste ano.<\/span><\/p>\n<figure id=\"attachment_5895655\" style=\"width: 100%;max-width: 720px\" class=\"wp-caption alignnone caption-hide\"><img data-recalc-dims=\"1\" decoding=\"async\" loading=\"lazy\" class=\"wp-image-5895655 \" src=\"https:\/\/i0.wp.com\/www.saopaulo.sp.gov.br\/wp-content\/uploads\/2024\/06\/WhatsApp-Image-2024-05-29-at-16.54.35-e1717437581656-300x285.jpeg?resize=696%2C661&#038;ssl=1\" alt=\"\" width=\"696\" height=\"661\" srcset=\"https:\/\/www.saopaulo.sp.gov.br\/wp-content\/uploads\/2024\/06\/WhatsApp-Image-2024-05-29-at-16.54.35-e1717437581656-300x285.jpeg 300w, https:\/\/www.saopaulo.sp.gov.br\/wp-content\/uploads\/2024\/06\/WhatsApp-Image-2024-05-29-at-16.54.35-e1717437581656-768x730.jpeg 768w, https:\/\/www.saopaulo.sp.gov.br\/wp-content\/uploads\/2024\/06\/WhatsApp-Image-2024-05-29-at-16.54.35-e1717437581656.jpeg 960w\" sizes=\"auto, (max-width: 720px) 100vw, 720px\"\/><figcaption class=\"wp-caption-text\">O programa oferece in\u00fameros servi\u00e7os gratuitos<\/figcaption><\/figure>\n<p><span style=\"font-weight: 400;\">O programa tamb\u00e9m instalou 23 consult\u00f3rios veterin\u00e1rios em cont\u00eaineres nas cidades onde a iniciativa j\u00e1 est\u00e1 funcionando. O local \u00e9 equipado para consultas, vacina\u00e7\u00e3o e tratamentos ambulatoriais. Com uma estrutura de 60 m\u00b2, as unidades n\u00e3o realizam cirurgias, concentrando-se exclusivamente em oferecer cuidados preventivos e terap\u00eauticos aos animais de estima\u00e7\u00e3o<\/span><\/p>\n<p><b>Veja as 23 cidades onde as unidades do Programa Meu Pet foram entregues:\u00a0<\/b><\/p>\n<ul>\n<li><span style=\"font-weight: 400;\">Ara\u00e7ariguama<\/span><\/li>\n<li><span style=\"font-weight: 400;\">Areias\u00a0<\/span><\/li>\n<li><span style=\"font-weight: 400;\">Capela do Alto\u00a0<\/span><\/li>\n<li><span style=\"font-weight: 400;\">Casa Branca\u00a0<\/span><\/li>\n<li><span style=\"font-weight: 400;\">Holambra\u00a0<\/span><\/li>\n<li><span style=\"font-weight: 400;\">Ibat\u00e9<\/span><\/li>\n<li><span style=\"font-weight: 400;\">Igarapava<\/span><\/li>\n<li><span style=\"font-weight: 400;\">Iper\u00f3<\/span><\/li>\n<li><span style=\"font-weight: 400;\">Jarinu\u00a0<\/span><\/li>\n<li><span style=\"font-weight: 400;\">Monte Alto\u00a0<\/span><\/li>\n<li><span style=\"font-weight: 400;\">Nazar\u00e9 Paulista\u00a0<\/span><\/li>\n<li><span style=\"font-weight: 400;\">Pederneiras\u00a0<\/span><\/li>\n<li><span style=\"font-weight: 400;\">Pedreira\u00a0<\/span><\/li>\n<li><span style=\"font-weight: 400;\">Piracaia<\/span><\/li>\n<li><span style=\"font-weight: 400;\">Potim\u00a0<\/span><\/li>\n<li><span style=\"font-weight: 400;\">Promiss\u00e3o\u00a0<\/span><\/li>\n<li><span style=\"font-weight: 400;\">Santa Branca\u00a0<\/span><\/li>\n<li><span style=\"font-weight: 400;\">Santa Cruz das Palmeiras<\/span><\/li>\n<li><span style=\"font-weight: 400;\">S\u00e3o Pedro\u00a0<\/span><\/li>\n<li><span style=\"font-weight: 400;\">Serra Negra<\/span><\/li>\n<li><span style=\"font-weight: 400;\">Serrana\u00a0<\/span><\/li>\n<li><span style=\"font-weight: 400;\">Socorro\u00a0<\/span><\/li>\n<li><span style=\"font-weight: 400;\">Trememb\u00e9<\/span><\/li>\n<\/ul>\n<p>Siga o canal \u201cGoverno de S\u00e3o Paulo\u201d no WhatsApp:<br \/><a href=\"https:\/\/bit.ly\/govspnozap\" target=\"_blank\" rel=\"noopener noreferrer\">https:\/\/bit.ly\/govspnozap<\/a><\/p>\n<\/p><\/div>\n<p><br \/>\n<br \/><a href=\"https:\/\/www.saopaulo.sp.gov.br\/spnoticias\/ultimas-noticias\/servico-gratuito-para-pets-conheca-onde-estao-os-pontos-do-programa-do-governo-de-sp\/\" rel=\"noopener\">Informa\u00e7\u00f5es GOV.SP<\/a><\/p>\n","protected":false},"excerpt":{"rendered":"<p>&#13; &#13; &#13; &#13; &#13; O programa do Governo de S\u00e3o Paulo promove o bem-estar e a sa\u00fade dos animais dom\u00e9sticos com atendimento gratuito em todo o estado &#13; &#13; &#13; &#13; O programa tamb\u00e9m instalou 23 consult\u00f3rios veterin\u00e1rios em cont\u00eaineres O Governo de S\u00e3o Paulo est\u00e1 expandindo o Programa Meu Pet, que oferece servi\u00e7os [&hellip;]<\/p>\n","protected":false},"author":1,"featured_media":7347,"comment_status":"open","ping_status":"open","sticky":false,"template":"","format":"standard","meta":{"_jetpack_newsletter_access":"","_jetpack_dont_email_post_to_subs":false,"_jetpack_newsletter_tier_id":0,"_jetpack_memberships_contains_paywalled_content":false,"_mbp_banners":[],"_jetpack_feature_clip_id":0,"_jetpack_memberships_contains_paid_content":false,"footnotes":"","jetpack_publicize_message":"","jetpack_publicize_feature_enabled":true,"jetpack_social_post_already_shared":true,"jetpack_social_options":{"image_generator_settings":{"template":"highway","default_image_id":0,"font":"","enabled":false},"version":2},"jetpack_post_was_ever_published":false},"categories":[21],"tags":[],"class_list":["post-7346","post","type-post","status-publish","format-standard","has-post-thumbnail","category-sp-news"],"jetpack_publicize_connections":[],"jetpack-related-posts":[],"jetpack_shortlink":"https:\/\/wp.me\/p7Eq1F-1Uu","jetpack_sharing_enabled":true,"jetpack_featured_media_url":"https:\/\/i0.wp.com\/guialimeira.com.br\/news\/wp-content\/uploads\/2024\/06\/conheca-onde-estao-os-pontos-do-programa.jpeg?fit=300%2C225&ssl=1","_links":{"self":[{"href":"https:\/\/guialimeira.com.br\/news\/wp-json\/wp\/v2\/posts\/7346","targetHints":{"allow":["GET"]}}],"collection":[{"href":"https:\/\/guialimeira.com.br\/news\/wp-json\/wp\/v2\/posts"}],"about":[{"href":"https:\/\/guialimeira.com.br\/news\/wp-json\/wp\/v2\/types\/post"}],"author":[{"embeddable":true,"href":"https:\/\/guialimeira.com.br\/news\/wp-json\/wp\/v2\/users\/1"}],"replies":[{"embeddable":true,"href":"https:\/\/guialimeira.com.br\/news\/wp-json\/wp\/v2\/comments?post=7346"}],"version-history":[{"count":0,"href":"https:\/\/guialimeira.com.br\/news\/wp-json\/wp\/v2\/posts\/7346\/revisions"}],"wp:featuredmedia":[{"embeddable":true,"href":"https:\/\/guialimeira.com.br\/news\/wp-json\/wp\/v2\/media\/7347"}],"wp:attachment":[{"href":"https:\/\/guialimeira.com.br\/news\/wp-json\/wp\/v2\/media?parent=7346"}],"wp:term":[{"taxonomy":"category","embeddable":true,"href":"https:\/\/guialimeira.com.br\/news\/wp-json\/wp\/v2\/categories?post=7346"},{"taxonomy":"post_tag","embeddable":true,"href":"https:\/\/guialimeira.com.br\/news\/wp-json\/wp\/v2\/tags?post=7346"}],"curies":[{"name":"wp","href":"https:\/\/api.w.org\/{rel}","templated":true}]}}