{"id":7336,"date":"2024-06-03T22:07:51","date_gmt":"2024-06-04T01:07:51","guid":{"rendered":"https:\/\/guialimeira.com.br\/2024\/06\/03\/sao-jose-do-rio-preto-sera-nova-sede\/"},"modified":"2024-06-03T22:07:51","modified_gmt":"2024-06-04T01:07:51","slug":"sao-jose-do-rio-preto-sera-nova-sede","status":"publish","type":"post","link":"https:\/\/guialimeira.com.br\/news\/sao-jose-do-rio-preto-sera-nova-sede\/","title":{"rendered":"S\u00e3o Jos\u00e9 do Rio Preto ser\u00e1 nova sede"},"content":{"rendered":"<p> <br \/>\n<\/p>\n<div id=\"\">&#13;<br \/>\n                                <!-- Title -->&#13;<br \/>\n                                &#13;<br \/>\n&#13;<br \/>\n                                <!-- Excerpt -->&#13;<\/p>\n<p class=\"excerpt\">Secretaria de Esportes do Estado de S\u00e3o Paulo confirma altera\u00e7\u00e3o da sede; os jogos ocorrer\u00e3o em novembro<\/p>\n<p>&#13;<br \/>\n&#13;<br \/>\n                                &#13;\n                            <\/p><\/div>\n<div id=\"\">&#13;<\/p>\n<figure id=\"attachment_5895854\" style=\"width: 100%;max-width: 592px\" class=\"wp-caption alignnone\"><img data-recalc-dims=\"1\" decoding=\"async\" loading=\"lazy\" class=\" wp-image-5895854\" src=\"https:\/\/i0.wp.com\/www.saopaulo.sp.gov.br\/wp-content\/uploads\/2024\/06\/img-20240529-wa0031-500x334-1-300x200.jpg?resize=592%2C395&#038;ssl=1\" alt=\"\" width=\"592\" height=\"395\" srcset=\"https:\/\/www.saopaulo.sp.gov.br\/wp-content\/uploads\/2024\/06\/img-20240529-wa0031-500x334-1-300x200.jpg 300w, https:\/\/www.saopaulo.sp.gov.br\/wp-content\/uploads\/2024\/06\/img-20240529-wa0031-500x334-1.jpg 500w\" sizes=\"auto, (max-width: 592px) 100vw, 592px\"\/><figcaption class=\"wp-caption-text\">86\u00aa edi\u00e7\u00e3o dos Jogos Abertos do Interior<\/figcaption><\/figure>\n<p>A 86\u00aa edi\u00e7\u00e3o dos Jogos Abertos do Interior \u2018Hor\u00e1cio Baby Barioni\u2019 ser\u00e1 realizada na cidade de S\u00e3o Jos\u00e9 do Rio Preto, em novo calend\u00e1rio. Com a mudan\u00e7a confirmada na quarta-feira (29), as disputas n\u00e3o ser\u00e3o mais realizadas na cidade de Presidente Prudente.<\/p>\n<p>A altera\u00e7\u00e3o da sede foi necess\u00e1ria devido a quest\u00f5es ligadas ao calend\u00e1rio. Assim, ap\u00f3s estudos t\u00e9cnicos da pasta, a escolha de S\u00e3o Jos\u00e9 do Rio Preto como sede da disputa pelo segundo ano seguido foi a melhor alternativa para a realiza\u00e7\u00e3o dos Jogos Abertos.<\/p>\n<p>Para edi\u00e7\u00e3o de 2024, em Rio Preto, um novo formato de alojamento para os atletas est\u00e1 sendo definido para realiza\u00e7\u00e3o dos Jogos, sem prejudicar o calend\u00e1rio escolar do Estado e do Munic\u00edpio. A previs\u00e3o \u00e9 de que a competi\u00e7\u00e3o seja realiza\u00e7\u00e3o na segunda quinzena de novembro.<\/p>\n<p>No ano passado, os Jogos Abertos do Interior tamb\u00e9m foram disputados em S\u00e3o Jos\u00e9 do Rio Preto. Ao longo de 11 dias, a competi\u00e7\u00e3o reuniu 1.095 equipes e 7.003 atletas de 168 munic\u00edpios paulistas.<\/p>\n<p>Siga o canal \u201cGoverno de S\u00e3o Paulo\u201d no WhatsApp:<br \/><a href=\"https:\/\/bit.ly\/govspnozap\" target=\"_blank\" rel=\"noopener noreferrer\">https:\/\/bit.ly\/govspnozap<\/a><\/p>\n<\/p><\/div>\n<p><br \/>\n<br \/><a href=\"https:\/\/www.saopaulo.sp.gov.br\/spnoticias\/ultimas-noticias\/sao-jose-do-rio-preto-sera-nova-sede-dos-jogos-abertos-do-interior\/\" rel=\"noopener\">Informa\u00e7\u00f5es GOV.SP<\/a><\/p>\n","protected":false},"excerpt":{"rendered":"<p>&#13; &#13; &#13; &#13; &#13; Secretaria de Esportes do Estado de S\u00e3o Paulo confirma altera\u00e7\u00e3o da sede; os jogos ocorrer\u00e3o em novembro &#13; &#13; &#13; &#13; 86\u00aa edi\u00e7\u00e3o dos Jogos Abertos do Interior A 86\u00aa edi\u00e7\u00e3o dos Jogos Abertos do Interior \u2018Hor\u00e1cio Baby Barioni\u2019 ser\u00e1 realizada na cidade de S\u00e3o Jos\u00e9 do Rio Preto, em [&hellip;]<\/p>\n","protected":false},"author":1,"featured_media":7337,"comment_status":"open","ping_status":"open","sticky":false,"template":"","format":"standard","meta":{"_jetpack_newsletter_access":"","_jetpack_dont_email_post_to_subs":false,"_jetpack_newsletter_tier_id":0,"_jetpack_memberships_contains_paywalled_content":false,"_mbp_banners":[],"_jetpack_feature_clip_id":0,"_jetpack_memberships_contains_paid_content":false,"footnotes":"","jetpack_publicize_message":"","jetpack_publicize_feature_enabled":true,"jetpack_social_post_already_shared":true,"jetpack_social_options":{"image_generator_settings":{"template":"highway","default_image_id":0,"font":"","enabled":false},"version":2},"jetpack_post_was_ever_published":false},"categories":[21],"tags":[],"class_list":["post-7336","post","type-post","status-publish","format-standard","has-post-thumbnail","category-sp-news"],"jetpack_publicize_connections":[],"jetpack-related-posts":[],"jetpack_shortlink":"https:\/\/wp.me\/p7Eq1F-1Uk","jetpack_sharing_enabled":true,"jetpack_featured_media_url":"https:\/\/i0.wp.com\/guialimeira.com.br\/news\/wp-content\/uploads\/2024\/06\/Sao-Jose-do-Rio-Preto-sera-nova-sede.jpg?fit=300%2C200&ssl=1","_links":{"self":[{"href":"https:\/\/guialimeira.com.br\/news\/wp-json\/wp\/v2\/posts\/7336","targetHints":{"allow":["GET"]}}],"collection":[{"href":"https:\/\/guialimeira.com.br\/news\/wp-json\/wp\/v2\/posts"}],"about":[{"href":"https:\/\/guialimeira.com.br\/news\/wp-json\/wp\/v2\/types\/post"}],"author":[{"embeddable":true,"href":"https:\/\/guialimeira.com.br\/news\/wp-json\/wp\/v2\/users\/1"}],"replies":[{"embeddable":true,"href":"https:\/\/guialimeira.com.br\/news\/wp-json\/wp\/v2\/comments?post=7336"}],"version-history":[{"count":0,"href":"https:\/\/guialimeira.com.br\/news\/wp-json\/wp\/v2\/posts\/7336\/revisions"}],"wp:featuredmedia":[{"embeddable":true,"href":"https:\/\/guialimeira.com.br\/news\/wp-json\/wp\/v2\/media\/7337"}],"wp:attachment":[{"href":"https:\/\/guialimeira.com.br\/news\/wp-json\/wp\/v2\/media?parent=7336"}],"wp:term":[{"taxonomy":"category","embeddable":true,"href":"https:\/\/guialimeira.com.br\/news\/wp-json\/wp\/v2\/categories?post=7336"},{"taxonomy":"post_tag","embeddable":true,"href":"https:\/\/guialimeira.com.br\/news\/wp-json\/wp\/v2\/tags?post=7336"}],"curies":[{"name":"wp","href":"https:\/\/api.w.org\/{rel}","templated":true}]}}