{"id":7329,"date":"2024-06-03T21:45:35","date_gmt":"2024-06-04T00:45:35","guid":{"rendered":"https:\/\/guialimeira.com.br\/2024\/06\/03\/casos-de-bronquiolite-tem-alta-de-34-no-rio-de-janeiro\/"},"modified":"2024-06-03T21:45:35","modified_gmt":"2024-06-04T00:45:35","slug":"casos-de-bronquiolite-tem-alta-de-34-no-rio-de-janeiro","status":"publish","type":"post","link":"https:\/\/guialimeira.com.br\/news\/casos-de-bronquiolite-tem-alta-de-34-no-rio-de-janeiro\/","title":{"rendered":"Casos de bronquiolite t\u00eam alta de 34% no Rio de Janeiro"},"content":{"rendered":"<p> <br \/>\n<\/p>\n<div>\n<p>Os casos de bronquiolite subiram 34% no estado do Rio de Janeiro nas \u00faltimas duas semanas, atingindo principalmente os beb\u00eas de 1 m\u00eas a 2 anos de idade. O v\u00edrus sincicial respirat\u00f3rio (VSL) permanece como um dos principais agentes infecciosos, provocando o aumento de interna\u00e7\u00f5es na rede p\u00fablica do estado.<img data-recalc-dims=\"1\" decoding=\"async\" src=\"https:\/\/i0.wp.com\/agenciabrasil.ebc.com.br\/ebc.png?w=696&#038;ssl=1\" style=\"width:1px; height:1px; display:inline;\"\/><img data-recalc-dims=\"1\" decoding=\"async\" src=\"https:\/\/i0.wp.com\/agenciabrasil.ebc.com.br\/ebc.gif?w=696&#038;ssl=1\" style=\"width:1px; height:1px; display:inline;\"\/><\/p>\n<p>\u201cA bronquiolite \u00e9 uma condi\u00e7\u00e3o cl\u00ednica causada pela inflama\u00e7\u00e3o do bronqu\u00edolo terminal, respons\u00e1vel pela troca gasosa e pela oxigena\u00e7\u00e3o. Quanto menor for a crian\u00e7a, mais grave pode ser o quadro de bronquiolite. Isso porque uma via a\u00e9rea pequena pode ficar muito mais comprometida com secre\u00e7\u00e3o e inflama\u00e7\u00e3o. O que num adulto seria apenas um resfriado comum, pode causar s\u00e9rios danos a um beb\u00ea, especialmente nos menores de um ano\u201d, explica a pediatra da Secretaria de Estado de Sa\u00fade, Fernanda Fialho.<\/p>\n<p>A especialista alerta sobre os sinais que podem servir como alerta de agravamento da doen\u00e7a: prostra\u00e7\u00e3o extrema, recusa alimentar, dificuldade para mamar, al\u00e9m de dificuldade para respirar. \u201cCaso o beb\u00ea apresente qualquer um desses sintomas, \u00e9 hora de procurar uma emerg\u00eancia\u201d, explicou a pediatra.<\/p>\n<p>A bronquiolite pode ser causada por diversos agentes infecciosos, como o v\u00edrus sincicial respirat\u00f3rio (VSR), influenza, parainfluenza e adenov\u00edrus. O VSR \u00e9 o principal agente infeccioso da bronquiolite, mas ainda n\u00e3o h\u00e1 vacina dispon\u00edvel para crian\u00e7as. Entretanto, a imuniza\u00e7\u00e3o contra a Influenza e Covid-19 est\u00e1 dispon\u00edvel nos postos e impacta positivamente na conten\u00e7\u00e3o desses casos, que seguem aumentando nas unidades de sa\u00fade.<\/p>\n<p>A secretaria est\u00e1 promovendo uma s\u00e9rie de capacita\u00e7\u00f5es para profissionais de sa\u00fade que atuam nas emerg\u00eancias das unidades da rede estadual e para m\u00e9dicos dos 92 munic\u00edpios do estado que trabalham na Aten\u00e7\u00e3o Prim\u00e1ria.<\/p>\n<\/p><\/div>\n<p><br \/>\n<br \/><a href=\"https:\/\/agenciabrasil.ebc.com.br\/saude\/noticia\/2024-06\/casos-de-bronquiolite-tem-alta-de-34-no-rio-de-janeiro\" rel=\"noopener\">Ag\u00eancia Brasil <\/a><\/p>\n","protected":false},"excerpt":{"rendered":"<p>Os casos de bronquiolite subiram 34% no estado do Rio de Janeiro nas \u00faltimas duas semanas, atingindo principalmente os beb\u00eas de 1 m\u00eas a 2 anos de idade. O v\u00edrus sincicial respirat\u00f3rio (VSL) permanece como um dos principais agentes infecciosos, provocando o aumento de interna\u00e7\u00f5es na rede p\u00fablica do estado. \u201cA bronquiolite \u00e9 uma condi\u00e7\u00e3o [&hellip;]<\/p>\n","protected":false},"author":1,"featured_media":7330,"comment_status":"open","ping_status":"open","sticky":false,"template":"","format":"standard","meta":{"_jetpack_newsletter_access":"","_jetpack_dont_email_post_to_subs":false,"_jetpack_newsletter_tier_id":0,"_jetpack_memberships_contains_paywalled_content":false,"_mbp_banners":[],"_jetpack_feature_clip_id":0,"_jetpack_memberships_contains_paid_content":false,"footnotes":"","jetpack_publicize_message":"","jetpack_publicize_feature_enabled":true,"jetpack_social_post_already_shared":true,"jetpack_social_options":{"image_generator_settings":{"template":"highway","default_image_id":0,"font":"","enabled":false},"version":2},"jetpack_post_was_ever_published":false},"categories":[15],"tags":[],"class_list":["post-7329","post","type-post","status-publish","format-standard","has-post-thumbnail","category-saude"],"jetpack_publicize_connections":[],"jetpack-related-posts":[],"jetpack_shortlink":"https:\/\/wp.me\/p7Eq1F-1Ud","jetpack_sharing_enabled":true,"jetpack_featured_media_url":"https:\/\/i0.wp.com\/guialimeira.com.br\/news\/wp-content\/uploads\/2024\/06\/Bebes_Rede_Santa20Maria_131.jpg?fit=1600%2C800&ssl=1","_links":{"self":[{"href":"https:\/\/guialimeira.com.br\/news\/wp-json\/wp\/v2\/posts\/7329","targetHints":{"allow":["GET"]}}],"collection":[{"href":"https:\/\/guialimeira.com.br\/news\/wp-json\/wp\/v2\/posts"}],"about":[{"href":"https:\/\/guialimeira.com.br\/news\/wp-json\/wp\/v2\/types\/post"}],"author":[{"embeddable":true,"href":"https:\/\/guialimeira.com.br\/news\/wp-json\/wp\/v2\/users\/1"}],"replies":[{"embeddable":true,"href":"https:\/\/guialimeira.com.br\/news\/wp-json\/wp\/v2\/comments?post=7329"}],"version-history":[{"count":0,"href":"https:\/\/guialimeira.com.br\/news\/wp-json\/wp\/v2\/posts\/7329\/revisions"}],"wp:featuredmedia":[{"embeddable":true,"href":"https:\/\/guialimeira.com.br\/news\/wp-json\/wp\/v2\/media\/7330"}],"wp:attachment":[{"href":"https:\/\/guialimeira.com.br\/news\/wp-json\/wp\/v2\/media?parent=7329"}],"wp:term":[{"taxonomy":"category","embeddable":true,"href":"https:\/\/guialimeira.com.br\/news\/wp-json\/wp\/v2\/categories?post=7329"},{"taxonomy":"post_tag","embeddable":true,"href":"https:\/\/guialimeira.com.br\/news\/wp-json\/wp\/v2\/tags?post=7329"}],"curies":[{"name":"wp","href":"https:\/\/api.w.org\/{rel}","templated":true}]}}