{"id":73284,"date":"2026-07-29T03:42:03","date_gmt":"2026-07-29T06:42:03","guid":{"rendered":"https:\/\/guialimeira.com.br\/porto-ferreira-abre-a-51a-feife-em-grande-estilo-com-rodeio-autoridades-apresentacao-da-corte-do-rei-rainha-do-rodeio-e-miss-mister-porto-ferreira-seguido-de-show-de-luan-pereira\/"},"modified":"2026-07-29T03:42:03","modified_gmt":"2026-07-29T06:42:03","slug":"porto-ferreira-abre-a-51a-feife-em-grande-estilo-com-rodeio-autoridades-apresentacao-da-corte-do-rei-rainha-do-rodeio-e-miss-mister-porto-ferreira-seguido-de-show-de-luan-pereira","status":"publish","type":"post","link":"https:\/\/guialimeira.com.br\/news\/porto-ferreira-abre-a-51a-feife-em-grande-estilo-com-rodeio-autoridades-apresentacao-da-corte-do-rei-rainha-do-rodeio-e-miss-mister-porto-ferreira-seguido-de-show-de-luan-pereira\/","title":{"rendered":"Porto Ferreira abre a 51\u00aa FEIFE em grande estilo com rodeio, autoridades, apresenta\u00e7\u00e3o da corte do Rei &#038; Rainha do Rodeio e Miss &#038; Mister Porto Ferreira seguido de show de Luan Pereira"},"content":{"rendered":"<p>A contagem regressiva chegou ao fim e a <strong>51\u00aa FEIFE \u2013 Feira Empresarial e Industrial Ferreirense<\/strong> come\u00e7ou oficialmente na noite desta <strong>ter\u00e7a-feira (28)<\/strong>, transformando Porto Ferreira em um grande palco de tradi\u00e7\u00e3o, cultura e entretenimento. O evento, que celebra os <strong>130 anos de emancipa\u00e7\u00e3o pol\u00edtico-administrativa da cidade<\/strong>, abriu sua programa\u00e7\u00e3o com uma cerim\u00f4nia repleta de simbolismo, emo\u00e7\u00e3o e grande participa\u00e7\u00e3o popular.<\/p>\n<p>A solenidade marcou a abertura oficial do rodeio, um dos momentos mais aguardados da FEIFE. Antes das montarias, o p\u00fablico acompanhou homenagens e o tradicional desfile da Corte do Rodeio e dos representantes dos concursos oficiais de beleza do munic\u00edpio, que foram recebidos com muitos aplausos.<\/p>\n<p>Representando a Corte do Rodeio 2026 estiveram <strong>Isadora Trindade (Rainha do Rodeio)<\/strong>, <strong>Isa Am\u00e9rico (Rainha Juvenil)<\/strong>, <strong>Bella Ayumi (Mini Rainha)<\/strong>, <strong>Lucius Petroni (Rei do Rodeio)<\/strong>, <strong>Wesley dos Santos (Rei Juvenil)<\/strong>, <strong>Maicon dos Santos (Mini Rei)<\/strong>, <strong>Let\u00edcia Barbosa (Princesa)<\/strong>, <strong>L\u00edvia C\u00e2ndido (1\u00aa Mini Princesa)<\/strong>, <strong>Alice Nalhato (2\u00aa Mini Princesa)<\/strong> e <strong>Phillipe Falco Mondin<\/strong>, homenageado como Padrinho do Rodeio.<\/p>\n<p>Tamb\u00e9m participaram da cerim\u00f4nia <strong>Ana Paula Marrichi (Miss Porto Ferreira)<\/strong>, <strong>Eval\u00eddia Corato (Miss Porto Ferreira Juvenil)<\/strong>, <strong>Ariella Trevisan (Mini Miss Porto Ferreira)<\/strong>, <strong>William Marques (Mister Porto Ferreira)<\/strong> e <strong>Jefferson Kauan (Mister S\u00e3o Paulo 2026)<\/strong>, refor\u00e7ando a import\u00e2ncia dos concursos que valorizam a representatividade e a tradi\u00e7\u00e3o da cidade.<\/p>\n<p>A abertura oficial contou com a presen\u00e7a do <strong>prefeito Andr\u00e9 Braga<\/strong>, do <strong>deputado federal Celso Russomanno<\/strong>, al\u00e9m de autoridades municipais, lideran\u00e7as regionais e convidados especiais, que destacaram a relev\u00e2ncia da FEIFE para o desenvolvimento econ\u00f4mico, tur\u00edstico e cultural de Porto Ferreira.<\/p>\n<p>Quando as luzes da arena se voltaram para o palco principal, foi a vez de <strong>Luan Pereira<\/strong> comandar a festa. Um dos artistas mais populares da nova gera\u00e7\u00e3o da m\u00fasica sertaneja, o cantor fez um show eletrizante, reunindo milhares de pessoas que cantaram seus maiores sucessos do in\u00edcio ao fim. O p\u00fablico lotou o recinto e encerrou a primeira noite em clima de celebra\u00e7\u00e3o.<\/p>\n<p>A programa\u00e7\u00e3o da FEIFE continua nesta <strong>quarta-feira (29)<\/strong> com o humor irreverente de <strong>Tubinho<\/strong>, seguido pelo show de <strong>Danilo Vascai<\/strong> e apresenta\u00e7\u00f5es de outros artistas.<\/p>\n<p>A agenda segue com grandes atra\u00e7\u00f5es nacionais:<\/p>\n<ul class=\"wp-block-list\">\n<li><strong>30 de julho:<\/strong> Fernando &#038; Sorocaba;<\/li>\n<li><strong>31 de julho:<\/strong> Maria Cec\u00edlia &#038; Rodolfo;<\/li>\n<li><strong>1\u00ba de agosto:<\/strong> Jiraya Uai encerra a programa\u00e7\u00e3o musical da feira.<\/li>\n<p>\n<\/ul>\n<p>Al\u00e9m da programa\u00e7\u00e3o art\u00edstica e esportiva, a FEIFE refor\u00e7a seu compromisso social. A entrada \u00e9 <strong>solid\u00e1ria<\/strong>, mediante a doa\u00e7\u00e3o de <strong>1 quilo de alimento n\u00e3o perec\u00edvel<\/strong>, permitindo que toda a popula\u00e7\u00e3o participe da festa e, ao mesmo tempo, contribua para a\u00e7\u00f5es beneficentes no munic\u00edpio.<\/p>\n<p>Celebrando 130 anos de hist\u00f3ria, Porto Ferreira inicia mais uma edi\u00e7\u00e3o da FEIFE mostrando por que a feira se consolidou como um dos eventos mais tradicionais do interior paulista, reunindo fam\u00edlias, fortalecendo a economia local e preservando a cultura sertaneja que atravessa gera\u00e7\u00f5es.<\/p>\n<figure class=\"wp-block-image size-large\"><img data-recalc-dims=\"1\" height=\"392\" width=\"696\" decoding=\"async\" src=\"https:\/\/i0.wp.com\/mwoficial.com.br\/wp-content\/uploads\/2026\/07\/69ffaf52-1c2b-4d6b-ac68-d69993c6601c-1024x576.jpeg?resize=696%2C392&#038;ssl=1\" alt=\"\" class=\"wp-image-4365\"\/><\/figure>\n<figure class=\"wp-block-image size-large\"><img data-recalc-dims=\"1\" height=\"928\" width=\"696\" decoding=\"async\" data-attachment-id=\"4366\" data-permalink=\"https:\/\/guialimeira.com.br\/news\/vestibulinho-das-etecs-oferece-mais-de-41-mil-vagas-em-cursos-gratuitos\/vestibulinho-das-etecs-oferece-mais-de-41-mil-vagas-em\/\" data-orig-file=\"https:\/\/i0.wp.com\/guialimeira.com.br\/news\/wp-content\/uploads\/2024\/05\/Vestibulinho-das-Etecs-oferece-mais-de-41-mil-vagas-em.jpg?fit=300%2C200&amp;ssl=1\" data-orig-size=\"300,200\" data-comments-opened=\"1\" data-image-meta=\"{&quot;aperture&quot;:&quot;0&quot;,&quot;credit&quot;:&quot;&quot;,&quot;camera&quot;:&quot;&quot;,&quot;caption&quot;:&quot;&quot;,&quot;created_timestamp&quot;:&quot;0&quot;,&quot;copyright&quot;:&quot;&quot;,&quot;focal_length&quot;:&quot;0&quot;,&quot;iso&quot;:&quot;0&quot;,&quot;shutter_speed&quot;:&quot;0&quot;,&quot;title&quot;:&quot;&quot;,&quot;orientation&quot;:&quot;0&quot;}\" data-image-title=\"Vestibulinho das Etecs oferece mais de 41 mil vagas em\" data-image-description=\"\" data-image-caption=\"\" data-large-file=\"https:\/\/i0.wp.com\/guialimeira.com.br\/news\/wp-content\/uploads\/2024\/05\/Vestibulinho-das-Etecs-oferece-mais-de-41-mil-vagas-em.jpg?fit=300%2C200&amp;ssl=1\" src=\"https:\/\/i0.wp.com\/mwoficial.com.br\/wp-content\/uploads\/2026\/07\/36a68f1b-c0c0-49b9-82e6-e7c4600e39d8-768x1024.jpeg?resize=696%2C928&#038;ssl=1\" alt=\"\" class=\"wp-image-4366\"\/><\/figure>\n<\/p>\n<p><\/p>\n","protected":false},"excerpt":{"rendered":"<p>A contagem regressiva chegou ao fim e a 51\u00aa FEIFE \u2013 Feira Empresarial e Industrial Ferreirense come\u00e7ou oficialmente na noite desta ter\u00e7a-feira (28), transformando Porto Ferreira em um grande palco de tradi\u00e7\u00e3o, cultura e entretenimento. O evento, que celebra os 130 anos de emancipa\u00e7\u00e3o pol\u00edtico-administrativa da cidade, abriu sua programa\u00e7\u00e3o com uma cerim\u00f4nia repleta de [\u2026]<\/p>\n","protected":false},"author":5,"featured_media":0,"comment_status":"","ping_status":"open","sticky":false,"template":"","format":"standard","meta":{"_jetpack_newsletter_access":"","_jetpack_dont_email_post_to_subs":false,"_jetpack_newsletter_tier_id":0,"_jetpack_memberships_contains_paywalled_content":false,"_mbp_banners":[],"_jetpack_feature_clip_id":0,"_jetpack_memberships_contains_paid_content":false,"footnotes":"","jetpack_publicize_message":"","jetpack_publicize_feature_enabled":true,"jetpack_social_post_already_shared":true,"jetpack_social_options":{"image_generator_settings":{"template":"highway","default_image_id":0,"font":"","enabled":false},"version":2},"jetpack_post_was_ever_published":false},"categories":[],"tags":[],"class_list":["post-73284","post","type-post","status-publish","format-standard"],"jetpack_publicize_connections":[],"jetpack-related-posts":[],"jetpack_shortlink":"https:\/\/wp.me\/p7Eq1F-j40","jetpack_sharing_enabled":true,"jetpack_featured_media_url":"","_links":{"self":[{"href":"https:\/\/guialimeira.com.br\/news\/wp-json\/wp\/v2\/posts\/73284","targetHints":{"allow":["GET"]}}],"collection":[{"href":"https:\/\/guialimeira.com.br\/news\/wp-json\/wp\/v2\/posts"}],"about":[{"href":"https:\/\/guialimeira.com.br\/news\/wp-json\/wp\/v2\/types\/post"}],"author":[{"embeddable":true,"href":"https:\/\/guialimeira.com.br\/news\/wp-json\/wp\/v2\/users\/5"}],"replies":[{"embeddable":true,"href":"https:\/\/guialimeira.com.br\/news\/wp-json\/wp\/v2\/comments?post=73284"}],"version-history":[{"count":0,"href":"https:\/\/guialimeira.com.br\/news\/wp-json\/wp\/v2\/posts\/73284\/revisions"}],"wp:attachment":[{"href":"https:\/\/guialimeira.com.br\/news\/wp-json\/wp\/v2\/media?parent=73284"}],"wp:term":[{"taxonomy":"category","embeddable":true,"href":"https:\/\/guialimeira.com.br\/news\/wp-json\/wp\/v2\/categories?post=73284"},{"taxonomy":"post_tag","embeddable":true,"href":"https:\/\/guialimeira.com.br\/news\/wp-json\/wp\/v2\/tags?post=73284"}],"curies":[{"name":"wp","href":"https:\/\/api.w.org\/{rel}","templated":true}]}}