{"id":7328,"date":"2024-06-03T21:43:43","date_gmt":"2024-06-04T00:43:43","guid":{"rendered":"https:\/\/guialimeira.com.br\/2024\/06\/03\/vereadores-da-camara-de-limeira-aprovam-tres-projetos-em-sessao-ordinaria\/"},"modified":"2024-06-03T21:43:43","modified_gmt":"2024-06-04T00:43:43","slug":"vereadores-da-camara-de-limeira-aprovam-tres-projetos-em-sessao-ordinaria","status":"publish","type":"post","link":"https:\/\/guialimeira.com.br\/news\/vereadores-da-camara-de-limeira-aprovam-tres-projetos-em-sessao-ordinaria\/","title":{"rendered":"Vereadores da C\u00e2mara de Limeira aprovam tr\u00eas projetos em sess\u00e3o ordin\u00e1ria"},"content":{"rendered":"<p> <br \/>\n<\/p>\n<div>\n<p>Tr\u00eas projetos que estavam na pauta da <a href=\"http:\/\/consulta.limeira.sp.leg.br\/Sessoes\/Documento\/347419\" rel=\"noopener\">Ordem do Dia<\/a> foram aprovados na sess\u00e3o ordin\u00e1ria da C\u00e2mara Municipal de Limeira desta segunda-feira, 3 de junho. Todas as propostas s\u00e3o de autoria dos vereadores.\u00a0<\/p>\n<p>J\u00e1 no <a href=\"http:\/\/consulta.limeira.sp.leg.br\/Sessoes\/Documento\/347499\" rel=\"noopener\">Expediente<\/a>, parte da sess\u00e3o na qual s\u00e3o lidos todos os documentos protocolados no Legislativo, foram discutidos requerimentos e votadas mo\u00e7\u00f5es. Os trabalhos foram transmitidos ao vivo e o v\u00eddeo pode ser conferido na \u00edntegra neste <a href=\"https:\/\/youtu.be\/YnnhpBpuu6A?t=2407\" rel=\"noopener\">link<\/a>.<\/p>\n<p><strong>Relat\u00f3rio da CPI<\/strong><\/p>\n<p>Durante a sess\u00e3o tamb\u00e9m foi lido o relat\u00f3rio final da Comiss\u00e3o Parlamentar de Inqu\u00e9rito (CPI) que investigou a Prefeitura quanto aos servi\u00e7os prestados pela BRK Ambiental.\u00a0<\/p>\n<p>O documento pode ser acessado na \u00edntegra neste <a href=\"http:\/\/consulta.limeira.sp.leg.br\/Documentos\/Documento\/347371\" rel=\"noopener\">link<\/a>. C\u00f3pias ser\u00e3o encaminhadas ao Minist\u00e9rio P\u00fablico, Tribunal de Contas do Estado de S\u00e3o Paulo, ao presidente da C\u00e2mara Municipal de Limeira, Everton Ferreira (PSD), e ao prefeito Municipal de Limeira, Mario Botion (PSD).<\/p>\n<p>Confira como foi a vota\u00e7\u00e3o<\/p>\n<p><strong>Prejudicado por substitutivo &#8211;<\/strong> <a href=\"http:\/\/consulta.limeira.sp.leg.br\/Documentos\/Documento\/290651\" rel=\"noopener\">Projeto de Lei N\u00b0132\/2022<\/a>, do vereador Elias Barbosa (PRTB), altera o inciso IV, art. 2\u00b0, da <a href=\"http:\/\/legislacao.limeira.sp.leg.br\/Limeira-SP\/LeisOrdinarias\/5206-2013\" rel=\"noopener\">Lei Ordin\u00e1ria n\u00ba 5206\/2013<\/a>, que disp\u00f5e sobre a cria\u00e7\u00e3o do Programa \u201cCreche com Fila \u00danica\u201d na Rede Municipal de ensino p\u00fablico infantil.\u00a0<\/p>\n<p><strong>Aprovado &#8211; <\/strong><a href=\"http:\/\/consulta.limeira.sp.leg.br\/Documentos\/Documento\/324322\" rel=\"noopener\">Projeto de Lei N\u00b0 133\/2023<\/a>, da vereadora Mariana Calsa (MDB), altera o art. 1\u00ba, acrescenta os artigos 1\u00ba-A, 1\u00ba-B, 1\u00ba-C, 1\u00ba-D, 1\u00ba-E, 1\u00ba-F, 1\u00ba-G e 1\u00ba-H \u00e0 <a href=\"http:\/\/legislacao.limeira.sp.leg.br\/Limeira-SP\/LeisOrdinarias\/6314-2019\" rel=\"noopener\">Lei Ordin\u00e1ria N\u00ba 6.314\/2019<\/a>, disp\u00f5e sobre o pagamento da tarifa e da aquisi\u00e7\u00e3o de passes no sistema de bilhetagem por meio de cart\u00f5es de d\u00e9bito e\/ou cr\u00e9dito, inclusive por aproxima\u00e7\u00e3o, nos ve\u00edculos automotores de transporte coletivo das empresas de concession\u00e1rias de servi\u00e7o p\u00fablico.<\/p>\n<p><strong>Aprovado &#8211;<\/strong> <a href=\"http:\/\/consulta.limeira.sp.leg.br\/Documentos\/Documento\/341181\" rel=\"noopener\">Projeto de Lei N\u00b036\/2024<\/a>, do vereador Dr. J\u00falio (MDB), institui no Calend\u00e1rio Oficial do Munic\u00edpio o Dia Municipal do Cooperativismo.<\/p>\n<p><strong>Aprovado &#8211;<\/strong> <a href=\"http:\/\/consulta.limeira.sp.leg.br\/Documentos\/Documento\/345447\" rel=\"noopener\">Projeto de Lei N\u00b0 65\/2024<\/a>, do vereador Jos\u00e9 Farid Zaine (PL), inclui no Calend\u00e1rio Oficial de Eventos do Munic\u00edpio a Festa da Primavera do Cantinho do Vov\u00f4.<\/p>\n<\/p><\/div>\n<p><br \/>\n<br \/><a href=\"https:\/\/www.limeira.sp.leg.br\/noticias\/view\/2024-06-03_vereadores-da-camara-de-limeira-aprovam-tres-projetos-em-sessao-ordinaria\" rel=\"noopener\">Informa\u00e7\u00f5es CML<\/a><\/p>\n","protected":false},"excerpt":{"rendered":"<p>Tr\u00eas projetos que estavam na pauta da Ordem do Dia foram aprovados na sess\u00e3o ordin\u00e1ria da C\u00e2mara Municipal de Limeira desta segunda-feira, 3 de junho. Todas as propostas s\u00e3o de autoria dos vereadores.\u00a0 J\u00e1 no Expediente, parte da sess\u00e3o na qual s\u00e3o lidos todos os documentos protocolados no Legislativo, foram discutidos requerimentos e votadas mo\u00e7\u00f5es. [&hellip;]<\/p>\n","protected":false},"author":1,"featured_media":0,"comment_status":"open","ping_status":"open","sticky":false,"template":"","format":"standard","meta":{"_jetpack_newsletter_access":"","_jetpack_dont_email_post_to_subs":false,"_jetpack_newsletter_tier_id":0,"_jetpack_memberships_contains_paywalled_content":false,"_mbp_banners":[],"_jetpack_feature_clip_id":0,"_jetpack_memberships_contains_paid_content":false,"footnotes":"","jetpack_publicize_message":"","jetpack_publicize_feature_enabled":true,"jetpack_social_post_already_shared":true,"jetpack_social_options":{"image_generator_settings":{"template":"highway","default_image_id":0,"font":"","enabled":false},"version":2},"jetpack_post_was_ever_published":false},"categories":[19],"tags":[],"class_list":["post-7328","post","type-post","status-publish","format-standard","category-politica"],"jetpack_publicize_connections":[],"jetpack-related-posts":[],"jetpack_shortlink":"https:\/\/wp.me\/p7Eq1F-1Uc","jetpack_sharing_enabled":true,"jetpack_featured_media_url":"","_links":{"self":[{"href":"https:\/\/guialimeira.com.br\/news\/wp-json\/wp\/v2\/posts\/7328","targetHints":{"allow":["GET"]}}],"collection":[{"href":"https:\/\/guialimeira.com.br\/news\/wp-json\/wp\/v2\/posts"}],"about":[{"href":"https:\/\/guialimeira.com.br\/news\/wp-json\/wp\/v2\/types\/post"}],"author":[{"embeddable":true,"href":"https:\/\/guialimeira.com.br\/news\/wp-json\/wp\/v2\/users\/1"}],"replies":[{"embeddable":true,"href":"https:\/\/guialimeira.com.br\/news\/wp-json\/wp\/v2\/comments?post=7328"}],"version-history":[{"count":0,"href":"https:\/\/guialimeira.com.br\/news\/wp-json\/wp\/v2\/posts\/7328\/revisions"}],"wp:attachment":[{"href":"https:\/\/guialimeira.com.br\/news\/wp-json\/wp\/v2\/media?parent=7328"}],"wp:term":[{"taxonomy":"category","embeddable":true,"href":"https:\/\/guialimeira.com.br\/news\/wp-json\/wp\/v2\/categories?post=7328"},{"taxonomy":"post_tag","embeddable":true,"href":"https:\/\/guialimeira.com.br\/news\/wp-json\/wp\/v2\/tags?post=7328"}],"curies":[{"name":"wp","href":"https:\/\/api.w.org\/{rel}","templated":true}]}}