{"id":73219,"date":"2026-07-28T13:09:03","date_gmt":"2026-07-28T16:09:03","guid":{"rendered":"https:\/\/guialimeira.com.br\/celebridades-transformam-masters-of-magic-de-henry-e-klauss-em-programa-de-ferias\/"},"modified":"2026-07-28T13:09:03","modified_gmt":"2026-07-28T16:09:03","slug":"celebridades-transformam-masters-of-magic-de-henry-e-klauss-em-programa-de-ferias","status":"publish","type":"post","link":"https:\/\/guialimeira.com.br\/news\/celebridades-transformam-masters-of-magic-de-henry-e-klauss-em-programa-de-ferias\/","title":{"rendered":"Celebridades transformam \u201cMasters of Magic\u201d de Henry e Klauss em programa de f\u00e9rias"},"content":{"rendered":"<p><em>Espet\u00e1culo dos maiores ilusionistas da Am\u00e9rica Latina j\u00e1 soma mais de 50 sess\u00f5es lotadas no Teatro Vila Lobos, temporada vai at\u00e9 20 de setembro<\/em><\/p>\n<p>O Teatro Vila Lobos, no Shopping Vila Lobos, em S\u00e3o Paulo, virou destino de divers\u00e3o das f\u00e9rias. O novo show dos maiores ilusionistas da Am\u00e9rica Latina, Henry e Klauss, \u201cMasters of Magic\u201d, j\u00e1 passa de 50 sess\u00f5es com o teatro lotado e continua atraindo p\u00fablico de todas as idades.<\/p>\n<p>Al\u00e9m das fam\u00edlias, a temporada tem recebido um time de celebridades para assistir ao espet\u00e1culo: Fernanda Lima (acompanha da filha), Marina Sena, Juliano Floss (com os sobrinhos), Lucas Cunha, Rafael Cortez, Mih Tanino, Thiago Arancam, Ellen Roche, Hel\u00f4 Pinheiro, Sabina Simonato, Renata Kuerten e Christian Figueiredo (com os filhos).<\/p>\n<p>A temporada segue no Teatro Vila Lobos at\u00e9 20 de setembro. Ingressos e hor\u00e1rios est\u00e3o dispon\u00edveis nos canais oficiais de Henry e Klauss.<\/p>\n<\/p>\n<p><\/p>\n","protected":false},"excerpt":{"rendered":"<p>Espet\u00e1culo dos maiores ilusionistas da Am\u00e9rica Latina j\u00e1 soma mais de 50 sess\u00f5es lotadas no Teatro Vila Lobos, temporada vai at\u00e9 20 de setembro O Teatro Vila Lobos, no Shopping Vila Lobos, em S\u00e3o Paulo, virou destino de divers\u00e3o das f\u00e9rias. O novo show dos maiores ilusionistas da Am\u00e9rica Latina, Henry e Klauss, \u201cMasters of [\u2026]<\/p>\n","protected":false},"author":5,"featured_media":0,"comment_status":"","ping_status":"open","sticky":false,"template":"","format":"standard","meta":{"_jetpack_newsletter_access":"","_jetpack_dont_email_post_to_subs":false,"_jetpack_newsletter_tier_id":0,"_jetpack_memberships_contains_paywalled_content":false,"_mbp_banners":[],"_jetpack_feature_clip_id":0,"_jetpack_memberships_contains_paid_content":false,"footnotes":"","jetpack_publicize_message":"","jetpack_publicize_feature_enabled":true,"jetpack_social_post_already_shared":true,"jetpack_social_options":{"image_generator_settings":{"template":"highway","default_image_id":0,"font":"","enabled":false},"version":2},"jetpack_post_was_ever_published":false},"categories":[],"tags":[],"class_list":["post-73219","post","type-post","status-publish","format-standard"],"jetpack_publicize_connections":[],"jetpack-related-posts":[],"jetpack_shortlink":"https:\/\/wp.me\/p7Eq1F-j2X","jetpack_sharing_enabled":true,"jetpack_featured_media_url":"","_links":{"self":[{"href":"https:\/\/guialimeira.com.br\/news\/wp-json\/wp\/v2\/posts\/73219","targetHints":{"allow":["GET"]}}],"collection":[{"href":"https:\/\/guialimeira.com.br\/news\/wp-json\/wp\/v2\/posts"}],"about":[{"href":"https:\/\/guialimeira.com.br\/news\/wp-json\/wp\/v2\/types\/post"}],"author":[{"embeddable":true,"href":"https:\/\/guialimeira.com.br\/news\/wp-json\/wp\/v2\/users\/5"}],"replies":[{"embeddable":true,"href":"https:\/\/guialimeira.com.br\/news\/wp-json\/wp\/v2\/comments?post=73219"}],"version-history":[{"count":0,"href":"https:\/\/guialimeira.com.br\/news\/wp-json\/wp\/v2\/posts\/73219\/revisions"}],"wp:attachment":[{"href":"https:\/\/guialimeira.com.br\/news\/wp-json\/wp\/v2\/media?parent=73219"}],"wp:term":[{"taxonomy":"category","embeddable":true,"href":"https:\/\/guialimeira.com.br\/news\/wp-json\/wp\/v2\/categories?post=73219"},{"taxonomy":"post_tag","embeddable":true,"href":"https:\/\/guialimeira.com.br\/news\/wp-json\/wp\/v2\/tags?post=73219"}],"curies":[{"name":"wp","href":"https:\/\/api.w.org\/{rel}","templated":true}]}}